{"id":37156,"date":"2022-01-18T12:46:32","date_gmt":"2022-01-18T12:46:32","guid":{"rendered":"https:\/\/www.ipleiria.pt\/en\/?p=37156"},"modified":"2023-01-25T13:01:59","modified_gmt":"2023-01-25T13:01:59","slug":"erasmus-applications-until-february-11","status":"publish","type":"post","link":"https:\/\/www.ipleiria.pt\/en\/erasmus-applications-until-february-11\/","title":{"rendered":"ERASMUS+ APPLICATIONS"},"content":{"rendered":"\n<p class=\"is-style-theme-subtitle\">ERASMUS+<\/p>\n\n\n\n<p class=\"is-style-theme-title\">International mobility: Applications until February 11th, 2022<\/p>\n\n\n\n<div style=\"height:20px\" aria-hidden=\"true\" class=\"wp-block-spacer\"><\/div>\n\n\n\n<div class=\"wp-container-3 wp-block-columns\">\n<div class=\"wp-container-1 wp-block-column\">\n<p class=\"is-style-theme-default-title\">Encontra-se aberto, <strong>at\u00e9 ao dia 11 de fevereiro de 2022,<\/strong> o per\u00edodo de candidaturas ao <strong>programa de mobilidade Erasmus+ para estudantes<\/strong> de licenciatura e de mestrado, que desta forma poder\u00e3o beneficiar de uma <strong>experi\u00eancia internacional<\/strong>, realizando um per\u00edodo de estudos numa institui\u00e7\u00e3o de ensino superior da Uni\u00e3o Europeia.<\/p>\n\n\n\n<p class=\"is-style-theme-default-title\">A mobilidade para estudos prev\u00ea a atribui\u00e7\u00e3o de uma bolsa e a possibilidade de realizar a mobilidade no <strong>1.\u00ba ou no 2.\u00ba semestre do ano acad\u00e9mico 2022\/2023.<\/strong><\/p>\n\n\n\n<p class=\"is-style-theme-default-title\">Esta \u00e9 uma oportunidade \u00fanica para melhorar as <strong>compet\u00eancias lingu\u00edsticas<\/strong>, conhecer <strong>novas culturas<\/strong> e revela-se como uma mais-valia para o <strong>desenvolvimento pessoal<\/strong> e para o <strong>curr\u00edculo<\/strong>, uma vez que estas experi\u00eancias fora de portas s\u00e3o muito valorizadas no <strong>mundo profissional<\/strong>.<\/p>\n\n\n\n<p class=\"is-style-theme-default-title\">Descobre<strong> <a href=\"https:\/\/www.ipleiria.pt\/viver\/mobilidade-internacional\/estudos\/\">tudo sobre o programa<\/a><\/strong>, e fica a conhecer <a href=\"https:\/\/www.ipleiria.pt\/wp-content\/uploads\/2020\/05\/Acordos-Bilaterais-Erasmus-SMS.pdf\">os locais de destino<\/a>.<\/p>\n\n\n\n<p class=\"is-style-theme-default-title has-medium-font-size\"><strong>N\u00e3o hesites, candidata-te!<\/strong><\/p>\n<\/div>\n\n\n\n<div class=\"wp-container-2 wp-block-column\">\n<p class=\"is-style-theme-default-title\">\u00bb\u00bb <strong><a rel=\"noreferrer noopener\" href=\"https:\/\/intranet.ipleiria.pt\/catalogo\/entidades\/GMCI\/categorias\/73a0eb86c0fc42b28bdbb356072eeedb\/servicos\/607f6dda3233435c94923446955785db\" data-type=\"URL\" data-id=\"https:\/\/intranet.ipleiria.pt\/catalogo\/entidades\/GMCI\/categorias\/73a0eb86c0fc42b28bdbb356072eeedb\/servicos\/607f6dda3233435c94923446955785db\" target=\"_blank\">Sumiss\u00e3o de Candidatura Online<\/a><\/strong> <\/p>\n\n\n\n<p class=\"is-style-theme-default-title has-medium-font-size\"><strong>MAIS INFORMA\u00c7\u00d5ES<\/strong>: <a href=\"mailto:gmci@ipleiria.pt\">gmci@ipleiria.pt<\/a><\/p>\n\n\n\n<p class=\"is-style-theme-default-title\"><strong>Nota:<em> <\/em><\/strong><em>Poder\u00e1s contactar diretamente o <u>Gabinete Internacional da tua Escola<\/u> e obter aconselhamento e informa\u00e7\u00f5es mais detalhadas sobre o funcionamento do Programa Erasmus+.<\/em><\/p>\n\n\n\n<p class=\"is-style-theme-default-title\">\u00bb <strong><a rel=\"noreferrer noopener\" href=\"https:\/\/www.ipleiria.pt\/esecs\/\" data-type=\"URL\" data-id=\"https:\/\/www.ipleiria.pt\/esecs\/\" target=\"_blank\">ESECS<\/a>:<\/strong> <a href=\"mailto:internacional.esecs@ipleiria.pt\">internacional.esecs@ipleiria.pt<\/a><br>\u00bb <strong><a rel=\"noreferrer noopener\" href=\"https:\/\/www.ipleiria.pt\/estg\/\" data-type=\"URL\" data-id=\"https:\/\/www.ipleiria.pt\/estg\/\" target=\"_blank\">ESTG<\/a>:<\/strong> <a href=\"mailto:internacional.estg@ipleiria.pt\">internacional.estg@ipleiria.pt<\/a><br>\u00bb <strong><a rel=\"noreferrer noopener\" href=\"https:\/\/www.ipleiria.pt\/esadcr\/\" data-type=\"URL\" data-id=\"https:\/\/www.ipleiria.pt\/esadcr\/\" target=\"_blank\">ESAD.CR<\/a>:<\/strong> <a href=\"mailto:gamci.esad@ipleiria.pt\">gamci.esad@ipleiria.pt<\/a><br>\u00bb <strong><a rel=\"noreferrer noopener\" href=\"https:\/\/www.ipleiria.pt\/estm\/\" data-type=\"URL\" data-id=\"https:\/\/www.ipleiria.pt\/estm\/\" target=\"_blank\">ESTM<\/a>:<\/strong> <a href=\"mailto:internationaloffice.estm@ipleiria.pt\">internationaloffice.estm@ipleiria.pt<\/a><br>\u00bb <strong><a rel=\"noreferrer noopener\" href=\"https:\/\/www.ipleiria.pt\/esslei\/\" data-type=\"URL\" data-id=\"https:\/\/www.ipleiria.pt\/esslei\/\" target=\"_blank\">ESSLEI<\/a>:<\/strong> <a href=\"mailto:internacional.esslei@ipleiria.pt\">internacional.esslei@ipleiria.pt<\/a><\/p>\n<\/div>\n<\/div>\n\n\n\n<hr class=\"wp-block-separator\"\/>\n\n\n\n<p class=\"is-style-theme-default-title\">|EN<\/p>\n\n\n\n<p class=\"is-style-theme-default-title\"><strong>ERASMUS+ APPLICATIONS<\/strong>: <strong><em>Applications until 11<sup>th<\/sup> February<\/em><\/strong><br>INTERNATIONAL MOBILITY FOR STUDIES &#8211; ACADEMIC YEAR 2022\/2023<\/p>\n\n\n\n<p class=\"is-style-theme-default-title\">The application period for the Erasmus + mobility program for <strong>undergraduate and master students<\/strong> is open until the <strong>11<sup>th<\/sup> February 2022<\/strong>. Students can benefit from an international experience by taking a period of study at a higher education institution in the European Union.<\/p>\n\n\n\n<p class=\"is-style-theme-default-title\">The mobility for studies includes a grant, depending on the chosen country for the Exchange programme, whether it is in the <strong>1<sup>st<\/sup> or 2<sup>nd<\/sup> semester<\/strong> <strong>of the academic year 2022\/2023<\/strong>.<\/p>\n\n\n\n<p class=\"is-style-theme-default-title\">This is a unique opportunity to improve &nbsp;<strong>language skills<\/strong>, get to know <strong>new cultures<\/strong> and it proves to be an asset for <strong>personal development<\/strong> and for the <strong><em>curriculum<\/em><\/strong>, since these \u2018out-of-doors\u2019 experiences are highly valued in the <strong>professional world<\/strong>.<\/p>\n\n\n\n<p class=\"is-style-theme-default-title\">Find out more information about the <a href=\"https:\/\/www.ipleiria.pt\/wp-content\/uploads\/2020\/05\/Acordos-Bilaterais-Erasmus-SMS.pdf\">universities abroad<\/a> and important <a href=\"https:\/\/www.ipleiria.pt\/viver\/mobilidade-internacional\/estudos\/\">information about Erasmus Mobility<\/a>!<\/p>\n\n\n\n<p class=\"is-style-theme-default-title\">Don&#8217;t hesitate, <a href=\"https:\/\/intranet.ipleiria.pt\/catalogo\/entidades\/GMCI\/categorias\/73a0eb86c0fc42b28bdbb356072eeedb\/servicos\/607f6dda3233435c94923446955785db\"><strong>apply for Erasmus+<\/strong>!<\/a><\/p>\n\n\n\n<p class=\"is-style-theme-default-title\"><strong>+ INFO:<\/strong> <a href=\"mailto:gmci@ipleiria.pt\">gmci@ipleiria.pt<\/a><\/p>\n\n\n\n<p class=\"is-style-theme-default-title\"><strong><em>Note: You should contact your <u>School&#8217;s International Office <\/u>to obtain more detailed information on how the Erasmus+ Programme works.<\/em><\/strong><\/p>\n\n\n\n<p class=\"is-style-theme-default-title\">\u00bb <strong><a rel=\"noreferrer noopener\" href=\"https:\/\/www.ipleiria.pt\/esecs\/\" target=\"_blank\">ESECS<\/a>:<\/strong><a href=\"mailto:internacional.esecs@ipleiria.pt\"> internacional.esecs@ipleiria.pt<\/a><br>\u00bb <strong><a rel=\"noreferrer noopener\" href=\"https:\/\/www.ipleiria.pt\/estg\/\" target=\"_blank\">ESTG<\/a>:<\/strong><a href=\"mailto:internacional.estg@ipleiria.pt\"> internacional.estg@ipleiria.pt<\/a><br>\u00bb <strong><a rel=\"noreferrer noopener\" href=\"https:\/\/www.ipleiria.pt\/esadcr\/\" target=\"_blank\">ESAD.CR<\/a>:<\/strong><a href=\"mailto:gamci.esad@ipleiria.pt\"> gamci.esad@ipleiria.pt<\/a><br>\u00bb <strong><a rel=\"noreferrer noopener\" href=\"https:\/\/www.ipleiria.pt\/estm\/\" target=\"_blank\">ESTM<\/a>:<\/strong><a href=\"mailto:internationaloffice.estm@ipleiria.pt\"> internationaloffice.estm@ipleiria.pt<\/a><br>\u00bb <strong><a rel=\"noreferrer noopener\" href=\"https:\/\/www.ipleiria.pt\/esslei\/\" target=\"_blank\">ESSLEI<\/a> :<\/strong><a href=\"mailto:internacional.esslei@ipleiria.pt\">internacional.esslei@ipleiria.pt<\/a><\/p>\n","protected":false},"excerpt":{"rendered":"ERASMUS+ International mobility: Applications until February 11th, 2022 Encontra-se aberto, at\u00e9 ao dia 11 de fevereiro de 2022, o per\u00edodo de candidaturas ao programa de mobilidade Erasmus+ para estudantes de licenciatura e de mestrado, que desta forma poder\u00e3o beneficiar de uma experi\u00eancia internacional, realizando um per\u00edodo de estudos numa institui\u00e7\u00e3o de ensino superior da Uni\u00e3o [&hellip;]","protected":false},"author":25,"featured_media":0,"comment_status":"closed","ping_status":"closed","sticky":false,"template":"","format":"standard","meta":{"multilingual_post_translation":"","custompostfields_banners":"37161","custompostfields_meta-description":"","custompostfields_front-page-gallery-thumbnails":"37162"},"categories":[2],"tags":[],"_links":{"self":[{"href":"https:\/\/www.ipleiria.pt\/en\/wp-json\/wp\/v2\/posts\/37156"}],"collection":[{"href":"https:\/\/www.ipleiria.pt\/en\/wp-json\/wp\/v2\/posts"}],"about":[{"href":"https:\/\/www.ipleiria.pt\/en\/wp-json\/wp\/v2\/types\/post"}],"author":[{"embeddable":true,"href":"https:\/\/www.ipleiria.pt\/en\/wp-json\/wp\/v2\/users\/25"}],"replies":[{"embeddable":true,"href":"https:\/\/www.ipleiria.pt\/en\/wp-json\/wp\/v2\/comments?post=37156"}],"version-history":[{"count":6,"href":"https:\/\/www.ipleiria.pt\/en\/wp-json\/wp\/v2\/posts\/37156\/revisions"}],"predecessor-version":[{"id":44052,"href":"https:\/\/www.ipleiria.pt\/en\/wp-json\/wp\/v2\/posts\/37156\/revisions\/44052"}],"wp:attachment":[{"href":"https:\/\/www.ipleiria.pt\/en\/wp-json\/wp\/v2\/media?parent=37156"}],"wp:term":[{"taxonomy":"category","embeddable":true,"href":"https:\/\/www.ipleiria.pt\/en\/wp-json\/wp\/v2\/categories?post=37156"},{"taxonomy":"post_tag","embeddable":true,"href":"https:\/\/www.ipleiria.pt\/en\/wp-json\/wp\/v2\/tags?post=37156"}],"curies":[{"name":"wp","href":"https:\/\/api.w.org\/{rel}","templated":true}]}}