{"id":43927,"date":"2022-11-07T11:57:24","date_gmt":"2022-11-07T11:57:24","guid":{"rendered":"https:\/\/www.ipleiria.pt\/en\/?p=43927"},"modified":"2022-11-07T11:57:24","modified_gmt":"2022-11-07T11:57:24","slug":"recommendation-health-and-well-being-of-the-academic-community","status":"publish","type":"post","link":"https:\/\/www.ipleiria.pt\/en\/recommendation-health-and-well-being-of-the-academic-community\/","title":{"rendered":"RECOMMENDATION &#8211; HEALTH AND WELL-BEING OF THE ACADEMIC COMMUNITY"},"content":{"rendered":"\n<p class=\"is-style-theme-title\">Recommendation No. 1\/2022<\/p>\n\n\n\n<p class=\"is-style-theme-title\">Health and Well-Being of the Academic Community<\/p>\n\n\n\n<p class=\"is-style-theme-title\"><\/p>\n\n\n\n<div style=\"height:20px\" aria-hidden=\"true\" class=\"wp-block-spacer\"><\/div>\n\n\n\n<p class=\"is-style-theme-default-title\">At the meeting of the Council of Ministers, on September 29, 2022, it was determined not to extend the alert situation in mainland Portugal, within the scope of Covid-19.<\/p>\n\n\n\n<p class=\"is-style-theme-default-title\">However, considering the data from the&nbsp;<a href=\"https:\/\/www.insa.min-saude.pt\/relatorio-de-monitorizacao-da-situacao-epidemiologica-da-covid-19-19-10-2022\/\"><strong>Monitoring Report on the Epidemiological Situation of Covid-19<\/strong><\/a>, of October 19, 2022 (DGS, 2022, p.1), it appears that, although the number of hospitalizations and mortality by Covid-19 show a stabilization, \u201ctransmissibility is considered to be increasing given the rise in R(t) observed in recent days\u201d.<\/p>\n\n\n\n<p class=\"is-style-theme-default-title\">It is everyone\u2019s responsibility to adopt behaviors that minimize the risk of transmission of the virus. However, seeking to safeguard the health and well-being of the entire academic community, it is recommended:<\/p>\n\n\n\n<p class=\"is-style-theme-default-title\">\u2022&nbsp;<strong>Get vaccinated&nbsp;<\/strong>against Covid-19, unless medically recommended otherwise;<br>\u2022&nbsp;<strong>Wash and\/or disinfect hands frequently<\/strong>&nbsp;to ensure the maintenance and promotion of good hygiene practices;<br>\u2022&nbsp;<strong>Adopt respiratory etiquette<\/strong>&nbsp;when coughing or sneezing: cover your nose and mouth with a tissue or your arm and then throw the tissue in the trash and wash your hands;<br>\u2022 Whenever the risk of disease transmission is increased (examples: coughing, sneezing, runny nose),&nbsp;<strong>use a face mask<\/strong>;<br>\u2022&nbsp;<strong>Physical distance for the most vulnerable people<\/strong>&nbsp;and for people not vaccinated with the complete vaccination scheme;<br>\u2022&nbsp;<strong>Keep spaces ventilated<\/strong>, preferably through natural ventilation, opening doors and\/or windows;<br>\u2022&nbsp;<strong>Ensure regular cleaning and disinfection of surfaces<\/strong>, especially those that are frequently touched;<br>\u2022 I<strong>n case of symptoms suggestive of Covid-19, contact the National Healthcare Line (SNS 24) \u2013 808 24 24 24<\/strong>&nbsp;\u2013 or, in a complementary way, contact an Healthcare Center or the particular medical services that you usually resort to;<br>\u2022 Looking ahead to the coming months, with the beginning of the autumn and winter seasons, it is suggested, as a good practice, that the Boards of the different organic units of the Polytechnic Institute of Leiria, have the&nbsp;<strong>contingency plan continuously updated<\/strong>, in order to provide response to a possible unfavorable evolution of the Epidemiological Situation of Covid-19, in order to minimize the transmissibility of the SARS-CoV-2 virus.<\/p>\n\n\n\n<p class=\"is-style-theme-default-title\">Leiria, October 20, 2022.<\/p>\n\n\n\n<p class=\"is-style-theme-default-title\"><strong>The Management Council<\/strong><\/p>\n\n\n\n<p class=\"is-style-theme-default-title\"><em>The President<\/em><br>Carlos Manuel da Silva Rabad\u00e3o<\/p>\n\n\n\n<p class=\"is-style-theme-default-title\"><em>The Vice-President<\/em><br>Pedro Ant\u00f3nio Amado de Assun\u00e7\u00e3o<\/p>\n\n\n\n<p class=\"is-style-theme-default-title\"><em>The Vice-President<\/em><br>Maria da Gra\u00e7a Lopes da Silva Mouga Po\u00e7as Santos<\/p>\n\n\n\n<p class=\"is-style-theme-default-title\"><em>The Vice-President<\/em><br>Jos\u00e9 Manuel Couceiro Barosa Correia Frade<\/p>\n\n\n\n<p class=\"is-style-theme-default-title\"><em>The Administrator<\/em><br>Paula Marisa Lopes Gomes<\/p>\n","protected":false},"excerpt":{"rendered":"Recommendation No. 1\/2022 Health and Well-Being of the Academic Community At the meeting of the Council of Ministers, on September 29, 2022, it was determined not to extend the alert situation in mainland Portugal, within the scope of Covid-19. However, considering the data from the&nbsp;Monitoring Report on the Epidemiological Situation of Covid-19, of October 19, [&hellip;]","protected":false},"author":9,"featured_media":0,"comment_status":"closed","ping_status":"closed","sticky":true,"template":"","format":"standard","meta":{"multilingual_post_translation":"","custompostfields_banners":"","custompostfields_meta-description":"","custompostfields_front-page-gallery-thumbnails":""},"categories":[3],"tags":[],"_links":{"self":[{"href":"https:\/\/www.ipleiria.pt\/en\/wp-json\/wp\/v2\/posts\/43927"}],"collection":[{"href":"https:\/\/www.ipleiria.pt\/en\/wp-json\/wp\/v2\/posts"}],"about":[{"href":"https:\/\/www.ipleiria.pt\/en\/wp-json\/wp\/v2\/types\/post"}],"author":[{"embeddable":true,"href":"https:\/\/www.ipleiria.pt\/en\/wp-json\/wp\/v2\/users\/9"}],"replies":[{"embeddable":true,"href":"https:\/\/www.ipleiria.pt\/en\/wp-json\/wp\/v2\/comments?post=43927"}],"version-history":[{"count":2,"href":"https:\/\/www.ipleiria.pt\/en\/wp-json\/wp\/v2\/posts\/43927\/revisions"}],"predecessor-version":[{"id":43929,"href":"https:\/\/www.ipleiria.pt\/en\/wp-json\/wp\/v2\/posts\/43927\/revisions\/43929"}],"wp:attachment":[{"href":"https:\/\/www.ipleiria.pt\/en\/wp-json\/wp\/v2\/media?parent=43927"}],"wp:term":[{"taxonomy":"category","embeddable":true,"href":"https:\/\/www.ipleiria.pt\/en\/wp-json\/wp\/v2\/categories?post=43927"},{"taxonomy":"post_tag","embeddable":true,"href":"https:\/\/www.ipleiria.pt\/en\/wp-json\/wp\/v2\/tags?post=43927"}],"curies":[{"name":"wp","href":"https:\/\/api.w.org\/{rel}","templated":true}]}}