{"id":45199,"date":"2023-10-02T19:43:26","date_gmt":"2023-10-02T18:43:26","guid":{"rendered":"https:\/\/www.ipleiria.pt\/en\/?p=45199"},"modified":"2023-10-02T19:56:22","modified_gmt":"2023-10-02T18:56:22","slug":"recommendation-health-and-well-being-of-the-academic-community-covid-19","status":"publish","type":"post","link":"https:\/\/www.ipleiria.pt\/en\/recommendation-health-and-well-being-of-the-academic-community-covid-19\/","title":{"rendered":"RECOMMENDATION: HEALTH AND WELL-BEING OF THE ACADEMIC COMMUNITY (COVID-19)"},"content":{"rendered":"\n<p class=\"is-style-theme-title\">Recommendation No. 1\/2023<br>Health and Wellbeing of the Academic Community<\/p>\n\n\n\n<p class=\"is-style-theme-title\"><\/p>\n\n\n\n<div style=\"height:20px\" aria-hidden=\"true\" class=\"wp-block-spacer\"><\/div>\n\n\n\n<p class=\"is-style-theme-default-title\"><strong>Covid-19 cases are once again increasing in Europe<\/strong>, with the World Health Organization warning of the worsening of hospitalizations across Europe, due to a resurgence of infections due to SARS-CoV-2 variants. In Portugal, from the second half of August onwards, there was also a significant increase in cases.<\/p>\n\n\n\n<p class=\"is-style-theme-default-title\">In this sense, the Management Council, meeting in an extended session, on September 19, 2023, approved the following <strong>recommendation to the academic community <\/strong>of the Polytechnic Institute of Leiria.<\/p>\n\n\n\n<p class=\"is-style-theme-default-title\">It is everyone&#8217;s responsibility to <strong>adopt behaviours that minimize the risk<\/strong> of transmitting the virus.<\/p>\n\n\n\n<p class=\"is-style-theme-default-title\">However, seeking to safeguard the health and well-being of the entire academic community of the Polytechnic Institute of Leiria, it is recommended:<\/p>\n\n\n\n<p class=\"is-style-theme-default-title\">\u2022 <strong>Get vaccinated <\/strong>against COVID-19, unless otherwise recommended by your doctor;<br>\u2022 <strong>Wash and\/or disinfect your hands frequently <\/strong>to ensure the maintenance and promotion of good hygiene practices;<br>\u2022 <strong>Adopt respiratory etiquette<\/strong> when coughing or sneezing: cover your nose and mouth with a tissue or your arm and then throw the tissue in the trash and wash your hands;<br>\u2022 Whenever the risk of disease transmission is increased (example: presence of coughing, sneezing, runny nose), <strong>wear a face mask<\/strong>;<br>\u2022 <strong>Physical distancing for the most vulnerable people<\/strong> and for people not vaccinated with the full vaccination schedule;<br>\u2022 <strong>Keep spaces ventilated<\/strong>, preferably through natural ventilation;<br>\u2022 <strong>Ensure regular cleaning and disinfection of surfaces<\/strong>, especially those that are frequently touched;<br>\u2022 <strong>In case of suggestive symptoms of COVID-19, contact the National Healthcare Line 24 \u2013 808 24 24 24<\/strong> \u2013 or, in a complementary way, contact a Healthcare Center or the particular medical services that you usually resort to;<br>\u2022 Looking ahead to the coming months, with the arrival of the autumn and winter seasons, it is suggested, as a good practice, that the Boards of the different organic units of the Polytechnic Institute of Leiria, have the<strong> contingency plan continually updated<\/strong>, in order to respond to a possible unfavourable evolution of the Epidemiological Situation of COVID-19, with a view to minimizing the transmissibility of the SARS-CoV-2 virus.<\/p>\n\n\n\n<div style=\"height:15px\" aria-hidden=\"true\" class=\"wp-block-spacer\"><\/div>\n\n\n\n<p class=\"is-style-theme-default-title\"><strong>The Management Council<\/strong><\/p>\n\n\n\n<p class=\"is-style-theme-default-title\">The President<br>Carlos Manuel da Silva Rabad\u00e3o<\/p>\n\n\n\n<p class=\"is-style-theme-default-title\">The Vice-President<br>Pedro Ant\u00f3nio Amado de Assun\u00e7\u00e3o<\/p>\n\n\n\n<p class=\"is-style-theme-default-title\">The Vice-President<br>Maria da Gra\u00e7a Lopes da Silva Mouga Po\u00e7as Santos<\/p>\n\n\n\n<p class=\"is-style-theme-default-title\">The Vice-President<br>Jos\u00e9 Manuel Couceiro Barosa Correia Frade<\/p>\n","protected":false},"excerpt":{"rendered":"Recommendation No. 1\/2023Health and Wellbeing of the Academic Community Covid-19 cases are once again increasing in Europe, with the World Health Organization warning of the worsening of hospitalizations across Europe, due to a resurgence of infections due to SARS-CoV-2 variants. In Portugal, from the second half of August onwards, there was also a significant increase [&hellip;]","protected":false},"author":9,"featured_media":0,"comment_status":"closed","ping_status":"closed","sticky":true,"template":"","format":"standard","meta":{"multilingual_post_translation":"","custompostfields_banners":"","custompostfields_meta-description":"","custompostfields_front-page-gallery-thumbnails":""},"categories":[3],"tags":[],"_links":{"self":[{"href":"https:\/\/www.ipleiria.pt\/en\/wp-json\/wp\/v2\/posts\/45199"}],"collection":[{"href":"https:\/\/www.ipleiria.pt\/en\/wp-json\/wp\/v2\/posts"}],"about":[{"href":"https:\/\/www.ipleiria.pt\/en\/wp-json\/wp\/v2\/types\/post"}],"author":[{"embeddable":true,"href":"https:\/\/www.ipleiria.pt\/en\/wp-json\/wp\/v2\/users\/9"}],"replies":[{"embeddable":true,"href":"https:\/\/www.ipleiria.pt\/en\/wp-json\/wp\/v2\/comments?post=45199"}],"version-history":[{"count":2,"href":"https:\/\/www.ipleiria.pt\/en\/wp-json\/wp\/v2\/posts\/45199\/revisions"}],"predecessor-version":[{"id":45202,"href":"https:\/\/www.ipleiria.pt\/en\/wp-json\/wp\/v2\/posts\/45199\/revisions\/45202"}],"wp:attachment":[{"href":"https:\/\/www.ipleiria.pt\/en\/wp-json\/wp\/v2\/media?parent=45199"}],"wp:term":[{"taxonomy":"category","embeddable":true,"href":"https:\/\/www.ipleiria.pt\/en\/wp-json\/wp\/v2\/categories?post=45199"},{"taxonomy":"post_tag","embeddable":true,"href":"https:\/\/www.ipleiria.pt\/en\/wp-json\/wp\/v2\/tags?post=45199"}],"curies":[{"name":"wp","href":"https:\/\/api.w.org\/{rel}","templated":true}]}}