{"id":16267,"date":"2024-11-20T16:44:31","date_gmt":"2024-11-20T16:44:31","guid":{"rendered":"https:\/\/www.ipleiria.pt\/esadcr-en\/?p=16267"},"modified":"2025-02-11T19:12:29","modified_gmt":"2025-02-11T19:12:29","slug":"open-class-antonio-julio-duarte-2","status":"publish","type":"post","link":"https:\/\/www.ipleiria.pt\/esadcr-en\/2024\/11\/20\/open-class-antonio-julio-duarte-2\/","title":{"rendered":"Open Class &#8211; Ant\u00f3nio J\u00falio Duarte"},"content":{"rendered":"\n<div class=\"wp-container-3 wp-block-columns\">\n<div class=\"wp-container-1 wp-block-column\">\n<div style=\"height:37px\" aria-hidden=\"true\" class=\"wp-block-spacer\"><\/div>\n\n\n\n<figure class=\"wp-block-image size-full\"><img loading=\"lazy\" width=\"720\" height=\"963\" src=\"https:\/\/www.ipleiria.pt\/esadcr-en\/wp-content\/uploads\/sites\/22\/2024\/11\/23_03_MASI_Anto\u0301nio_Ju\u0301lio_Duarte_IMAG-ESAD.jpg\" alt=\"\" class=\"wp-image-16268\" srcset=\"https:\/\/www.ipleiria.pt\/esadcr-en\/wp-content\/uploads\/sites\/22\/2024\/11\/23_03_MASI_Anto\u0301nio_Ju\u0301lio_Duarte_IMAG-ESAD.jpg 720w, https:\/\/www.ipleiria.pt\/esadcr-en\/wp-content\/uploads\/sites\/22\/2024\/11\/23_03_MASI_Anto\u0301nio_Ju\u0301lio_Duarte_IMAG-ESAD-224x300.jpg 224w, https:\/\/www.ipleiria.pt\/esadcr-en\/wp-content\/uploads\/sites\/22\/2024\/11\/23_03_MASI_Anto\u0301nio_Ju\u0301lio_Duarte_IMAG-ESAD-112x150.jpg 112w, https:\/\/www.ipleiria.pt\/esadcr-en\/wp-content\/uploads\/sites\/22\/2024\/11\/23_03_MASI_Anto\u0301nio_Ju\u0301lio_Duarte_IMAG-ESAD-191x255.jpg 191w, https:\/\/www.ipleiria.pt\/esadcr-en\/wp-content\/uploads\/sites\/22\/2024\/11\/23_03_MASI_Anto\u0301nio_Ju\u0301lio_Duarte_IMAG-ESAD-292x390.jpg 292w, https:\/\/www.ipleiria.pt\/esadcr-en\/wp-content\/uploads\/sites\/22\/2024\/11\/23_03_MASI_Anto\u0301nio_Ju\u0301lio_Duarte_IMAG-ESAD-404x540.jpg 404w, https:\/\/www.ipleiria.pt\/esadcr-en\/wp-content\/uploads\/sites\/22\/2024\/11\/23_03_MASI_Anto\u0301nio_Ju\u0301lio_Duarte_IMAG-ESAD-206x275.jpg 206w, https:\/\/www.ipleiria.pt\/esadcr-en\/wp-content\/uploads\/sites\/22\/2024\/11\/23_03_MASI_Anto\u0301nio_Ju\u0301lio_Duarte_IMAG-ESAD-146x195.jpg 146w\" sizes=\"(max-width: 720px) 100vw, 720px\" \/><\/figure>\n<\/div>\n\n\n\n<div class=\"wp-container-2 wp-block-column\">\n<h2><em>Ant\u00f3nio J\u00falio Duarte<\/em><\/h2>\n\n\n\n<h4><strong>OPEN CLASS<\/strong><br>NOVEMBER 28TH OF 2024, 9.30AM<br>ROOM 18 OF EP2 \u2013 ESAD.CR<\/h4>\n\n\n\n<p>Presentation of personal work and career, and reading of ongoing individual projects by students from the The Photographic Function class.<\/p>\n\n\n\n<p>ANT\u00d3NIO J\u00daLIO DUARTE (Lisbon, 1965) lives and works in Lisbon.<\/p>\n\n\n\n<p>In his words: \u201cI photograph busy cities and troubled people, trapped creatures and unlikely things. They are my map of the world. I am attracted to them, moved by the sympathy and restlessness we share. I get to know these restless beings in their trivial tasks and daily dispositions, I sense in them and try to capture the vital tension that is the universal desire for life and meaning.\u201d<br>His work has been exhibited regularly, in Portugal and abroad, since 1990, providing one of the most unique and consistent voices in the understanding of photography today.The following solo exhibitions stand out: Guin\u00e9-Bissau 1990 (Galeria Bruno Murias, Lisbon, 2023), FEBRE (Museu de Arte Contempor\u00e2nea \u2013 Funda\u00e7\u00e3o de Serralves, Porto, 2023), CREATURE (O Arm\u00e1rio, Lisbon, 2021), Eclipse (Galeria Bruno M\u00farias, Lisbon, 2020), White Noise (Quartel da Arte Contempor\u00e2nea de Abrantes, Cole\u00e7\u00e3o Figueiredo Ribeiro, Abrantes, 2017), Am\u00e9rica (Galeria Pedro Alfacinha, Lisbon, 2017), Suspension of Disbelief (CAV, Coimbra, 2016), Merc\u00fario (Galeria Z\u00e9 dos Bois, Lisbon, 2015) and Jap\u00e3o 1997 (Centro Cultural Vila Flor, Guimar\u00e3es, 2013). He is the author of several books, among others: Guinea-Bissau 1990 (2023), Against the Day (2019), Japan Drug (2014), Deviation of the Sun (2013) and White Noise (2011), published by Pierre von Kleist Editions . His work is included in collections such as: National Photography Collection \/ C.P.F.; Calouste Gulbenkian Foundation Modern Art Center; Mus\u00e9e de la Photographie, Charleroi, Belgium; Serralves Foundation Collection; State Contemporary Art Collection (CACE); Lisbon Municipal Photographic Archive; EGEACCML Collection;Portuguese Communications Foundation; Encontros da Imagem \/ Museu da Imagem; Coimbra Photography Meetings \/ Visual Arts Center; Foundation and Museum of the East; P.L.M.J. Foundation; Carmona e Costa Foundation; Fundaci\u00f3 Foto Coletania; BES Art Collection; M\u00e1rio Teixeira da Silva Collection; Am\u00e9rico Marques Photography Collection; Lagos Cultural Center; Amorim Turismo Tr\u00f3ia; Madrid Photo Collection; EDP ??Foundation Art Collection; Jorge Gaspar Collection; Antonio Cachola Collection \u2013 MACE; Vila Flor Cultural Center; MACAM Collection \u2013 Armando Martins Museum of Contemporary Art, Rialto6 Collection and Figueiredo Ribeiro Collection \u2013 Abrantes Contemporary Art Barracks.<\/p>\n<\/div>\n<\/div>\n","protected":false},"excerpt":{"rendered":"November 28th, 2024","protected":false},"author":5,"featured_media":16269,"comment_status":"closed","ping_status":"closed","sticky":false,"template":"","format":"standard","meta":{"multilingual_post_translation":"{\"pt-PT\":{\"url\":\"https:\/\/www.ipleiria.pt\/esadcr\/2024\/11\/20\/aula-aberta-antonio-julio-duarte-2\/\",\"postID\":null,\"postTitle\":\"\",\"siteID\":17,\"customURL\":true,\"languageInfo\":{\"multilingual_site_api_url\":\"https:\/\/www.ipleiria.pt\/esadcr\/wp-json\/\",\"name\":\"Portugu\u00eas\",\"locale\":\"pt_PT\"}}}","custompostfields_homepage-title":"","custompostfields_banners":"","custompostfields_event-date":"2024-11-20","custompostfields_event-end-date":"2024-11-20","custompostfields_front-page-thumbnail":"","custompostfields_front-page-gallery-thumbnails":""},"categories":[59,20],"tags":[],"_links":{"self":[{"href":"https:\/\/www.ipleiria.pt\/esadcr-en\/wp-json\/wp\/v2\/posts\/16267"}],"collection":[{"href":"https:\/\/www.ipleiria.pt\/esadcr-en\/wp-json\/wp\/v2\/posts"}],"about":[{"href":"https:\/\/www.ipleiria.pt\/esadcr-en\/wp-json\/wp\/v2\/types\/post"}],"author":[{"embeddable":true,"href":"https:\/\/www.ipleiria.pt\/esadcr-en\/wp-json\/wp\/v2\/users\/5"}],"replies":[{"embeddable":true,"href":"https:\/\/www.ipleiria.pt\/esadcr-en\/wp-json\/wp\/v2\/comments?post=16267"}],"version-history":[{"count":6,"href":"https:\/\/www.ipleiria.pt\/esadcr-en\/wp-json\/wp\/v2\/posts\/16267\/revisions"}],"predecessor-version":[{"id":16689,"href":"https:\/\/www.ipleiria.pt\/esadcr-en\/wp-json\/wp\/v2\/posts\/16267\/revisions\/16689"}],"wp:featuredmedia":[{"embeddable":true,"href":"https:\/\/www.ipleiria.pt\/esadcr-en\/wp-json\/wp\/v2\/media\/16269"}],"wp:attachment":[{"href":"https:\/\/www.ipleiria.pt\/esadcr-en\/wp-json\/wp\/v2\/media?parent=16267"}],"wp:term":[{"taxonomy":"category","embeddable":true,"href":"https:\/\/www.ipleiria.pt\/esadcr-en\/wp-json\/wp\/v2\/categories?post=16267"},{"taxonomy":"post_tag","embeddable":true,"href":"https:\/\/www.ipleiria.pt\/esadcr-en\/wp-json\/wp\/v2\/tags?post=16267"}],"curies":[{"name":"wp","href":"https:\/\/api.w.org\/{rel}","templated":true}]}}