{"id":9053,"date":"2022-05-05T07:38:40","date_gmt":"2022-05-05T06:38:40","guid":{"rendered":"https:\/\/www.ipleiria.pt\/esadcr\/en\/?p=9053"},"modified":"2022-08-03T10:38:25","modified_gmt":"2022-08-03T09:38:25","slug":"open-class-luis-manuel-gaspar","status":"publish","type":"post","link":"https:\/\/www.ipleiria.pt\/esadcr-en\/2022\/05\/05\/open-class-luis-manuel-gaspar\/","title":{"rendered":"Open Class &#8211; Luis Manuel Gaspar"},"content":{"rendered":"\n<div class=\"wp-container-3 wp-block-columns\">\n<div class=\"wp-container-1 wp-block-column\">\n<div style=\"height:37px\" aria-hidden=\"true\" class=\"wp-block-spacer\"><\/div>\n\n\n\n<figure class=\"wp-block-image size-full\"><img loading=\"lazy\" width=\"720\" height=\"1008\" src=\"https:\/\/www.ipleiria.pt\/esadcr\/en\/wp-content\/uploads\/sites\/22\/2022\/05\/00-site-HOMEPAGE_AulAberta-Luis-Gaspar.jpg\" alt=\"\" class=\"wp-image-9054\" srcset=\"https:\/\/www.ipleiria.pt\/esadcr-en\/wp-content\/uploads\/sites\/22\/2022\/05\/00-site-HOMEPAGE_AulAberta-Luis-Gaspar.jpg 720w, https:\/\/www.ipleiria.pt\/esadcr-en\/wp-content\/uploads\/sites\/22\/2022\/05\/00-site-HOMEPAGE_AulAberta-Luis-Gaspar-214x300.jpg 214w, https:\/\/www.ipleiria.pt\/esadcr-en\/wp-content\/uploads\/sites\/22\/2022\/05\/00-site-HOMEPAGE_AulAberta-Luis-Gaspar-107x150.jpg 107w, https:\/\/www.ipleiria.pt\/esadcr-en\/wp-content\/uploads\/sites\/22\/2022\/05\/00-site-HOMEPAGE_AulAberta-Luis-Gaspar-182x255.jpg 182w, https:\/\/www.ipleiria.pt\/esadcr-en\/wp-content\/uploads\/sites\/22\/2022\/05\/00-site-HOMEPAGE_AulAberta-Luis-Gaspar-279x390.jpg 279w, https:\/\/www.ipleiria.pt\/esadcr-en\/wp-content\/uploads\/sites\/22\/2022\/05\/00-site-HOMEPAGE_AulAberta-Luis-Gaspar-386x540.jpg 386w, https:\/\/www.ipleiria.pt\/esadcr-en\/wp-content\/uploads\/sites\/22\/2022\/05\/00-site-HOMEPAGE_AulAberta-Luis-Gaspar-196x275.jpg 196w, https:\/\/www.ipleiria.pt\/esadcr-en\/wp-content\/uploads\/sites\/22\/2022\/05\/00-site-HOMEPAGE_AulAberta-Luis-Gaspar-139x195.jpg 139w\" sizes=\"(max-width: 720px) 100vw, 720px\" \/><\/figure>\n<\/div>\n\n\n\n<div class=\"wp-container-2 wp-block-column\">\n<h2>Open Class &#8211; Luis Manuel Gaspar<\/h2>\n\n\n\n<h3>May 20 &#8211; 6pm &#8211; Auditorium EP.1<\/h3>\n\n\n\n<p>LUIS MANUEL GASPAR (Lisbon, 1960).<br>Visual artist, poet, textual critic, literary reviser and cat secretary. &nbsp;He has curated, with Jo\u00e3o Paulo Cotrim, the exhibition <em>El Alma de Almada, el Impar &#8211; Obra Gr\u00e1fica 1926-1931<\/em>, Bedeteca de Lisboa, Galeria Municipal do Pal\u00e1cio Galveias, Lisbon, 2004; Museo de la Ciudad de Madrid, 2004.&nbsp;<\/p>\n\n\n\n<p>Commissioned, with Antonio S\u00e1ez Delgado, Juan Manuel Bonet, Sara Afonso Ferreira and Antonio Franco Dom\u00ednguez, the exhibition <em>Suroeste &#8211; Relaciones Literarias y Art\u00edsticas entre Portugal y Espa\u00f1a (1890-1936)<\/em>, MEIAC, Museo Extreme\u00f1o e Iberoamericano de Arte Contempor\u00e1neo de Badajoz, 2010.<\/p>\n\n\n\n<p>He has edited the works of Raul Brand\u00e3o (Rel\u00f3gio d&#8217;\u00c1gua), M\u00e1rio Botas (Averno), Alexandre O&#8217;Neill, Manuel Ant\u00f3nio Pina, Ruy Belo, Herberto Helder, Al Berto, Rui Pires Cabral (Ass\u00edrio &amp; Alvim), among others; he is one of the editors responsible for Obra Liter\u00e1ria de Jos\u00e9 de Almada Negreiros (Ass\u00edrio &amp; Alvim). &nbsp;<\/p>\n\n\n\n<p>He is the editor of the poetic works of Carlos de Oliveira, Ruy Cinatti, Ant\u00f3nio Ramos Rosa and David Mour\u00e3o-Ferreira (Ass\u00edrio &amp; Alvim).<\/p>\n<\/div>\n<\/div>\n","protected":false},"excerpt":{"rendered":"Luis Manuel Gaspar","protected":false},"author":5,"featured_media":9055,"comment_status":"closed","ping_status":"closed","sticky":false,"template":"","format":"standard","meta":{"multilingual_post_translation":"{\"pt-PT\":{\"url\":\"https:\/\/www.ipleiria.pt\/esadcr\/2022\/05\/05\/aula-aberta-luis-manuel-gaspar\/\",\"postID\":null,\"postTitle\":\"\",\"siteID\":17,\"customURL\":true,\"languageInfo\":{\"multilingual_site_api_url\":\"https:\/\/www.ipleiria.pt\/esadcr\/wp-json\/\",\"name\":\"Portugu\u00eas\",\"locale\":\"pt_PT\"}}}","custompostfields_homepage-title":"","custompostfields_banners":"","custompostfields_event-date":"2022-05-12","custompostfields_event-end-date":"2022-05-12","custompostfields_front-page-thumbnail":"","custompostfields_front-page-gallery-thumbnails":""},"categories":[59,20],"tags":[],"_links":{"self":[{"href":"https:\/\/www.ipleiria.pt\/esadcr-en\/wp-json\/wp\/v2\/posts\/9053"}],"collection":[{"href":"https:\/\/www.ipleiria.pt\/esadcr-en\/wp-json\/wp\/v2\/posts"}],"about":[{"href":"https:\/\/www.ipleiria.pt\/esadcr-en\/wp-json\/wp\/v2\/types\/post"}],"author":[{"embeddable":true,"href":"https:\/\/www.ipleiria.pt\/esadcr-en\/wp-json\/wp\/v2\/users\/5"}],"replies":[{"embeddable":true,"href":"https:\/\/www.ipleiria.pt\/esadcr-en\/wp-json\/wp\/v2\/comments?post=9053"}],"version-history":[{"count":12,"href":"https:\/\/www.ipleiria.pt\/esadcr-en\/wp-json\/wp\/v2\/posts\/9053\/revisions"}],"predecessor-version":[{"id":9526,"href":"https:\/\/www.ipleiria.pt\/esadcr-en\/wp-json\/wp\/v2\/posts\/9053\/revisions\/9526"}],"wp:featuredmedia":[{"embeddable":true,"href":"https:\/\/www.ipleiria.pt\/esadcr-en\/wp-json\/wp\/v2\/media\/9055"}],"wp:attachment":[{"href":"https:\/\/www.ipleiria.pt\/esadcr-en\/wp-json\/wp\/v2\/media?parent=9053"}],"wp:term":[{"taxonomy":"category","embeddable":true,"href":"https:\/\/www.ipleiria.pt\/esadcr-en\/wp-json\/wp\/v2\/categories?post=9053"},{"taxonomy":"post_tag","embeddable":true,"href":"https:\/\/www.ipleiria.pt\/esadcr-en\/wp-json\/wp\/v2\/tags?post=9053"}],"curies":[{"name":"wp","href":"https:\/\/api.w.org\/{rel}","templated":true}]}}