{"id":11226,"date":"2021-04-11T16:37:00","date_gmt":"2021-04-11T15:37:00","guid":{"rendered":"https:\/\/www.ipleiria.pt\/esadcr\/?p=11226"},"modified":"2021-11-02T10:07:53","modified_gmt":"2021-11-02T10:07:53","slug":"o-mar-e-a-terra-espacos-entre-as-margens","status":"publish","type":"post","link":"https:\/\/www.ipleiria.pt\/esadcr\/2021\/04\/11\/o-mar-e-a-terra-espacos-entre-as-margens\/","title":{"rendered":"O mar \u00e9 a terra"},"content":{"rendered":"\n<div class=\"wp-container-3 wp-block-columns\">\n<div class=\"wp-container-1 wp-block-column\">\n<div style=\"height:37px\" aria-hidden=\"true\" class=\"wp-block-spacer\"><\/div>\n\n\n\n<figure class=\"wp-block-image size-large\"><img src=\"https:\/\/www.ipleiria.pt\/esadcr\/wp-content\/uploads\/sites\/17\/2021\/04\/Mar-e\u0301-Terra-SITE-PT2.jpg\" alt=\"\" class=\"wp-image-11237\" height=\"NaN\" srcset=\"https:\/\/www.ipleiria.pt\/esadcr\/wp-content\/uploads\/sites\/17\/2021\/04\/Mar-e\u0301-Terra-SITE-PT2.jpg 720w, https:\/\/www.ipleiria.pt\/esadcr\/wp-content\/uploads\/sites\/17\/2021\/04\/Mar-e\u0301-Terra-SITE-PT2-203x300.jpg 203w, https:\/\/www.ipleiria.pt\/esadcr\/wp-content\/uploads\/sites\/17\/2021\/04\/Mar-e\u0301-Terra-SITE-PT2-101x150.jpg 101w, https:\/\/www.ipleiria.pt\/esadcr\/wp-content\/uploads\/sites\/17\/2021\/04\/Mar-e\u0301-Terra-SITE-PT2-284x420.jpg 284w, https:\/\/www.ipleiria.pt\/esadcr\/wp-content\/uploads\/sites\/17\/2021\/04\/Mar-e\u0301-Terra-SITE-PT2-264x390.jpg 264w, https:\/\/www.ipleiria.pt\/esadcr\/wp-content\/uploads\/sites\/17\/2021\/04\/Mar-e\u0301-Terra-SITE-PT2-365x540.jpg 365w, https:\/\/www.ipleiria.pt\/esadcr\/wp-content\/uploads\/sites\/17\/2021\/04\/Mar-e\u0301-Terra-SITE-PT2-186x275.jpg 186w, https:\/\/www.ipleiria.pt\/esadcr\/wp-content\/uploads\/sites\/17\/2021\/04\/Mar-e\u0301-Terra-SITE-PT2-132x195.jpg 132w\" sizes=\"(max-width: 720px) 100vw, 720px\" \/><\/figure>\n<\/div>\n\n\n\n<div class=\"wp-container-2 wp-block-column\">\n<h2>O mar \u00e9 terra<\/h2>\n\n\n\n<p>O Mar \u00e9 a Terra foi o nome que encontr\u00e1mos para este programa que celebra a cultura e a arte feita em Portugal, na Escola Superior de Artes e Design das Caldas da Rainha, do Polit\u00e9cnico de Leiria, no semestre da presid\u00eancia portuguesa da Uni\u00e3o Europeia.<br>Se falamos de Mar, no m\u00eas da confer\u00eancia da New European Bauhaus, necessariamente falamos da Terra que n\u00e3o habitamos sozinhos.<br>Imaginemos que o Mar era mesmo a perder de vista, que o horizonte mar\u00edtimo era para sempre, sustentado pelo nosso olhar de explorador, navegador, artista ou vision\u00e1rio, ou outro que n\u00e3o de agrimensor &#8211;&nbsp; o mar n\u00e3o acabava e a Terra era Mar. Uma Terra assim, para o agrimensor, seria plana e, como na Planilandia de Edwin Abott, exigiria explora\u00e7\u00e3o. Este programa traz muitos mares, com muitos horizontes e at\u00e9 sem horizontes. A Terra n\u00e3o \u00e9 plana, \u00e9 uma coisa azul no espa\u00e7o de que cuidamos, \u00e9 l\u00edquida por fora \u2013 e por dentro?<br>A Terra tamb\u00e9m \u00e9 terra, sobra do magma, transformada em pedra, lama, Mar e vida.<br>Este programa \u00e9 sobre transforma\u00e7\u00f5es de jovens estudantes em adultos estudantes, com um olhar acerca da vida na Terra e uma preocupa\u00e7\u00e3o muito s\u00e9ria com o presente e com a vida no futuro.<br>Nota final: gostamos muito de agrimensores, mas compreendam que neste contexto \u00e9 uma met\u00e1fora que se adequa.<br>Estamos muito felizes por sermos convidados e por podermos partilhar o que fazemos, e orgulhosos tamb\u00e9m. Temos algumas ideias para este programa, e a primeira s\u00e3o quatro sess\u00f5es de curtas seguidas de debates, com alunos e antigos alunos da ESAD.CR e moderados por professores.<br>N\u00e3o sei se lhes chamamos curtas do Mar ou da Terra, talvez o t\u00edtulo da primeira se adeq\u00fae \u2013 Entre o C\u00e9u e o Mar.<\/p>\n<\/div>\n<\/div>\n\n\n\n<figure class=\"wp-block-gallery columns-2 is-cropped\">\n  <ul class=\"blocks-gallery-grid\">\n    <li class=\"blocks-gallery-item\">\n      <a href=\"https:\/\/www.ipleiria.pt\/esadcr\/2021\/04\/26\/o-mar-e-a-terra-sessao-1\/\">\n      <figure>\n        <img loading=\"lazy\" width=\"1081\" height=\"1081\" src=\"https:\/\/www.ipleiria.pt\/esadcr\/wp-content\/uploads\/sites\/17\/2021\/04\/PT-27-abril-1.jpg\" alt=\"\" data-id=\"11240\" data-full-url=\"https:\/\/www.ipleiria.pt\/esadcr\/wp-content\/uploads\/sites\/17\/2021\/04\/PT-27-abril-1.jpg\" class=\"wp-image-11240\" srcset=\"https:\/\/www.ipleiria.pt\/esadcr\/wp-content\/uploads\/sites\/17\/2021\/04\/PT-27-abril-1.jpg 1081w, https:\/\/www.ipleiria.pt\/esadcr\/wp-content\/uploads\/sites\/17\/2021\/04\/PT-27-abril-1-300x300.jpg 300w, https:\/\/www.ipleiria.pt\/esadcr\/wp-content\/uploads\/sites\/17\/2021\/04\/PT-27-abril-1-150x150.jpg 150w, https:\/\/www.ipleiria.pt\/esadcr\/wp-content\/uploads\/sites\/17\/2021\/04\/PT-27-abril-1-768x768.jpg 768w, https:\/\/www.ipleiria.pt\/esadcr\/wp-content\/uploads\/sites\/17\/2021\/04\/PT-27-abril-1-390x390.jpg 390w, https:\/\/www.ipleiria.pt\/esadcr\/wp-content\/uploads\/sites\/17\/2021\/04\/PT-27-abril-1-540x540.jpg 540w, https:\/\/www.ipleiria.pt\/esadcr\/wp-content\/uploads\/sites\/17\/2021\/04\/PT-27-abril-1-275x275.jpg 275w, https:\/\/www.ipleiria.pt\/esadcr\/wp-content\/uploads\/sites\/17\/2021\/04\/PT-27-abril-1-195x195.jpg 195w\" sizes=\"(max-width: 1081px) 100vw, 1081px\">\n      <\/figure>\n      <\/a>\n    <\/li>\n    <li class=\"blocks-gallery-item\">\n      <a href=\"https:\/\/www.ipleiria.pt\/esadcr\/2021\/04\/12\/o-mar-e-a-terra-sessao-2\/\">\n      <figure>\n        <img loading=\"lazy\" width=\"1081\" height=\"1081\" src=\"https:\/\/www.ipleiria.pt\/esadcr\/wp-content\/uploads\/sites\/17\/2021\/04\/PT-4-maio.jpg\" alt=\"\" data-id=\"11238\" data-full-url=\"https:\/\/www.ipleiria.pt\/esadcr\/wp-content\/uploads\/sites\/17\/2021\/04\/PT-4-maio.jpg\" class=\"wp-image-11238\" srcset=\"https:\/\/www.ipleiria.pt\/esadcr\/wp-content\/uploads\/sites\/17\/2021\/04\/PT-4-maio.jpg 1081w, https:\/\/www.ipleiria.pt\/esadcr\/wp-content\/uploads\/sites\/17\/2021\/04\/PT-4-maio-300x300.jpg 300w, https:\/\/www.ipleiria.pt\/esadcr\/wp-content\/uploads\/sites\/17\/2021\/04\/PT-4-maio-150x150.jpg 150w, https:\/\/www.ipleiria.pt\/esadcr\/wp-content\/uploads\/sites\/17\/2021\/04\/PT-4-maio-768x768.jpg 768w, https:\/\/www.ipleiria.pt\/esadcr\/wp-content\/uploads\/sites\/17\/2021\/04\/PT-4-maio-390x390.jpg 390w, https:\/\/www.ipleiria.pt\/esadcr\/wp-content\/uploads\/sites\/17\/2021\/04\/PT-4-maio-540x540.jpg 540w, https:\/\/www.ipleiria.pt\/esadcr\/wp-content\/uploads\/sites\/17\/2021\/04\/PT-4-maio-275x275.jpg 275w, https:\/\/www.ipleiria.pt\/esadcr\/wp-content\/uploads\/sites\/17\/2021\/04\/PT-4-maio-195x195.jpg 195w\" sizes=\"(max-width: 1081px) 100vw, 1081px\">\n      <\/figure>\n      <\/a>\n    <\/li>\n    <li class=\"blocks-gallery-item\">\n      <a href=\"https:\/\/www.ipleiria.pt\/esadcr\/2021\/05\/10\/o-mar-e-a-terra-sessao-3\/\">\n      <figure>\n        <img loading=\"lazy\" width=\"1081\" height=\"1081\" src=\"https:\/\/www.ipleiria.pt\/esadcr\/wp-content\/uploads\/sites\/17\/2021\/04\/PT-11-maio.jpg\" alt=\"\" data-id=\"11239\" data-full-url=\"https:\/\/www.ipleiria.pt\/esadcr\/wp-content\/uploads\/sites\/17\/2021\/04\/PT-11-maio.jpg\" class=\"wp-image-11239\" srcset=\"https:\/\/www.ipleiria.pt\/esadcr\/wp-content\/uploads\/sites\/17\/2021\/04\/PT-11-maio.jpg 1081w, https:\/\/www.ipleiria.pt\/esadcr\/wp-content\/uploads\/sites\/17\/2021\/04\/PT-11-maio-300x300.jpg 300w, https:\/\/www.ipleiria.pt\/esadcr\/wp-content\/uploads\/sites\/17\/2021\/04\/PT-11-maio-150x150.jpg 150w, https:\/\/www.ipleiria.pt\/esadcr\/wp-content\/uploads\/sites\/17\/2021\/04\/PT-11-maio-768x768.jpg 768w, https:\/\/www.ipleiria.pt\/esadcr\/wp-content\/uploads\/sites\/17\/2021\/04\/PT-11-maio-390x390.jpg 390w, https:\/\/www.ipleiria.pt\/esadcr\/wp-content\/uploads\/sites\/17\/2021\/04\/PT-11-maio-540x540.jpg 540w, https:\/\/www.ipleiria.pt\/esadcr\/wp-content\/uploads\/sites\/17\/2021\/04\/PT-11-maio-275x275.jpg 275w, https:\/\/www.ipleiria.pt\/esadcr\/wp-content\/uploads\/sites\/17\/2021\/04\/PT-11-maio-195x195.jpg 195w\" sizes=\"(max-width: 1081px) 100vw, 1081px\">\n      <\/figure>\n      <\/a>\n    <\/li>\n    <li class=\"blocks-gallery-item\">\n      <a href=\"https:\/\/www.ipleiria.pt\/esadcr\/2021\/05\/21\/o-mar-e-a-terra-sessao-4\/\">\n      <figure>\n        <img loading=\"lazy\" width=\"1081\" height=\"1081\" src=\"https:\/\/www.ipleiria.pt\/esadcr\/wp-content\/uploads\/sites\/17\/2021\/04\/PT-29-maio.jpg\" alt=\"\" data-id=\"11241\" data-full-url=\"https:\/\/www.ipleiria.pt\/esadcr\/wp-content\/uploads\/sites\/17\/2021\/04\/PT-29-maio.jpg\" class=\"wp-image-11241\" srcset=\"https:\/\/www.ipleiria.pt\/esadcr\/wp-content\/uploads\/sites\/17\/2021\/04\/PT-29-maio.jpg 1081w, https:\/\/www.ipleiria.pt\/esadcr\/wp-content\/uploads\/sites\/17\/2021\/04\/PT-29-maio-300x300.jpg 300w, https:\/\/www.ipleiria.pt\/esadcr\/wp-content\/uploads\/sites\/17\/2021\/04\/PT-29-maio-150x150.jpg 150w, https:\/\/www.ipleiria.pt\/esadcr\/wp-content\/uploads\/sites\/17\/2021\/04\/PT-29-maio-768x768.jpg 768w, https:\/\/www.ipleiria.pt\/esadcr\/wp-content\/uploads\/sites\/17\/2021\/04\/PT-29-maio-390x390.jpg 390w, https:\/\/www.ipleiria.pt\/esadcr\/wp-content\/uploads\/sites\/17\/2021\/04\/PT-29-maio-540x540.jpg 540w, https:\/\/www.ipleiria.pt\/esadcr\/wp-content\/uploads\/sites\/17\/2021\/04\/PT-29-maio-275x275.jpg 275w, https:\/\/www.ipleiria.pt\/esadcr\/wp-content\/uploads\/sites\/17\/2021\/04\/PT-29-maio-195x195.jpg 195w\" sizes=\"(max-width: 1081px) 100vw, 1081px\">\n      <\/figure>\n      <\/a>\n    <\/li>\n  <\/ul>\n<\/figure>\n","protected":false},"excerpt":{"rendered":"Online","protected":false},"author":16,"featured_media":0,"comment_status":"closed","ping_status":"closed","sticky":false,"template":"","format":"standard","meta":{"multilingual_post_translation":"{\"en-GB\":{\"url\":\"https:\/\/www.ipleiria.pt\/esadcr-en\/2021\/04\/26\/the-sea-is-the-earth-spaces-between-the-margins\/ \",\"postID\":null,\"postTitle\":\"\",\"siteID\":22,\"customURL\":true,\"languageInfo\":{\"multilingual_site_api_url\":\"https:\/\/www.ipleiria.pt\/esadcr-en\/wp-json\/\",\"name\":\"English\",\"locale\":\"en_GB\"}}}","custompostfields_banners":"","custompostfields_post-association_course-gallery":[],"custompostfields_titulo-homepage":"","custompostfields_event-date":"2021-04-26","custompostfields_event-end-date":"2021-04-26","custompostfields_front-page-gallery-thumbnails":"11236"},"categories":[122,1],"tags":[],"_links":{"self":[{"href":"https:\/\/www.ipleiria.pt\/esadcr\/wp-json\/wp\/v2\/posts\/11226"}],"collection":[{"href":"https:\/\/www.ipleiria.pt\/esadcr\/wp-json\/wp\/v2\/posts"}],"about":[{"href":"https:\/\/www.ipleiria.pt\/esadcr\/wp-json\/wp\/v2\/types\/post"}],"author":[{"embeddable":true,"href":"https:\/\/www.ipleiria.pt\/esadcr\/wp-json\/wp\/v2\/users\/16"}],"replies":[{"embeddable":true,"href":"https:\/\/www.ipleiria.pt\/esadcr\/wp-json\/wp\/v2\/comments?post=11226"}],"version-history":[{"count":15,"href":"https:\/\/www.ipleiria.pt\/esadcr\/wp-json\/wp\/v2\/posts\/11226\/revisions"}],"predecessor-version":[{"id":13719,"href":"https:\/\/www.ipleiria.pt\/esadcr\/wp-json\/wp\/v2\/posts\/11226\/revisions\/13719"}],"wp:attachment":[{"href":"https:\/\/www.ipleiria.pt\/esadcr\/wp-json\/wp\/v2\/media?parent=11226"}],"wp:term":[{"taxonomy":"category","embeddable":true,"href":"https:\/\/www.ipleiria.pt\/esadcr\/wp-json\/wp\/v2\/categories?post=11226"},{"taxonomy":"post_tag","embeddable":true,"href":"https:\/\/www.ipleiria.pt\/esadcr\/wp-json\/wp\/v2\/tags?post=11226"}],"curies":[{"name":"wp","href":"https:\/\/api.w.org\/{rel}","templated":true}]}}