{"id":15330,"date":"2022-02-08T10:20:38","date_gmt":"2022-02-08T10:20:38","guid":{"rendered":"https:\/\/www.ipleiria.pt\/esadcr\/?p=15330"},"modified":"2026-02-18T15:13:41","modified_gmt":"2026-02-18T15:13:41","slug":"gabinete-de-apoio-ao-estudante-estagios-e-projetos","status":"publish","type":"post","link":"https:\/\/www.ipleiria.pt\/esadcr\/2022\/02\/08\/gabinete-de-apoio-ao-estudante-estagios-e-projetos\/","title":{"rendered":"Gabinete de Apoio ao Estudante, Est\u00e1gios e Projetos"},"content":{"rendered":"\n<div class=\"wp-container-3 wp-block-columns has-2-columns\">\n<div class=\"wp-container-1 wp-block-column\" style=\"flex-basis:67%\">\n<h2 class=\"font-size-16\" id=\"gabinete-de-apoio-ao-estudante-estagios-e-projetos\">Gabinete de Apoio ao Estudante, Est\u00e1gios e Projetos<\/h2>\n\n\n\n<p>Ao GAEEP incumbe apoiar, acompanhar e informar os estudantes relativamente aos est\u00e1gios curriculares dos ciclos de estudos (TeSP, Licenciatura e Mestrado) da Escola, contribuindo para a sua integra\u00e7\u00e3o no mercado de trabalho enquanto elo de liga\u00e7\u00e3o entre a escola, o meio empresarial e a Bolsa de Emprego.<\/p>\n<\/div>\n\n\n\n<div class=\"wp-container-2 wp-block-column\" style=\"flex-basis:33%\">\n<h3 class=\"font-size-12\" id=\"contacto\">Contacto<\/h3>\n\n\n\n<p><a href=\"mailto:gaeep.esad@ipleiria.pt\">gaeep.esad@ipleiria.pt<\/a><br>Ana Catarina Valentim &#8211; 300018<\/p>\n\n\n\n<h3 class=\"font-size-12\" id=\"localizacao\">LOCALIZA\u00c7\u00c3O<\/h3>\n\n\n\n<p>Gabinete 4 \u2013 EP1<\/p>\n\n\n\n<h3 id=\"horario-atendimento\">Hor\u00e1rio atendimento<\/h3>\n\n\n\n<p>10h00-12h00<br>14h30-16h30<\/p>\n<\/div>\n<\/div>\n","protected":false},"excerpt":{"rendered":"Gabinete de Apoio ao Estudante, Est\u00e1gios e Projetos Ao GAEEP incumbe apoiar, acompanhar e informar os estudantes relativamente aos est\u00e1gios curriculares dos ciclos de estudos (TeSP, Licenciatura e Mestrado) da Escola, contribuindo para a sua integra\u00e7\u00e3o no mercado de trabalho enquanto elo de liga\u00e7\u00e3o entre a escola, o meio empresarial e a Bolsa de Emprego. [&hellip;]","protected":false},"author":16,"featured_media":15331,"comment_status":"closed","ping_status":"closed","sticky":false,"template":"","format":"standard","meta":{"multilingual_post_translation":"","custompostfields_banners":"28624","custompostfields_post-association_course-gallery":[],"custompostfields_titulo-homepage":"","custompostfields_event-date":"2022-02-08","custompostfields_event-end-date":"2022-02-08","custompostfields_front-page-gallery-thumbnails":""},"categories":[126],"tags":[],"_links":{"self":[{"href":"https:\/\/www.ipleiria.pt\/esadcr\/wp-json\/wp\/v2\/posts\/15330"}],"collection":[{"href":"https:\/\/www.ipleiria.pt\/esadcr\/wp-json\/wp\/v2\/posts"}],"about":[{"href":"https:\/\/www.ipleiria.pt\/esadcr\/wp-json\/wp\/v2\/types\/post"}],"author":[{"embeddable":true,"href":"https:\/\/www.ipleiria.pt\/esadcr\/wp-json\/wp\/v2\/users\/16"}],"replies":[{"embeddable":true,"href":"https:\/\/www.ipleiria.pt\/esadcr\/wp-json\/wp\/v2\/comments?post=15330"}],"version-history":[{"count":8,"href":"https:\/\/www.ipleiria.pt\/esadcr\/wp-json\/wp\/v2\/posts\/15330\/revisions"}],"predecessor-version":[{"id":36327,"href":"https:\/\/www.ipleiria.pt\/esadcr\/wp-json\/wp\/v2\/posts\/15330\/revisions\/36327"}],"wp:featuredmedia":[{"embeddable":true,"href":"https:\/\/www.ipleiria.pt\/esadcr\/wp-json\/wp\/v2\/media\/15331"}],"wp:attachment":[{"href":"https:\/\/www.ipleiria.pt\/esadcr\/wp-json\/wp\/v2\/media?parent=15330"}],"wp:term":[{"taxonomy":"category","embeddable":true,"href":"https:\/\/www.ipleiria.pt\/esadcr\/wp-json\/wp\/v2\/categories?post=15330"},{"taxonomy":"post_tag","embeddable":true,"href":"https:\/\/www.ipleiria.pt\/esadcr\/wp-json\/wp\/v2\/tags?post=15330"}],"curies":[{"name":"wp","href":"https:\/\/api.w.org\/{rel}","templated":true}]}}