{"id":15354,"date":"2022-02-08T10:27:35","date_gmt":"2022-02-08T10:27:35","guid":{"rendered":"https:\/\/www.ipleiria.pt\/esadcr\/?p=15354"},"modified":"2024-10-14T08:41:32","modified_gmt":"2024-10-14T08:41:32","slug":"gabinete-de-apoio-a-mobilidade-e-cooperacao-internacional","status":"publish","type":"post","link":"https:\/\/www.ipleiria.pt\/esadcr\/2022\/02\/08\/gabinete-de-apoio-a-mobilidade-e-cooperacao-internacional\/","title":{"rendered":"Gabinete de Apoio \u00e0 Mobilidade e Coopera\u00e7\u00e3o Internacional"},"content":{"rendered":"\n<div class=\"wp-container-3 wp-block-columns has-2-columns\">\n<div class=\"wp-container-1 wp-block-column\" style=\"flex-basis:67%\">\n<h2 class=\"font-size-16\" id=\"gabinete-de-apoio-a-mobilidade-e-cooperacao-internacional\">Gabinete de Apoio \u00e0 Mobilidade e Coopera\u00e7\u00e3o Internacional<\/h2>\n\n\n\n<p>Cabe ao GAMCI em articula\u00e7\u00e3o com o Gabinete de Mobilidade e Coopera\u00e7\u00e3o Internacional do IPLeiria promover a participa\u00e7\u00e3o da comunidade acad\u00e9mica da ESAD.CR em programas de mobilidade, assim como  acompanhar o interc\u00e2mbio de estudantes e docentes que a ESAD.CR recebe.<\/p>\n<\/div>\n\n\n\n<div class=\"wp-container-2 wp-block-column\" style=\"flex-basis:33%\">\n<h3 class=\"font-size-12\" id=\"contacto\">Contacto<\/h3>\n\n\n\n<p><a href=\"mailto:gamci.esad@ipleiria.pt\">gamci.esad@ipleiria.pt<\/a><br>Sandra Ferreira Taurino &#8211; 300330<br>Ant\u00f3nio Beliz\u00e1rio &#8211; 300338<\/p>\n\n\n\n<h3 class=\"font-size-12\" id=\"localizacao\">LOCALIZA\u00c7\u00c3O<\/h3>\n\n\n\n<p>Gabinete 2 &#8211; EP1<\/p>\n\n\n\n<h3 id=\"horario-atendimento\">Hor\u00e1rio atendimento<\/h3>\n\n\n\n<p>10h00-12h00<br>14h30-16h30<\/p>\n<\/div>\n<\/div>\n","protected":false},"excerpt":{"rendered":"Gabinete de Apoio \u00e0 Mobilidade e Coopera\u00e7\u00e3o Internacional Cabe ao GAMCI em articula\u00e7\u00e3o com o Gabinete de Mobilidade e Coopera\u00e7\u00e3o Internacional do IPLeiria promover a participa\u00e7\u00e3o da comunidade acad\u00e9mica da ESAD.CR em programas de mobilidade, assim como acompanhar o interc\u00e2mbio de estudantes e docentes que a ESAD.CR recebe. Contacto gamci.esad@ipleiria.ptSandra Ferreira Taurino &#8211; 300330Ant\u00f3nio Beliz\u00e1rio [&hellip;]","protected":false},"author":16,"featured_media":15355,"comment_status":"closed","ping_status":"closed","sticky":false,"template":"","format":"standard","meta":{"multilingual_post_translation":"","custompostfields_banners":"28624","custompostfields_post-association_course-gallery":[],"custompostfields_titulo-homepage":"","custompostfields_event-date":"2022-02-08","custompostfields_event-end-date":"2022-02-08","custompostfields_front-page-gallery-thumbnails":""},"categories":[126],"tags":[],"_links":{"self":[{"href":"https:\/\/www.ipleiria.pt\/esadcr\/wp-json\/wp\/v2\/posts\/15354"}],"collection":[{"href":"https:\/\/www.ipleiria.pt\/esadcr\/wp-json\/wp\/v2\/posts"}],"about":[{"href":"https:\/\/www.ipleiria.pt\/esadcr\/wp-json\/wp\/v2\/types\/post"}],"author":[{"embeddable":true,"href":"https:\/\/www.ipleiria.pt\/esadcr\/wp-json\/wp\/v2\/users\/16"}],"replies":[{"embeddable":true,"href":"https:\/\/www.ipleiria.pt\/esadcr\/wp-json\/wp\/v2\/comments?post=15354"}],"version-history":[{"count":6,"href":"https:\/\/www.ipleiria.pt\/esadcr\/wp-json\/wp\/v2\/posts\/15354\/revisions"}],"predecessor-version":[{"id":31458,"href":"https:\/\/www.ipleiria.pt\/esadcr\/wp-json\/wp\/v2\/posts\/15354\/revisions\/31458"}],"wp:featuredmedia":[{"embeddable":true,"href":"https:\/\/www.ipleiria.pt\/esadcr\/wp-json\/wp\/v2\/media\/15355"}],"wp:attachment":[{"href":"https:\/\/www.ipleiria.pt\/esadcr\/wp-json\/wp\/v2\/media?parent=15354"}],"wp:term":[{"taxonomy":"category","embeddable":true,"href":"https:\/\/www.ipleiria.pt\/esadcr\/wp-json\/wp\/v2\/categories?post=15354"},{"taxonomy":"post_tag","embeddable":true,"href":"https:\/\/www.ipleiria.pt\/esadcr\/wp-json\/wp\/v2\/tags?post=15354"}],"curies":[{"name":"wp","href":"https:\/\/api.w.org\/{rel}","templated":true}]}}