{"id":17053,"date":"2022-04-29T16:30:37","date_gmt":"2022-04-29T15:30:37","guid":{"rendered":"https:\/\/www.ipleiria.pt\/esadcr\/?p=17053"},"modified":"2022-06-24T09:57:19","modified_gmt":"2022-06-24T08:57:19","slug":"teatro-da-esad-cr-no-festival-de-teatro-juvenil-miguel-franco","status":"publish","type":"post","link":"https:\/\/www.ipleiria.pt\/esadcr\/2022\/04\/29\/teatro-da-esad-cr-no-festival-de-teatro-juvenil-miguel-franco\/","title":{"rendered":"Teatro da ESAD.CR no Festival de Teatro Juvenil Miguel Franco\u00a0"},"content":{"rendered":"\n<div class=\"wp-container-3 wp-block-columns\">\n<div class=\"wp-container-1 wp-block-column\">\n<div style=\"height:37px\" aria-hidden=\"true\" class=\"wp-block-spacer\"><\/div>\n\n\n\n<figure class=\"wp-block-image size-full\"><img loading=\"lazy\" width=\"720\" height=\"1008\" src=\"https:\/\/www.ipleiria.pt\/esadcr\/wp-content\/uploads\/sites\/17\/2022\/05\/esad-teatro-juvenil_site.jpg\" alt=\"\" class=\"wp-image-17054\" srcset=\"https:\/\/www.ipleiria.pt\/esadcr\/wp-content\/uploads\/sites\/17\/2022\/05\/esad-teatro-juvenil_site.jpg 720w, https:\/\/www.ipleiria.pt\/esadcr\/wp-content\/uploads\/sites\/17\/2022\/05\/esad-teatro-juvenil_site-214x300.jpg 214w, https:\/\/www.ipleiria.pt\/esadcr\/wp-content\/uploads\/sites\/17\/2022\/05\/esad-teatro-juvenil_site-107x150.jpg 107w, https:\/\/www.ipleiria.pt\/esadcr\/wp-content\/uploads\/sites\/17\/2022\/05\/esad-teatro-juvenil_site-300x420.jpg 300w, https:\/\/www.ipleiria.pt\/esadcr\/wp-content\/uploads\/sites\/17\/2022\/05\/esad-teatro-juvenil_site-279x390.jpg 279w, https:\/\/www.ipleiria.pt\/esadcr\/wp-content\/uploads\/sites\/17\/2022\/05\/esad-teatro-juvenil_site-386x540.jpg 386w, https:\/\/www.ipleiria.pt\/esadcr\/wp-content\/uploads\/sites\/17\/2022\/05\/esad-teatro-juvenil_site-196x275.jpg 196w, https:\/\/www.ipleiria.pt\/esadcr\/wp-content\/uploads\/sites\/17\/2022\/05\/esad-teatro-juvenil_site-139x195.jpg 139w\" sizes=\"(max-width: 720px) 100vw, 720px\" \/><\/figure>\n<\/div>\n\n\n\n<div class=\"wp-container-2 wp-block-column\">\n<h2>Teatro da ESAD.CR no Festival de Teatro Juvenil Miguel Franco.<\/h2>\n\n\n\n<h3>\u201cN\u00f3s numa corda\u201d alunos 2\u00ba ano <br>\u201cO Hotel\u201d&nbsp;grupo Meninos-c\u00e3o<\/h3>\n\n\n\n<h3><strong>07 de junho<\/strong>,&nbsp;<strong>21h30<\/strong>,&nbsp;<strong>Teatro Miguel Franco<\/strong><\/h3>\n\n\n\n<p>A 27.\u00aa Edi\u00e7\u00e3o do Festival de&nbsp;Teatro&nbsp;Juvenil Miguel Franco deu in\u00edcio no passado dia&nbsp;<strong>21 de abril e prolonga-se at\u00e9 ao dia 18 de junho<\/strong>, onde participam&nbsp;<strong>332&nbsp;<\/strong>alunos das escolas e grupos de&nbsp;teatro&nbsp;da regi\u00e3o com 24 pe\u00e7as de&nbsp;teatro.&nbsp;<\/p>\n\n\n\n<p>A licenciatura de Teatro da ESAD.CR levar\u00e1 \u00e0 cena duas pe\u00e7as: \u201cN\u00f3s numa corda\u201d do Grupo do 2.\u00ba Ano e \u201cO Hotel\u201d, pelo grupo Meninos-c\u00e3o, ambas v\u00e3o ser apresentadas no dia&nbsp;<strong>07 de junho<\/strong>, sexta-feira, \u00e0s<strong>&nbsp;21h30<\/strong>, no&nbsp;<strong>Teatro&nbsp;Miguel Franco.<\/strong><\/p>\n<\/div>\n<\/div>\n","protected":false},"excerpt":{"rendered":"07 de junho,\u00a021h30,\u00a0Teatro Miguel Franco","protected":false},"author":5,"featured_media":17057,"comment_status":"closed","ping_status":"closed","sticky":false,"template":"","format":"standard","meta":{"multilingual_post_translation":"","custompostfields_banners":"","custompostfields_post-association_course-gallery":[],"custompostfields_titulo-homepage":"Teatro da ESAD.CR","custompostfields_event-date":"2022-05-06","custompostfields_event-end-date":"2022-05-06","custompostfields_front-page-gallery-thumbnails":""},"categories":[122,40],"tags":[],"_links":{"self":[{"href":"https:\/\/www.ipleiria.pt\/esadcr\/wp-json\/wp\/v2\/posts\/17053"}],"collection":[{"href":"https:\/\/www.ipleiria.pt\/esadcr\/wp-json\/wp\/v2\/posts"}],"about":[{"href":"https:\/\/www.ipleiria.pt\/esadcr\/wp-json\/wp\/v2\/types\/post"}],"author":[{"embeddable":true,"href":"https:\/\/www.ipleiria.pt\/esadcr\/wp-json\/wp\/v2\/users\/5"}],"replies":[{"embeddable":true,"href":"https:\/\/www.ipleiria.pt\/esadcr\/wp-json\/wp\/v2\/comments?post=17053"}],"version-history":[{"count":10,"href":"https:\/\/www.ipleiria.pt\/esadcr\/wp-json\/wp\/v2\/posts\/17053\/revisions"}],"predecessor-version":[{"id":17067,"href":"https:\/\/www.ipleiria.pt\/esadcr\/wp-json\/wp\/v2\/posts\/17053\/revisions\/17067"}],"wp:featuredmedia":[{"embeddable":true,"href":"https:\/\/www.ipleiria.pt\/esadcr\/wp-json\/wp\/v2\/media\/17057"}],"wp:attachment":[{"href":"https:\/\/www.ipleiria.pt\/esadcr\/wp-json\/wp\/v2\/media?parent=17053"}],"wp:term":[{"taxonomy":"category","embeddable":true,"href":"https:\/\/www.ipleiria.pt\/esadcr\/wp-json\/wp\/v2\/categories?post=17053"},{"taxonomy":"post_tag","embeddable":true,"href":"https:\/\/www.ipleiria.pt\/esadcr\/wp-json\/wp\/v2\/tags?post=17053"}],"curies":[{"name":"wp","href":"https:\/\/api.w.org\/{rel}","templated":true}]}}