{"id":17247,"date":"2022-05-05T07:23:27","date_gmt":"2022-05-05T06:23:27","guid":{"rendered":"https:\/\/www.ipleiria.pt\/esadcr\/?p=17247"},"modified":"2022-08-03T09:04:50","modified_gmt":"2022-08-03T08:04:50","slug":"aula-aberta-luis-manuel-gaspar","status":"publish","type":"post","link":"https:\/\/www.ipleiria.pt\/esadcr\/2022\/05\/05\/aula-aberta-luis-manuel-gaspar\/","title":{"rendered":"Aula Aberta &#8211; Luis Manuel Gaspar"},"content":{"rendered":"\n<div class=\"wp-container-3 wp-block-columns\">\n<div class=\"wp-container-1 wp-block-column\">\n<div style=\"height:37px\" aria-hidden=\"true\" class=\"wp-block-spacer\"><\/div>\n\n\n\n<figure class=\"wp-block-image size-full\"><img loading=\"lazy\" width=\"720\" height=\"1008\" src=\"https:\/\/www.ipleiria.pt\/esadcr\/wp-content\/uploads\/sites\/17\/2022\/05\/00-site-HOMEPAGE_AulAberta-Luis-Gaspar.jpg\" alt=\"\" class=\"wp-image-17248\" srcset=\"https:\/\/www.ipleiria.pt\/esadcr\/wp-content\/uploads\/sites\/17\/2022\/05\/00-site-HOMEPAGE_AulAberta-Luis-Gaspar.jpg 720w, https:\/\/www.ipleiria.pt\/esadcr\/wp-content\/uploads\/sites\/17\/2022\/05\/00-site-HOMEPAGE_AulAberta-Luis-Gaspar-214x300.jpg 214w, https:\/\/www.ipleiria.pt\/esadcr\/wp-content\/uploads\/sites\/17\/2022\/05\/00-site-HOMEPAGE_AulAberta-Luis-Gaspar-107x150.jpg 107w, https:\/\/www.ipleiria.pt\/esadcr\/wp-content\/uploads\/sites\/17\/2022\/05\/00-site-HOMEPAGE_AulAberta-Luis-Gaspar-300x420.jpg 300w, https:\/\/www.ipleiria.pt\/esadcr\/wp-content\/uploads\/sites\/17\/2022\/05\/00-site-HOMEPAGE_AulAberta-Luis-Gaspar-279x390.jpg 279w, https:\/\/www.ipleiria.pt\/esadcr\/wp-content\/uploads\/sites\/17\/2022\/05\/00-site-HOMEPAGE_AulAberta-Luis-Gaspar-386x540.jpg 386w, https:\/\/www.ipleiria.pt\/esadcr\/wp-content\/uploads\/sites\/17\/2022\/05\/00-site-HOMEPAGE_AulAberta-Luis-Gaspar-196x275.jpg 196w, https:\/\/www.ipleiria.pt\/esadcr\/wp-content\/uploads\/sites\/17\/2022\/05\/00-site-HOMEPAGE_AulAberta-Luis-Gaspar-139x195.jpg 139w\" sizes=\"(max-width: 720px) 100vw, 720px\" \/><\/figure>\n<\/div>\n\n\n\n<div class=\"wp-container-2 wp-block-column\">\n<h2>Aula Aberta &#8211; Luis Manuel Gaspar<\/h2>\n\n\n\n<h3>20 Maio &#8211; 18H &#8211; Audit\u00f3rio EP.1<\/h3>\n\n\n\n<p><strong>LUIS MANUEL GASPAR<\/strong> (Lisboa, 1960).<\/p>\n\n\n\n<p>Artista pl\u00e1stico, poeta, cr\u00edtico textual, revisor liter\u00e1rio e secret\u00e1rio de gatos. &nbsp;<\/p>\n\n\n\n<p>Comissariou, com Jo\u00e3o Paulo Cotrim, a exposi\u00e7\u00e3o&nbsp;<em>El Alma de Almada, el Impar \u2014 Obra&nbsp;Gr\u00e1fica 1926-1931<\/em>, Bedeteca de Lisboa, Galeria Municipal do Pal\u00e1cio Galveias, Lisboa, 2004; Museo de la Ciudad de Madrid, 2004.&nbsp;<\/p>\n\n\n\n<p>Comissariou, com Antonio S\u00e1ez Delgado, Juan Manuel Bonet, Sara Afonso Ferreira e Antonio Franco Dom\u00ednguez, a exposi\u00e7\u00e3o&nbsp;<em>Suroeste \u2014 Relaciones Literarias&nbsp;y&nbsp;Art\u00edsticas entre Portugal y Espa\u00f1a (1890-1936)<\/em>, MEIAC, Museo Extreme\u00f1o e Iberoamericano de Arte Contempor\u00e1neo de Badajoz, 2010.<\/p>\n\n\n\n<p>Trabalhou na edi\u00e7\u00e3o de obras de Raul Brand\u00e3o (Rel\u00f3gio d\u2019\u00c1gua), M\u00e1rio Botas (Averno), Alexandre O\u2019Neill, Manuel Ant\u00f3nio Pina, Ruy Belo, Herberto Helder, Al Berto, Rui Pires Cabral (Ass\u00edrio &amp; Alvim), entre outras; \u00e9 um dos editores respons\u00e1veis pela Obra Liter\u00e1ria de Jos\u00e9 de Almada Negreiros (Ass\u00edrio &amp; Alvim). &nbsp;<\/p>\n\n\n\n<p>\u00c9 editor das obras po\u00e9ticas de Carlos de Oliveira, Ruy Cinatti, Ant\u00f3nio Ramos Rosa e David Mour\u00e3o-Ferreira (Ass\u00edrio &amp; Alvim).<\/p>\n<\/div>\n<\/div>\n","protected":false},"excerpt":{"rendered":"Luis Manuel Gaspar","protected":false},"author":5,"featured_media":17249,"comment_status":"closed","ping_status":"closed","sticky":false,"template":"","format":"standard","meta":{"multilingual_post_translation":"{\"en-GB\":{\"url\":\"https:\/\/www.ipleiria.pt\/esadcr-en\/?p=9053\",\"postID\":null,\"postTitle\":\"\",\"siteID\":22,\"customURL\":true,\"languageInfo\":{\"multilingual_site_api_url\":\"https:\/\/www.ipleiria.pt\/esadcr-en\/wp-json\/\",\"name\":\"English\",\"locale\":\"en_GB\"}}}","custompostfields_banners":"","custompostfields_post-association_course-gallery":[],"custompostfields_titulo-homepage":"Aula Aberta","custompostfields_event-date":"2022-05-12","custompostfields_event-end-date":"2022-05-12","custompostfields_front-page-gallery-thumbnails":""},"categories":[122,40],"tags":[],"_links":{"self":[{"href":"https:\/\/www.ipleiria.pt\/esadcr\/wp-json\/wp\/v2\/posts\/17247"}],"collection":[{"href":"https:\/\/www.ipleiria.pt\/esadcr\/wp-json\/wp\/v2\/posts"}],"about":[{"href":"https:\/\/www.ipleiria.pt\/esadcr\/wp-json\/wp\/v2\/types\/post"}],"author":[{"embeddable":true,"href":"https:\/\/www.ipleiria.pt\/esadcr\/wp-json\/wp\/v2\/users\/5"}],"replies":[{"embeddable":true,"href":"https:\/\/www.ipleiria.pt\/esadcr\/wp-json\/wp\/v2\/comments?post=17247"}],"version-history":[{"count":5,"href":"https:\/\/www.ipleiria.pt\/esadcr\/wp-json\/wp\/v2\/posts\/17247\/revisions"}],"predecessor-version":[{"id":17255,"href":"https:\/\/www.ipleiria.pt\/esadcr\/wp-json\/wp\/v2\/posts\/17247\/revisions\/17255"}],"wp:featuredmedia":[{"embeddable":true,"href":"https:\/\/www.ipleiria.pt\/esadcr\/wp-json\/wp\/v2\/media\/17249"}],"wp:attachment":[{"href":"https:\/\/www.ipleiria.pt\/esadcr\/wp-json\/wp\/v2\/media?parent=17247"}],"wp:term":[{"taxonomy":"category","embeddable":true,"href":"https:\/\/www.ipleiria.pt\/esadcr\/wp-json\/wp\/v2\/categories?post=17247"},{"taxonomy":"post_tag","embeddable":true,"href":"https:\/\/www.ipleiria.pt\/esadcr\/wp-json\/wp\/v2\/tags?post=17247"}],"curies":[{"name":"wp","href":"https:\/\/api.w.org\/{rel}","templated":true}]}}