{"id":21875,"date":"2023-02-14T10:24:37","date_gmt":"2023-02-14T10:24:37","guid":{"rendered":"https:\/\/www.ipleiria.pt\/esadcr\/?p=21875"},"modified":"2023-04-13T15:31:11","modified_gmt":"2023-04-13T14:31:11","slug":"beactive","status":"publish","type":"post","link":"https:\/\/www.ipleiria.pt\/esadcr\/2023\/02\/14\/beactive\/","title":{"rendered":"#BEACTIVE"},"content":{"rendered":"\n<div class=\"wp-container-3 wp-block-columns\">\n<div class=\"wp-container-1 wp-block-column\">\n<div style=\"height:37px\" aria-hidden=\"true\" class=\"wp-block-spacer\"><\/div>\n\n\n\n<figure class=\"wp-block-image size-full\"><img loading=\"lazy\" width=\"720\" height=\"1008\" src=\"https:\/\/www.ipleiria.pt\/esadcr\/wp-content\/uploads\/sites\/17\/2023\/02\/site-ESAD_Grande.png\" alt=\"\" class=\"wp-image-21876\" srcset=\"https:\/\/www.ipleiria.pt\/esadcr\/wp-content\/uploads\/sites\/17\/2023\/02\/site-ESAD_Grande.png 720w, https:\/\/www.ipleiria.pt\/esadcr\/wp-content\/uploads\/sites\/17\/2023\/02\/site-ESAD_Grande-214x300.png 214w, https:\/\/www.ipleiria.pt\/esadcr\/wp-content\/uploads\/sites\/17\/2023\/02\/site-ESAD_Grande-107x150.png 107w, https:\/\/www.ipleiria.pt\/esadcr\/wp-content\/uploads\/sites\/17\/2023\/02\/site-ESAD_Grande-300x420.png 300w, https:\/\/www.ipleiria.pt\/esadcr\/wp-content\/uploads\/sites\/17\/2023\/02\/site-ESAD_Grande-279x390.png 279w, https:\/\/www.ipleiria.pt\/esadcr\/wp-content\/uploads\/sites\/17\/2023\/02\/site-ESAD_Grande-386x540.png 386w, https:\/\/www.ipleiria.pt\/esadcr\/wp-content\/uploads\/sites\/17\/2023\/02\/site-ESAD_Grande-196x275.png 196w, https:\/\/www.ipleiria.pt\/esadcr\/wp-content\/uploads\/sites\/17\/2023\/02\/site-ESAD_Grande-139x195.png 139w\" sizes=\"(max-width: 720px) 100vw, 720px\" \/><\/figure>\n<\/div>\n\n\n\n<div class=\"wp-container-2 wp-block-column\">\n<h2><strong><em>IPLeiria BeActive and Healthy ESAD.CR<\/em><\/strong><\/h2>\n\n\n\n<h4>28.02.2023<br>Escola Superior de Artes e Design<\/h4>\n\n\n\n<p>O Instituto\u00a0Polit\u00e9cnico de Leiria convida toda a Comunidade Acad\u00e9mica a participar no\u00a0<strong><em>IPLeiria BeActive and Healthy ESAD.CR<\/em><\/strong>, a realizar no dia\u00a0<strong>28 de fevereiro de 2023<\/strong>, na ESAD.CR, em Caldas da Rainha.<\/p>\n\n\n\n<p>Esta iniciativa surge no \u00e2mbito da campanha\u00a0<strong>#BEACTIVE<\/strong>,\u00a0promovida em parceria com o Instituto Portugu\u00eas do Desporto e Juventude, e visa\u00a0<strong>fomentar a atividade f\u00edsica e a ado\u00e7\u00e3o de\u00a0h\u00e1bitos de vida saud\u00e1vel<\/strong>\u00a0em toda a Comunidade Acad\u00e9mica.<\/p>\n\n\n\n<h5><strong>Inscri\u00e7\u00e3o<em>online<\/em><\/strong><\/h5>\n\n\n\n<p>(gratuita, mas recomend\u00e1vel)<strong>:<\/strong><a href=\"https:\/\/forms.office.com\/e\/DQUe6ggn2T\" target=\"_blank\" rel=\"noreferrer noopener\"><strong>aqui<\/strong><\/a><strong>.<\/strong><\/p>\n\n\n\n<h4><strong>Programa:<\/strong><\/h4>\n\n\n\n<h4><strong>28 de Fevereiro (<\/strong>Ter\u00e7a-feira)<br>Local:\u00a0<strong>ESAD.CR<\/strong>\u00a0(<em>Campus<\/em>\u00a03 do Polit\u00e9cnico de Leiria)<\/h4>\n\n\n\n<div style=\"height:20px\" aria-hidden=\"true\" class=\"wp-block-spacer\"><\/div>\n\n\n\n<p><strong>11h00 \u00e0s 12h00<\/strong><br><strong>Aula de Yoga<\/strong><br>Centro do Yoga &#8211; \u00c1shrama Leiria\u00a0<\/p>\n\n\n\n<p><strong>13h30 \u00e0s 14h30<\/strong> <br><strong>Aer\u00f3bica<\/strong><br>Os Pimp\u00f5es<\/p>\n\n\n\n<p><strong>14h30 \u00e0s 15h30<\/strong><br><strong>Aula de Karat\u00e9 Shotokan<\/strong><br>Clube Karate Shotokan de Caldas da Rainha<\/p>\n\n\n\n<p><strong>15h30 \u00e0s 16h30<\/strong><br><strong>Aula de Kempo<\/strong><br>AKCR Kempo<\/p>\n\n\n\n<p><strong>16h30 \u00e0s 17h30<\/strong><br><strong>Aula de Body Combat<\/strong><br>Fitness Factory<\/p>\n\n\n\n<p><strong>17h30 \u00e0s 18h30<\/strong><br><strong>Aula de Pilates<\/strong><br>Os Pimp\u00f5es<\/p>\n\n\n\n<div style=\"height:20px\" aria-hidden=\"true\" class=\"wp-block-spacer\"><\/div>\n\n\n\n<p><strong>NOTA:<\/strong>&nbsp;Solicitamos a todos os participantes que tragam \u00e1gua para as atividades.<\/p>\n\n\n\n<p>As atividades s\u00e3o gratuitas, mas de inscri\u00e7\u00e3o obrigat\u00f3ria, e est\u00e3o abertas a toda a Comunidade Acad\u00e9mica.<\/p>\n\n\n\n<h5>Junte-se a n\u00f3s nesta iniciativa!<\/h5>\n\n\n\n<p><\/p>\n<\/div>\n<\/div>\n","protected":false},"excerpt":{"rendered":"28 de Fevereiro de 2023","protected":false},"author":5,"featured_media":21885,"comment_status":"closed","ping_status":"closed","sticky":false,"template":"","format":"standard","meta":{"multilingual_post_translation":"","custompostfields_banners":"","custompostfields_post-association_course-gallery":[],"custompostfields_titulo-homepage":"","custompostfields_event-date":"2023-02-24","custompostfields_event-end-date":"2023-02-24","custompostfields_front-page-gallery-thumbnails":""},"categories":[122,40,1],"tags":[],"_links":{"self":[{"href":"https:\/\/www.ipleiria.pt\/esadcr\/wp-json\/wp\/v2\/posts\/21875"}],"collection":[{"href":"https:\/\/www.ipleiria.pt\/esadcr\/wp-json\/wp\/v2\/posts"}],"about":[{"href":"https:\/\/www.ipleiria.pt\/esadcr\/wp-json\/wp\/v2\/types\/post"}],"author":[{"embeddable":true,"href":"https:\/\/www.ipleiria.pt\/esadcr\/wp-json\/wp\/v2\/users\/5"}],"replies":[{"embeddable":true,"href":"https:\/\/www.ipleiria.pt\/esadcr\/wp-json\/wp\/v2\/comments?post=21875"}],"version-history":[{"count":12,"href":"https:\/\/www.ipleiria.pt\/esadcr\/wp-json\/wp\/v2\/posts\/21875\/revisions"}],"predecessor-version":[{"id":22625,"href":"https:\/\/www.ipleiria.pt\/esadcr\/wp-json\/wp\/v2\/posts\/21875\/revisions\/22625"}],"wp:featuredmedia":[{"embeddable":true,"href":"https:\/\/www.ipleiria.pt\/esadcr\/wp-json\/wp\/v2\/media\/21885"}],"wp:attachment":[{"href":"https:\/\/www.ipleiria.pt\/esadcr\/wp-json\/wp\/v2\/media?parent=21875"}],"wp:term":[{"taxonomy":"category","embeddable":true,"href":"https:\/\/www.ipleiria.pt\/esadcr\/wp-json\/wp\/v2\/categories?post=21875"},{"taxonomy":"post_tag","embeddable":true,"href":"https:\/\/www.ipleiria.pt\/esadcr\/wp-json\/wp\/v2\/tags?post=21875"}],"curies":[{"name":"wp","href":"https:\/\/api.w.org\/{rel}","templated":true}]}}