{"id":24014,"date":"2023-05-26T12:37:22","date_gmt":"2023-05-26T11:37:22","guid":{"rendered":"https:\/\/www.ipleiria.pt\/esadcr\/?p=24014"},"modified":"2023-07-10T11:18:30","modified_gmt":"2023-07-10T10:18:30","slug":"workshop-pedro-salvador-mendes","status":"publish","type":"post","link":"https:\/\/www.ipleiria.pt\/esadcr\/2023\/05\/26\/workshop-pedro-salvador-mendes\/","title":{"rendered":"Workshop &#8211; Pedro Salvador Mendes"},"content":{"rendered":"\n<div class=\"wp-container-5 wp-block-columns\">\n<div class=\"wp-container-3 wp-block-column\">\n<div style=\"height:37px\" aria-hidden=\"true\" class=\"wp-block-spacer\"><\/div>\n\n\n\n<figure class=\"wp-block-image size-full\"><img loading=\"lazy\" width=\"720\" height=\"1019\" src=\"https:\/\/www.ipleiria.pt\/esadcr\/wp-content\/uploads\/sites\/17\/2023\/05\/africa_03.jpg\" alt=\"\" class=\"wp-image-24015\" srcset=\"https:\/\/www.ipleiria.pt\/esadcr\/wp-content\/uploads\/sites\/17\/2023\/05\/africa_03.jpg 720w, https:\/\/www.ipleiria.pt\/esadcr\/wp-content\/uploads\/sites\/17\/2023\/05\/africa_03-212x300.jpg 212w, https:\/\/www.ipleiria.pt\/esadcr\/wp-content\/uploads\/sites\/17\/2023\/05\/africa_03-106x150.jpg 106w, https:\/\/www.ipleiria.pt\/esadcr\/wp-content\/uploads\/sites\/17\/2023\/05\/africa_03-297x420.jpg 297w, https:\/\/www.ipleiria.pt\/esadcr\/wp-content\/uploads\/sites\/17\/2023\/05\/africa_03-276x390.jpg 276w, https:\/\/www.ipleiria.pt\/esadcr\/wp-content\/uploads\/sites\/17\/2023\/05\/africa_03-382x540.jpg 382w, https:\/\/www.ipleiria.pt\/esadcr\/wp-content\/uploads\/sites\/17\/2023\/05\/africa_03-194x275.jpg 194w, https:\/\/www.ipleiria.pt\/esadcr\/wp-content\/uploads\/sites\/17\/2023\/05\/africa_03-138x195.jpg 138w\" sizes=\"(max-width: 720px) 100vw, 720px\" \/><\/figure>\n\n\n\n<figure class=\"wp-container-2 wp-block-gallery-1 wp-block-gallery has-nested-images columns-default is-cropped\">\n<figure class=\"wp-block-image size-large\"><img loading=\"lazy\" width=\"720\" height=\"480\" src=\"https:\/\/www.ipleiria.pt\/esadcr\/wp-content\/uploads\/sites\/17\/2023\/05\/pedro-mendes.jpg\" alt=\"\" class=\"wp-image-24016\" srcset=\"https:\/\/www.ipleiria.pt\/esadcr\/wp-content\/uploads\/sites\/17\/2023\/05\/pedro-mendes.jpg 720w, https:\/\/www.ipleiria.pt\/esadcr\/wp-content\/uploads\/sites\/17\/2023\/05\/pedro-mendes-300x200.jpg 300w, https:\/\/www.ipleiria.pt\/esadcr\/wp-content\/uploads\/sites\/17\/2023\/05\/pedro-mendes-150x100.jpg 150w, https:\/\/www.ipleiria.pt\/esadcr\/wp-content\/uploads\/sites\/17\/2023\/05\/pedro-mendes-390x260.jpg 390w, https:\/\/www.ipleiria.pt\/esadcr\/wp-content\/uploads\/sites\/17\/2023\/05\/pedro-mendes-413x275.jpg 413w, https:\/\/www.ipleiria.pt\/esadcr\/wp-content\/uploads\/sites\/17\/2023\/05\/pedro-mendes-195x130.jpg 195w\" sizes=\"(max-width: 720px) 100vw, 720px\" \/><\/figure>\n<\/figure>\n<\/div>\n\n\n\n<div class=\"wp-container-4 wp-block-column\">\n<h2><em>Natureza em aguarela<\/em><\/h2>\n\n\n\n<h3>Pedro Salvador Mendes<\/h3>\n\n\n\n<h4><strong>WORKSHOP<\/strong><br>31 de maio, 9h30<br>Sala 21, ep2 &#8211; ESAD.CR<\/h4>\n\n\n\n<p><strong>Pedro Salvador Mendes<\/strong> \u00e9 um ilustrador nato, com uma forma\u00e7\u00e3o s\u00f3lida em desenho, pintura e comunica\u00e7\u00e3o visual. Tem uma paix\u00e3o pela natureza, \u00e9 membro do Grupo de amigos da Gorungosa, Mo\u00e7ambique, viajou com o Grupo do Risco pela Amaz\u00f3nia, pela floresta da Laurissilva, e outros lugares especiais.<br>\u00c9 o autor de Sabu \u2013 o Tigre pintor, que escreveu e ilustrou.<br>A sua maior ambi\u00e7\u00e3o \u00e9 poder dar forma e ilustrar grandes ideias, de prefer\u00eancia ligadas \u00e0 natureza e \u00e0 educa\u00e7\u00e3o ambiental.<br>Vem \u00e0 ESAD.CR mostrar e discorrer sobre os desenhos nos seus cadernos de campo, e vem realizar um workshop em aguarela.<\/p>\n\n\n\n<p><\/p>\n<\/div>\n<\/div>\n","protected":false},"excerpt":{"rendered":"31 de maio, 2023","protected":false},"author":5,"featured_media":24017,"comment_status":"closed","ping_status":"closed","sticky":false,"template":"","format":"standard","meta":{"multilingual_post_translation":"{\"en-GB\":{\"url\":\"https:\/\/www.ipleiria.pt\/esadcr-en\/2023\/05\/26\/open-class-pedro-salvador-mendes\/\",\"postID\":null,\"postTitle\":\"\",\"siteID\":22,\"customURL\":true,\"languageInfo\":{\"multilingual_site_api_url\":\"https:\/\/www.ipleiria.pt\/esadcr-en\/wp-json\/\",\"name\":\"English\",\"locale\":\"en_GB\"}}}","custompostfields_banners":"","custompostfields_post-association_course-gallery":[],"custompostfields_titulo-homepage":"","custompostfields_event-date":"2023-05-26","custompostfields_event-end-date":"2023-05-26","custompostfields_front-page-gallery-thumbnails":""},"categories":[122,40],"tags":[],"_links":{"self":[{"href":"https:\/\/www.ipleiria.pt\/esadcr\/wp-json\/wp\/v2\/posts\/24014"}],"collection":[{"href":"https:\/\/www.ipleiria.pt\/esadcr\/wp-json\/wp\/v2\/posts"}],"about":[{"href":"https:\/\/www.ipleiria.pt\/esadcr\/wp-json\/wp\/v2\/types\/post"}],"author":[{"embeddable":true,"href":"https:\/\/www.ipleiria.pt\/esadcr\/wp-json\/wp\/v2\/users\/5"}],"replies":[{"embeddable":true,"href":"https:\/\/www.ipleiria.pt\/esadcr\/wp-json\/wp\/v2\/comments?post=24014"}],"version-history":[{"count":5,"href":"https:\/\/www.ipleiria.pt\/esadcr\/wp-json\/wp\/v2\/posts\/24014\/revisions"}],"predecessor-version":[{"id":24022,"href":"https:\/\/www.ipleiria.pt\/esadcr\/wp-json\/wp\/v2\/posts\/24014\/revisions\/24022"}],"wp:featuredmedia":[{"embeddable":true,"href":"https:\/\/www.ipleiria.pt\/esadcr\/wp-json\/wp\/v2\/media\/24017"}],"wp:attachment":[{"href":"https:\/\/www.ipleiria.pt\/esadcr\/wp-json\/wp\/v2\/media?parent=24014"}],"wp:term":[{"taxonomy":"category","embeddable":true,"href":"https:\/\/www.ipleiria.pt\/esadcr\/wp-json\/wp\/v2\/categories?post=24014"},{"taxonomy":"post_tag","embeddable":true,"href":"https:\/\/www.ipleiria.pt\/esadcr\/wp-json\/wp\/v2\/tags?post=24014"}],"curies":[{"name":"wp","href":"https:\/\/api.w.org\/{rel}","templated":true}]}}