{"id":25924,"date":"2023-10-23T14:52:30","date_gmt":"2023-10-23T14:52:30","guid":{"rendered":"https:\/\/www.ipleiria.pt\/esadcr\/?p=25924"},"modified":"2024-04-04T13:58:46","modified_gmt":"2024-04-04T13:58:46","slug":"sobre-a-natureza-e-as-causas-da-autonomia-dos-artistas","status":"publish","type":"post","link":"https:\/\/www.ipleiria.pt\/esadcr\/2023\/10\/23\/sobre-a-natureza-e-as-causas-da-autonomia-dos-artistas\/","title":{"rendered":"Sobre a natureza e as causas da autonomia dos artistas"},"content":{"rendered":"\n<div class=\"wp-container-3 wp-block-columns\">\n<div class=\"wp-container-1 wp-block-column\">\n<div style=\"height:37px\" aria-hidden=\"true\" class=\"wp-block-spacer\"><\/div>\n\n\n\n<figure class=\"wp-block-image size-full\"><img loading=\"lazy\" width=\"720\" height=\"533\" src=\"https:\/\/www.ipleiria.pt\/esadcr\/wp-content\/uploads\/sites\/17\/2023\/10\/SNCAA_site-interior_int-3.png\" alt=\"\" class=\"wp-image-25941\" srcset=\"https:\/\/www.ipleiria.pt\/esadcr\/wp-content\/uploads\/sites\/17\/2023\/10\/SNCAA_site-interior_int-3.png 720w, https:\/\/www.ipleiria.pt\/esadcr\/wp-content\/uploads\/sites\/17\/2023\/10\/SNCAA_site-interior_int-3-300x222.png 300w, https:\/\/www.ipleiria.pt\/esadcr\/wp-content\/uploads\/sites\/17\/2023\/10\/SNCAA_site-interior_int-3-150x111.png 150w, https:\/\/www.ipleiria.pt\/esadcr\/wp-content\/uploads\/sites\/17\/2023\/10\/SNCAA_site-interior_int-3-390x289.png 390w, https:\/\/www.ipleiria.pt\/esadcr\/wp-content\/uploads\/sites\/17\/2023\/10\/SNCAA_site-interior_int-3-371x275.png 371w, https:\/\/www.ipleiria.pt\/esadcr\/wp-content\/uploads\/sites\/17\/2023\/10\/SNCAA_site-interior_int-3-195x144.png 195w\" sizes=\"(max-width: 720px) 100vw, 720px\" \/><\/figure>\n\n\n\n<figure class=\"wp-block-image size-full\"><img loading=\"lazy\" width=\"720\" height=\"1037\" src=\"https:\/\/www.ipleiria.pt\/esadcr\/wp-content\/uploads\/sites\/17\/2023\/10\/SNCAA_site-interior_int2.png\" alt=\"\" class=\"wp-image-25942\" srcset=\"https:\/\/www.ipleiria.pt\/esadcr\/wp-content\/uploads\/sites\/17\/2023\/10\/SNCAA_site-interior_int2.png 720w, https:\/\/www.ipleiria.pt\/esadcr\/wp-content\/uploads\/sites\/17\/2023\/10\/SNCAA_site-interior_int2-208x300.png 208w, https:\/\/www.ipleiria.pt\/esadcr\/wp-content\/uploads\/sites\/17\/2023\/10\/SNCAA_site-interior_int2-104x150.png 104w, https:\/\/www.ipleiria.pt\/esadcr\/wp-content\/uploads\/sites\/17\/2023\/10\/SNCAA_site-interior_int2-292x420.png 292w, https:\/\/www.ipleiria.pt\/esadcr\/wp-content\/uploads\/sites\/17\/2023\/10\/SNCAA_site-interior_int2-271x390.png 271w, https:\/\/www.ipleiria.pt\/esadcr\/wp-content\/uploads\/sites\/17\/2023\/10\/SNCAA_site-interior_int2-375x540.png 375w, https:\/\/www.ipleiria.pt\/esadcr\/wp-content\/uploads\/sites\/17\/2023\/10\/SNCAA_site-interior_int2-191x275.png 191w, https:\/\/www.ipleiria.pt\/esadcr\/wp-content\/uploads\/sites\/17\/2023\/10\/SNCAA_site-interior_int2-135x195.png 135w\" sizes=\"(max-width: 720px) 100vw, 720px\" \/><\/figure>\n\n\n\n<figure class=\"wp-block-image size-full\"><img loading=\"lazy\" width=\"720\" height=\"929\" src=\"https:\/\/www.ipleiria.pt\/esadcr\/wp-content\/uploads\/sites\/17\/2023\/10\/SNCAA_site-interior_int3.png\" alt=\"\" class=\"wp-image-25943\" srcset=\"https:\/\/www.ipleiria.pt\/esadcr\/wp-content\/uploads\/sites\/17\/2023\/10\/SNCAA_site-interior_int3.png 720w, https:\/\/www.ipleiria.pt\/esadcr\/wp-content\/uploads\/sites\/17\/2023\/10\/SNCAA_site-interior_int3-233x300.png 233w, https:\/\/www.ipleiria.pt\/esadcr\/wp-content\/uploads\/sites\/17\/2023\/10\/SNCAA_site-interior_int3-116x150.png 116w, https:\/\/www.ipleiria.pt\/esadcr\/wp-content\/uploads\/sites\/17\/2023\/10\/SNCAA_site-interior_int3-300x387.png 300w, https:\/\/www.ipleiria.pt\/esadcr\/wp-content\/uploads\/sites\/17\/2023\/10\/SNCAA_site-interior_int3-302x390.png 302w, https:\/\/www.ipleiria.pt\/esadcr\/wp-content\/uploads\/sites\/17\/2023\/10\/SNCAA_site-interior_int3-419x540.png 419w, https:\/\/www.ipleiria.pt\/esadcr\/wp-content\/uploads\/sites\/17\/2023\/10\/SNCAA_site-interior_int3-213x275.png 213w, https:\/\/www.ipleiria.pt\/esadcr\/wp-content\/uploads\/sites\/17\/2023\/10\/SNCAA_site-interior_int3-151x195.png 151w\" sizes=\"(max-width: 720px) 100vw, 720px\" \/><\/figure>\n<\/div>\n\n\n\n<div class=\"wp-container-2 wp-block-column\">\n<h2><em>Sobre a natureza e as causas da autonomia dos artistas<\/em><\/h2>\n\n\n\n<h5>Evento organizado no \u00e2mbito da Licenciatura em Artes Visuais da EAAD e do Mestrado em Artes Pl\u00e1sticas da ESAD.CR.<\/h5>\n\n\n\n<h4><strong>SEMIN\u00c1RIO<\/strong><br>26 DE OUTUBRO DE 2023<br><strong>EAAD<\/strong> &#8211; ESCOLA DE ARQUITETURA, ARTE E DESIGN, UNIVERSIDADE DO MINHO<\/h4>\n\n\n\n<h4><br>30 DE OUTUBRO DE 2023<br><strong>ESAD.CR<\/strong> &#8211; ESCOLA SUPERIOR DE ARTES E DESIGN, INST. POLIT\u00c9CNICO DE LEIRIA<br>ANFITEATRO DE DESENHO, NA SALA 9, DO EP.1<\/h4>\n\n\n\n<div style=\"height:20px\" aria-hidden=\"true\" class=\"wp-block-spacer\"><\/div>\n\n\n\n<p>O evento <strong><em>\u201cSobre a natureza e as causas da autonomia dos artistas\u201d<\/em><\/strong> tendo como finalidade problematizar a economia do artista visual e o modo como a sua realidade financeira determina a sua atua\u00e7\u00e3o e produ\u00e7\u00e3o. Mais concretamente, visa discutir a(s) natureza(s) e a(s) causa(s) da realidade econ\u00f3mica do artista visual no contexto portugu\u00eas e, com isso, promover a reflex\u00e3o sobre o seu poder de atua\u00e7\u00e3o cultural, social e pol\u00edtico.<\/p>\n\n\n\n<p>A autonomia\/economia do artista visual \u00e9 um tema estrutural na pr\u00e1tica art\u00edstica que teve origem no s\u00e9c. XVIII, aquando da cis\u00e3o entre arte e artesanato, ou entre as figuras do artista e do artes\u00e3o. A nova condi\u00e7\u00e3o de autonomia patronal trouxe novos desafios no que diz respeito ao modo de atua\u00e7\u00e3o e de sobreviv\u00eancia do artista. Esta mudan\u00e7a cultural foi acentuada a partir do Modernismo com a incorpora\u00e7\u00e3o e a legitima\u00e7\u00e3o de novos modos de atua\u00e7\u00e3o do artista, cuja atividade se expandiu para as \u00e1reas da curadoria, da cr\u00edtica, da teoriza\u00e7\u00e3o, da produ\u00e7\u00e3o, da media\u00e7\u00e3o e da educa\u00e7\u00e3o, ao mesmo tempo que desenvolvia pr\u00e1ticas art\u00edsticas colaborativas e participativas.<\/p>\n\n\n\n<p>Procuramos assim equacionar as seguintes quest\u00f5es: Como \u00e9 constru\u00edda a autonomia financeira do artista visual no contexto portugu\u00eas? Que rela\u00e7\u00f5es se podem estabelecer entre arte e economia na perspetiva do artista visual? Como trabalha o artista visual contempor\u00e2neo? Como se estabelecem as rela\u00e7\u00f5es de apoio institucional?; Como funciona o mercado da arte? Como superar a precariedade do artista visual?<\/p>\n\n\n\n<p>Neste \u00e2mbito, ser\u00e3o evocados e debatidos conceitos de economia, mercado, valor de produ\u00e7\u00e3o, valor da obra de arte, valor institucional, reconhecimento, apresenta\u00e7\u00e3o, circula\u00e7\u00e3o, divulga\u00e7\u00e3o, precariza\u00e7\u00e3o, autonomia, entre outros.<\/p>\n\n\n\n<p>O semin\u00e1rio tem como p\u00fablico-alvo principal os estudantes de artes visuais da Escola de Arquitetura, Arte e Design &#8211; EAAD da Universidade do Minho, bem como os estudantes da Escola Superior de Artes e Design, Caldas da Rainha do Polit\u00e9cnico de Leiria &#8211; ESAD. CR. Dirige-se tamb\u00e9m a docentes e investigadores da \u00e1rea, e a sua realiza\u00e7\u00e3o em formato h\u00edbrido (presencial e online) permite, ainda, atingir outros p\u00fablicos para al\u00e9m da comunidade acad\u00e9mica.&nbsp;<\/p>\n\n\n\n<p>O semin\u00e1rio ter\u00e1 a dura\u00e7\u00e3o de um dia em cada uma das institui\u00e7\u00f5es e ser\u00e1 integrado em algumas Unidades Curriculares das respectivas Licenciaturas e Mestrados.<\/p>\n\n\n\n<p>Evento organizado no \u00e2mbito da Licenciatura em Artes Visuais da EAAD e do Mestrado em Artes Pl\u00e1sticas da ESAD.CR.<\/p>\n\n\n\n<hr class=\"wp-block-separator has-alpha-channel-opacity\"\/>\n\n\n\n<h4>26 DE OUTUBRO DE 2023<br><strong>EAAD<\/strong> &#8211; ESCOLA DE ARQUITETURA, ARTE E DESIGN, UNIVERSIDADE DO MINHO<\/h4>\n\n\n\n<p>Youtube da EAAD <br><a rel=\"noreferrer noopener\" href=\"https:\/\/www.youtube.com\/@eauminho\/streams\" target=\"_blank\">https:\/\/www.youtube.com\/@eauminho\/streams<\/a><\/p>\n\n\n\n<hr class=\"wp-block-separator has-alpha-channel-opacity\"\/>\n\n\n\n<h4>30 DE OUTUBRO DE 2023<br><strong>ESAD.CR<\/strong> &#8211; ESCOLA SUPERIOR DE ARTES E DESIGN, INST. POLIT\u00c9CNICO DE LEIRIA<br>ANFITEATRO DE DESENHO, NA SALA 9, DO EP.1<\/h4>\n\n\n\n<p><strong>T\u00f3pico: autonomia do artista: manh\u00e3<\/strong><\/p>\n\n\n\n<p><strong>Hor\u00e1rio: 30 out. 2023 10:00 da manh\u00e3 Lisboa<\/strong><\/p>\n\n\n\n<p><em>Entrar Zoom Reuni\u00e3o<\/em><\/p>\n\n\n\n<p><a href=\"https:\/\/videoconf-colibri.zoom.us\/j\/97619179572?pwd=MkVmVEZsbDV2V0o4QjA2WitaSXdIQT09\" target=\"_blank\" rel=\"noreferrer noopener\">https:\/\/videoconf-colibri.zoom.us\/j\/97619179572?pwd=MkVmVEZsbDV2V0o4QjA2WitaSXdIQT09<\/a><\/p>\n\n\n\n<p>ID da reuni\u00e3o: 976 1917 9572<\/p>\n\n\n\n<p>Senha: 150659<\/p>\n\n\n\n<p><strong>T\u00f3pico: workshop express: bolsas, resid\u00eancias e afins<\/strong><\/p>\n\n\n\n<p><strong>Hor\u00e1rio: 30 out. 2023 12:30 da tarde Lisboa<\/strong><\/p>\n\n\n\n<p><em>Entrar Zoom Reuni\u00e3o<\/em><\/p>\n\n\n\n<p><a href=\"https:\/\/videoconf-colibri.zoom.us\/j\/95919773433?pwd=ZEorTHJ6aGloWkVEbmVLZjBmOGtmZz09\" target=\"_blank\" rel=\"noreferrer noopener\">https:\/\/videoconf-colibri.zoom.us\/j\/95919773433?pwd=ZEorTHJ6aGloWkVEbmVLZjBmOGtmZz09<\/a><\/p>\n\n\n\n<p>ID da reuni\u00e3o: 959 1977 3433<\/p>\n\n\n\n<p>Senha: 670187<\/p>\n\n\n\n<p><strong>T\u00f3pico: autonomia do artista: outros mediadores<\/strong><\/p>\n\n\n\n<p>Hor\u00e1rio: 30 out. 2023 02:30 da tarde Lisboa<\/p>\n\n\n\n<p><em>Entrar Zoom Reuni\u00e3o<\/em><\/p>\n\n\n\n<p><a href=\"https:\/\/videoconf-colibri.zoom.us\/j\/93205884852?pwd=QTBmUWNWV1RoMDhrTWhXWjVPZUFsQT09\" target=\"_blank\" rel=\"noreferrer noopener\">https:\/\/videoconf-colibri.zoom.us\/j\/93205884852?pwd=QTBmUWNWV1RoMDhrTWhXWjVPZUFsQT09<\/a><\/p>\n\n\n\n<p>ID da reuni\u00e3o: 932 0588 4852<\/p>\n\n\n\n<p>Senha: 407224<\/p>\n<\/div>\n<\/div>\n\n\n\n<figure class=\"wp-container-5 wp-block-gallery-4 wp-block-gallery alignfull has-nested-images columns-2 is-cropped\">\n<figure class=\"wp-block-image size-large\"><img loading=\"lazy\" width=\"960\" height=\"640\" data-id=\"26055\"  src=\"https:\/\/www.ipleiria.pt\/esadcr\/wp-content\/uploads\/sites\/17\/2023\/10\/23_10_Sobre_natureza_artistas_Baraona-6.jpg\" alt=\"\" class=\"wp-image-26055\" srcset=\"https:\/\/www.ipleiria.pt\/esadcr\/wp-content\/uploads\/sites\/17\/2023\/10\/23_10_Sobre_natureza_artistas_Baraona-6.jpg 960w, https:\/\/www.ipleiria.pt\/esadcr\/wp-content\/uploads\/sites\/17\/2023\/10\/23_10_Sobre_natureza_artistas_Baraona-6-300x200.jpg 300w, https:\/\/www.ipleiria.pt\/esadcr\/wp-content\/uploads\/sites\/17\/2023\/10\/23_10_Sobre_natureza_artistas_Baraona-6-150x100.jpg 150w, https:\/\/www.ipleiria.pt\/esadcr\/wp-content\/uploads\/sites\/17\/2023\/10\/23_10_Sobre_natureza_artistas_Baraona-6-768x512.jpg 768w, https:\/\/www.ipleiria.pt\/esadcr\/wp-content\/uploads\/sites\/17\/2023\/10\/23_10_Sobre_natureza_artistas_Baraona-6-390x260.jpg 390w, https:\/\/www.ipleiria.pt\/esadcr\/wp-content\/uploads\/sites\/17\/2023\/10\/23_10_Sobre_natureza_artistas_Baraona-6-810x540.jpg 810w, https:\/\/www.ipleiria.pt\/esadcr\/wp-content\/uploads\/sites\/17\/2023\/10\/23_10_Sobre_natureza_artistas_Baraona-6-413x275.jpg 413w, https:\/\/www.ipleiria.pt\/esadcr\/wp-content\/uploads\/sites\/17\/2023\/10\/23_10_Sobre_natureza_artistas_Baraona-6-195x130.jpg 195w\" sizes=\"(max-width: 960px) 100vw, 960px\" \/><\/figure>\n\n\n\n<figure class=\"wp-block-image size-large\"><img loading=\"lazy\" width=\"960\" height=\"640\" data-id=\"26053\"  src=\"https:\/\/www.ipleiria.pt\/esadcr\/wp-content\/uploads\/sites\/17\/2023\/10\/23_10_Sobre_natureza_artistas_Baraona-8.jpg\" alt=\"\" class=\"wp-image-26053\" srcset=\"https:\/\/www.ipleiria.pt\/esadcr\/wp-content\/uploads\/sites\/17\/2023\/10\/23_10_Sobre_natureza_artistas_Baraona-8.jpg 960w, https:\/\/www.ipleiria.pt\/esadcr\/wp-content\/uploads\/sites\/17\/2023\/10\/23_10_Sobre_natureza_artistas_Baraona-8-300x200.jpg 300w, https:\/\/www.ipleiria.pt\/esadcr\/wp-content\/uploads\/sites\/17\/2023\/10\/23_10_Sobre_natureza_artistas_Baraona-8-150x100.jpg 150w, https:\/\/www.ipleiria.pt\/esadcr\/wp-content\/uploads\/sites\/17\/2023\/10\/23_10_Sobre_natureza_artistas_Baraona-8-768x512.jpg 768w, https:\/\/www.ipleiria.pt\/esadcr\/wp-content\/uploads\/sites\/17\/2023\/10\/23_10_Sobre_natureza_artistas_Baraona-8-390x260.jpg 390w, https:\/\/www.ipleiria.pt\/esadcr\/wp-content\/uploads\/sites\/17\/2023\/10\/23_10_Sobre_natureza_artistas_Baraona-8-810x540.jpg 810w, https:\/\/www.ipleiria.pt\/esadcr\/wp-content\/uploads\/sites\/17\/2023\/10\/23_10_Sobre_natureza_artistas_Baraona-8-413x275.jpg 413w, https:\/\/www.ipleiria.pt\/esadcr\/wp-content\/uploads\/sites\/17\/2023\/10\/23_10_Sobre_natureza_artistas_Baraona-8-195x130.jpg 195w\" sizes=\"(max-width: 960px) 100vw, 960px\" \/><\/figure>\n\n\n\n<figure class=\"wp-block-image size-large\"><img loading=\"lazy\" width=\"960\" height=\"640\" data-id=\"26051\"  src=\"https:\/\/www.ipleiria.pt\/esadcr\/wp-content\/uploads\/sites\/17\/2023\/10\/23_10_Sobre_natureza_artistas_Baraona-14.jpg\" alt=\"\" class=\"wp-image-26051\" srcset=\"https:\/\/www.ipleiria.pt\/esadcr\/wp-content\/uploads\/sites\/17\/2023\/10\/23_10_Sobre_natureza_artistas_Baraona-14.jpg 960w, https:\/\/www.ipleiria.pt\/esadcr\/wp-content\/uploads\/sites\/17\/2023\/10\/23_10_Sobre_natureza_artistas_Baraona-14-300x200.jpg 300w, https:\/\/www.ipleiria.pt\/esadcr\/wp-content\/uploads\/sites\/17\/2023\/10\/23_10_Sobre_natureza_artistas_Baraona-14-150x100.jpg 150w, https:\/\/www.ipleiria.pt\/esadcr\/wp-content\/uploads\/sites\/17\/2023\/10\/23_10_Sobre_natureza_artistas_Baraona-14-768x512.jpg 768w, https:\/\/www.ipleiria.pt\/esadcr\/wp-content\/uploads\/sites\/17\/2023\/10\/23_10_Sobre_natureza_artistas_Baraona-14-390x260.jpg 390w, https:\/\/www.ipleiria.pt\/esadcr\/wp-content\/uploads\/sites\/17\/2023\/10\/23_10_Sobre_natureza_artistas_Baraona-14-810x540.jpg 810w, https:\/\/www.ipleiria.pt\/esadcr\/wp-content\/uploads\/sites\/17\/2023\/10\/23_10_Sobre_natureza_artistas_Baraona-14-413x275.jpg 413w, https:\/\/www.ipleiria.pt\/esadcr\/wp-content\/uploads\/sites\/17\/2023\/10\/23_10_Sobre_natureza_artistas_Baraona-14-195x130.jpg 195w\" sizes=\"(max-width: 960px) 100vw, 960px\" \/><\/figure>\n\n\n\n<figure class=\"wp-block-image size-large\"><img loading=\"lazy\" width=\"960\" height=\"640\" data-id=\"26052\"  src=\"https:\/\/www.ipleiria.pt\/esadcr\/wp-content\/uploads\/sites\/17\/2023\/10\/23_10_Sobre_natureza_artistas_Baraona-16.jpg\" alt=\"\" class=\"wp-image-26052\" srcset=\"https:\/\/www.ipleiria.pt\/esadcr\/wp-content\/uploads\/sites\/17\/2023\/10\/23_10_Sobre_natureza_artistas_Baraona-16.jpg 960w, https:\/\/www.ipleiria.pt\/esadcr\/wp-content\/uploads\/sites\/17\/2023\/10\/23_10_Sobre_natureza_artistas_Baraona-16-300x200.jpg 300w, https:\/\/www.ipleiria.pt\/esadcr\/wp-content\/uploads\/sites\/17\/2023\/10\/23_10_Sobre_natureza_artistas_Baraona-16-150x100.jpg 150w, https:\/\/www.ipleiria.pt\/esadcr\/wp-content\/uploads\/sites\/17\/2023\/10\/23_10_Sobre_natureza_artistas_Baraona-16-768x512.jpg 768w, https:\/\/www.ipleiria.pt\/esadcr\/wp-content\/uploads\/sites\/17\/2023\/10\/23_10_Sobre_natureza_artistas_Baraona-16-390x260.jpg 390w, https:\/\/www.ipleiria.pt\/esadcr\/wp-content\/uploads\/sites\/17\/2023\/10\/23_10_Sobre_natureza_artistas_Baraona-16-810x540.jpg 810w, https:\/\/www.ipleiria.pt\/esadcr\/wp-content\/uploads\/sites\/17\/2023\/10\/23_10_Sobre_natureza_artistas_Baraona-16-413x275.jpg 413w, https:\/\/www.ipleiria.pt\/esadcr\/wp-content\/uploads\/sites\/17\/2023\/10\/23_10_Sobre_natureza_artistas_Baraona-16-195x130.jpg 195w\" sizes=\"(max-width: 960px) 100vw, 960px\" \/><\/figure>\n\n\n\n<figure class=\"wp-block-image size-large\"><img loading=\"lazy\" width=\"960\" height=\"640\" data-id=\"26054\"  src=\"https:\/\/www.ipleiria.pt\/esadcr\/wp-content\/uploads\/sites\/17\/2023\/10\/23_10_Sobre_natureza_artistas_Baraona-17.jpg\" alt=\"\" class=\"wp-image-26054\" srcset=\"https:\/\/www.ipleiria.pt\/esadcr\/wp-content\/uploads\/sites\/17\/2023\/10\/23_10_Sobre_natureza_artistas_Baraona-17.jpg 960w, https:\/\/www.ipleiria.pt\/esadcr\/wp-content\/uploads\/sites\/17\/2023\/10\/23_10_Sobre_natureza_artistas_Baraona-17-300x200.jpg 300w, https:\/\/www.ipleiria.pt\/esadcr\/wp-content\/uploads\/sites\/17\/2023\/10\/23_10_Sobre_natureza_artistas_Baraona-17-150x100.jpg 150w, https:\/\/www.ipleiria.pt\/esadcr\/wp-content\/uploads\/sites\/17\/2023\/10\/23_10_Sobre_natureza_artistas_Baraona-17-768x512.jpg 768w, https:\/\/www.ipleiria.pt\/esadcr\/wp-content\/uploads\/sites\/17\/2023\/10\/23_10_Sobre_natureza_artistas_Baraona-17-390x260.jpg 390w, https:\/\/www.ipleiria.pt\/esadcr\/wp-content\/uploads\/sites\/17\/2023\/10\/23_10_Sobre_natureza_artistas_Baraona-17-810x540.jpg 810w, https:\/\/www.ipleiria.pt\/esadcr\/wp-content\/uploads\/sites\/17\/2023\/10\/23_10_Sobre_natureza_artistas_Baraona-17-413x275.jpg 413w, https:\/\/www.ipleiria.pt\/esadcr\/wp-content\/uploads\/sites\/17\/2023\/10\/23_10_Sobre_natureza_artistas_Baraona-17-195x130.jpg 195w\" sizes=\"(max-width: 960px) 100vw, 960px\" \/><\/figure>\n\n\n\n<figure class=\"wp-block-image size-large\"><img loading=\"lazy\" width=\"960\" height=\"640\" data-id=\"26050\"  src=\"https:\/\/www.ipleiria.pt\/esadcr\/wp-content\/uploads\/sites\/17\/2023\/10\/23_10_Sobre_natureza_artistas_Baraona-20.jpg\" alt=\"\" class=\"wp-image-26050\" srcset=\"https:\/\/www.ipleiria.pt\/esadcr\/wp-content\/uploads\/sites\/17\/2023\/10\/23_10_Sobre_natureza_artistas_Baraona-20.jpg 960w, https:\/\/www.ipleiria.pt\/esadcr\/wp-content\/uploads\/sites\/17\/2023\/10\/23_10_Sobre_natureza_artistas_Baraona-20-300x200.jpg 300w, https:\/\/www.ipleiria.pt\/esadcr\/wp-content\/uploads\/sites\/17\/2023\/10\/23_10_Sobre_natureza_artistas_Baraona-20-150x100.jpg 150w, https:\/\/www.ipleiria.pt\/esadcr\/wp-content\/uploads\/sites\/17\/2023\/10\/23_10_Sobre_natureza_artistas_Baraona-20-768x512.jpg 768w, https:\/\/www.ipleiria.pt\/esadcr\/wp-content\/uploads\/sites\/17\/2023\/10\/23_10_Sobre_natureza_artistas_Baraona-20-390x260.jpg 390w, https:\/\/www.ipleiria.pt\/esadcr\/wp-content\/uploads\/sites\/17\/2023\/10\/23_10_Sobre_natureza_artistas_Baraona-20-810x540.jpg 810w, https:\/\/www.ipleiria.pt\/esadcr\/wp-content\/uploads\/sites\/17\/2023\/10\/23_10_Sobre_natureza_artistas_Baraona-20-413x275.jpg 413w, https:\/\/www.ipleiria.pt\/esadcr\/wp-content\/uploads\/sites\/17\/2023\/10\/23_10_Sobre_natureza_artistas_Baraona-20-195x130.jpg 195w\" sizes=\"(max-width: 960px) 100vw, 960px\" \/><\/figure>\n<\/figure>\n","protected":false},"excerpt":{"rendered":"26 e 30 de outubro de 2023","protected":false},"author":5,"featured_media":25925,"comment_status":"closed","ping_status":"closed","sticky":false,"template":"","format":"standard","meta":{"multilingual_post_translation":"","custompostfields_banners":"","custompostfields_post-association_course-gallery":[],"custompostfields_titulo-homepage":"","custompostfields_event-date":"2023-10-12","custompostfields_event-end-date":"2023-10-12","custompostfields_front-page-gallery-thumbnails":""},"categories":[122,141,40],"tags":[],"_links":{"self":[{"href":"https:\/\/www.ipleiria.pt\/esadcr\/wp-json\/wp\/v2\/posts\/25924"}],"collection":[{"href":"https:\/\/www.ipleiria.pt\/esadcr\/wp-json\/wp\/v2\/posts"}],"about":[{"href":"https:\/\/www.ipleiria.pt\/esadcr\/wp-json\/wp\/v2\/types\/post"}],"author":[{"embeddable":true,"href":"https:\/\/www.ipleiria.pt\/esadcr\/wp-json\/wp\/v2\/users\/5"}],"replies":[{"embeddable":true,"href":"https:\/\/www.ipleiria.pt\/esadcr\/wp-json\/wp\/v2\/comments?post=25924"}],"version-history":[{"count":27,"href":"https:\/\/www.ipleiria.pt\/esadcr\/wp-json\/wp\/v2\/posts\/25924\/revisions"}],"predecessor-version":[{"id":31193,"href":"https:\/\/www.ipleiria.pt\/esadcr\/wp-json\/wp\/v2\/posts\/25924\/revisions\/31193"}],"wp:featuredmedia":[{"embeddable":true,"href":"https:\/\/www.ipleiria.pt\/esadcr\/wp-json\/wp\/v2\/media\/25925"}],"wp:attachment":[{"href":"https:\/\/www.ipleiria.pt\/esadcr\/wp-json\/wp\/v2\/media?parent=25924"}],"wp:term":[{"taxonomy":"category","embeddable":true,"href":"https:\/\/www.ipleiria.pt\/esadcr\/wp-json\/wp\/v2\/categories?post=25924"},{"taxonomy":"post_tag","embeddable":true,"href":"https:\/\/www.ipleiria.pt\/esadcr\/wp-json\/wp\/v2\/tags?post=25924"}],"curies":[{"name":"wp","href":"https:\/\/api.w.org\/{rel}","templated":true}]}}