{"id":26240,"date":"2023-11-14T14:59:17","date_gmt":"2023-11-14T14:59:17","guid":{"rendered":"https:\/\/www.ipleiria.pt\/esadcr\/?p=26240"},"modified":"2024-04-04T14:00:51","modified_gmt":"2024-04-04T14:00:51","slug":"aula-aberta-raquel-schefer","status":"publish","type":"post","link":"https:\/\/www.ipleiria.pt\/esadcr\/2023\/11\/14\/aula-aberta-raquel-schefer\/","title":{"rendered":"Aula Aberta &#8211; Raquel Schefer"},"content":{"rendered":"\n<div class=\"wp-container-3 wp-block-columns\">\n<div class=\"wp-container-1 wp-block-column\">\n<div style=\"height:37px\" aria-hidden=\"true\" class=\"wp-block-spacer\"><\/div>\n\n\n\n<figure class=\"wp-block-image size-full\"><img loading=\"lazy\" width=\"720\" height=\"404\" src=\"https:\/\/www.ipleiria.pt\/esadcr\/wp-content\/uploads\/sites\/17\/2023\/11\/TerritorioStill1_670_site.jpg\" alt=\"\" class=\"wp-image-26241\" srcset=\"https:\/\/www.ipleiria.pt\/esadcr\/wp-content\/uploads\/sites\/17\/2023\/11\/TerritorioStill1_670_site.jpg 720w, https:\/\/www.ipleiria.pt\/esadcr\/wp-content\/uploads\/sites\/17\/2023\/11\/TerritorioStill1_670_site-300x168.jpg 300w, https:\/\/www.ipleiria.pt\/esadcr\/wp-content\/uploads\/sites\/17\/2023\/11\/TerritorioStill1_670_site-150x84.jpg 150w, https:\/\/www.ipleiria.pt\/esadcr\/wp-content\/uploads\/sites\/17\/2023\/11\/TerritorioStill1_670_site-390x219.jpg 390w, https:\/\/www.ipleiria.pt\/esadcr\/wp-content\/uploads\/sites\/17\/2023\/11\/TerritorioStill1_670_site-490x275.jpg 490w, https:\/\/www.ipleiria.pt\/esadcr\/wp-content\/uploads\/sites\/17\/2023\/11\/TerritorioStill1_670_site-195x109.jpg 195w\" sizes=\"(max-width: 720px) 100vw, 720px\" \/><figcaption><strong><em>&#8220;Territorio&#8221;<\/em> (2016), Alexandra Cuesta.&nbsp;<\/strong><\/figcaption><\/figure>\n<\/div>\n\n\n\n<div class=\"wp-container-2 wp-block-column\">\n<h2><strong><em><strong>Do cinema anti-colonial \u00e0s pr\u00e1ticas cinematogr\u00e1ficas decoloniais: po\u00e9ticas, pol\u00edticas, epistemologias<\/strong> como indutora de Vis\u00e3o<\/em><\/strong><\/h2>\n\n\n\n<h3>Raquel Schefer<\/h3>\n\n\n\n<h4><strong>AULAS ABERTAS DE SEMIN\u00c1RIO DE INVESTIGA\u00c7\u00c3O<\/strong><br>21 DE NOVEMBRO DE 2023, 14:00H<br>SALA 34 DO EP.1 &#8211; ESAD.CR<\/h4>\n\n\n\n<p>Partindo da minha tese de doutoramento, no \u00e2mbito da qual, tomando como objecto de estudo central o cinema revolucion\u00e1rio mo\u00e7ambicano, examinei a evolu\u00e7\u00e3o formal do cinema militante e engajado \u2014 as formas do pol\u00edtico e a pol\u00edtica das formas \u2014, investiga\u00e7\u00e3o prolongada no quadro de um projecto de p\u00f3s-doutoramento em que me debrucei sobre as ambival\u00eancias do cinema anti-colonial \u00e0 luz das rela\u00e7\u00f5es entre modernismos e primivitismos, esta sess\u00e3o prop\u00f5e-se analisar os cinemas anti-coloniais, p\u00f3s-coloniais e decoloniais a partir de uma perspectiva comparatista e transhist\u00f3rica. Num primeiro tempo, debru\u00e7ar-me-ei sobre o cinema revolucion\u00e1rio mo\u00e7ambicano, que emerge como um \u201cpr\u00e9-cinema\u201d no contexto da luta de liberta\u00e7\u00e3o anti-colonial. No quadro da cultura de liberta\u00e7\u00e3o transnacional das d\u00e9cadas de sessenta e setenta, a descoloniza\u00e7\u00e3o pol\u00edtica e econ\u00f3mica \u00e9 entendida como insepar\u00e1vel da descoloniza\u00e7\u00e3o da cultura, do conhecimento e das formas de representa\u00e7\u00e3o, incluindo cinematogr\u00e1ficas.<br>Numa segunda etapa, abordarei a desestrutura\u00e7\u00e3o da hist\u00f3ria, da mem\u00f3ria e das formas cinematogr\u00e1ficas anti-coloniais pelos cinemas p\u00f3s-coloniais, apoiando-me nos conceitos de \u201cterceira forma\u201d, de Roland Barthes, e de \u201cterceiro espa\u00e7o\u201d, de Homi K. Bhabha. Por fim, examinarei, a partir de exemplos do cinema latino-americano contempor\u00e2neo, nomeadamente dos cinemas aut\u00f3ctones, um conjunto de procedimentos metodol\u00f3gicos decoloniais que procuram desvincular epistemologicamente a est\u00e9tica do paradigma do colonialismo insepar\u00e1vel da modernidade.<\/p>\n\n\n\n<p><strong>Raquel Schefer <\/strong>is a researcher, director, programmer and Associate Professor at the Sorbonne Nouvelle University. She has a PhD in Film and Audiovisual Studies from the Sorbonne Nouvelle University, a Master&#8217;s degree in Documentary Film from the Universidad del Cine de Buenos Aires and a degree in Communication Sciences from the Universidade Nova de Lisboa. She has published El Autorretrato en el Documental, as well as several book chapters and articles. She has been an Assistant Professor at Grenoble Alpes University, a lecturer at the Universities of Paris Est &#8211; Marne-la-Vall\u00e9e, Rennes 2, the Universidad del Cine de Buenos Aires, the Universidad de la Comunicaci\u00f3n in Mexico City and El\u00edas Querejeta Zine Eskola, as well as a guest researcher at the University of California, Los Angeles. She was an FCT postdoctoral fellow at the CEC\/University of Lisbon, the IHC\/Universidade Nova de Lisboa and the University of the Western Cape. She is co-editor of the journal of film theory and history La Furia Umana and programme advisor to the International Film Festival Rotterdam (IDFA).<\/p>\n<\/div>\n<\/div>\n\n\n\n<figure class=\"wp-container-5 wp-block-gallery-4 wp-block-gallery alignfull has-nested-images columns-2 is-cropped\">\n<figure class=\"wp-block-image size-large\"><img loading=\"lazy\" width=\"960\" height=\"640\" data-id=\"26458\"  src=\"https:\/\/www.ipleiria.pt\/esadcr\/wp-content\/uploads\/sites\/17\/2023\/11\/23_11_Raquel_Schefer_aula_aberta-16.jpg\" alt=\"\" class=\"wp-image-26458\" srcset=\"https:\/\/www.ipleiria.pt\/esadcr\/wp-content\/uploads\/sites\/17\/2023\/11\/23_11_Raquel_Schefer_aula_aberta-16.jpg 960w, https:\/\/www.ipleiria.pt\/esadcr\/wp-content\/uploads\/sites\/17\/2023\/11\/23_11_Raquel_Schefer_aula_aberta-16-300x200.jpg 300w, https:\/\/www.ipleiria.pt\/esadcr\/wp-content\/uploads\/sites\/17\/2023\/11\/23_11_Raquel_Schefer_aula_aberta-16-150x100.jpg 150w, https:\/\/www.ipleiria.pt\/esadcr\/wp-content\/uploads\/sites\/17\/2023\/11\/23_11_Raquel_Schefer_aula_aberta-16-768x512.jpg 768w, https:\/\/www.ipleiria.pt\/esadcr\/wp-content\/uploads\/sites\/17\/2023\/11\/23_11_Raquel_Schefer_aula_aberta-16-390x260.jpg 390w, https:\/\/www.ipleiria.pt\/esadcr\/wp-content\/uploads\/sites\/17\/2023\/11\/23_11_Raquel_Schefer_aula_aberta-16-810x540.jpg 810w, https:\/\/www.ipleiria.pt\/esadcr\/wp-content\/uploads\/sites\/17\/2023\/11\/23_11_Raquel_Schefer_aula_aberta-16-413x275.jpg 413w, https:\/\/www.ipleiria.pt\/esadcr\/wp-content\/uploads\/sites\/17\/2023\/11\/23_11_Raquel_Schefer_aula_aberta-16-195x130.jpg 195w\" sizes=\"(max-width: 960px) 100vw, 960px\" \/><\/figure>\n\n\n\n<figure class=\"wp-block-image size-large\"><img loading=\"lazy\" width=\"960\" height=\"640\" data-id=\"26456\"  src=\"https:\/\/www.ipleiria.pt\/esadcr\/wp-content\/uploads\/sites\/17\/2023\/11\/23_11_Raquel_Schefer_aula_aberta-10.jpg\" alt=\"\" class=\"wp-image-26456\" srcset=\"https:\/\/www.ipleiria.pt\/esadcr\/wp-content\/uploads\/sites\/17\/2023\/11\/23_11_Raquel_Schefer_aula_aberta-10.jpg 960w, https:\/\/www.ipleiria.pt\/esadcr\/wp-content\/uploads\/sites\/17\/2023\/11\/23_11_Raquel_Schefer_aula_aberta-10-300x200.jpg 300w, https:\/\/www.ipleiria.pt\/esadcr\/wp-content\/uploads\/sites\/17\/2023\/11\/23_11_Raquel_Schefer_aula_aberta-10-150x100.jpg 150w, https:\/\/www.ipleiria.pt\/esadcr\/wp-content\/uploads\/sites\/17\/2023\/11\/23_11_Raquel_Schefer_aula_aberta-10-768x512.jpg 768w, https:\/\/www.ipleiria.pt\/esadcr\/wp-content\/uploads\/sites\/17\/2023\/11\/23_11_Raquel_Schefer_aula_aberta-10-390x260.jpg 390w, https:\/\/www.ipleiria.pt\/esadcr\/wp-content\/uploads\/sites\/17\/2023\/11\/23_11_Raquel_Schefer_aula_aberta-10-810x540.jpg 810w, https:\/\/www.ipleiria.pt\/esadcr\/wp-content\/uploads\/sites\/17\/2023\/11\/23_11_Raquel_Schefer_aula_aberta-10-413x275.jpg 413w, https:\/\/www.ipleiria.pt\/esadcr\/wp-content\/uploads\/sites\/17\/2023\/11\/23_11_Raquel_Schefer_aula_aberta-10-195x130.jpg 195w\" sizes=\"(max-width: 960px) 100vw, 960px\" \/><\/figure>\n\n\n\n<figure class=\"wp-block-image size-large\"><img loading=\"lazy\" width=\"960\" height=\"640\" data-id=\"26457\"  src=\"https:\/\/www.ipleiria.pt\/esadcr\/wp-content\/uploads\/sites\/17\/2023\/11\/23_11_Raquel_Schefer_aula_aberta-7.jpg\" alt=\"\" class=\"wp-image-26457\" srcset=\"https:\/\/www.ipleiria.pt\/esadcr\/wp-content\/uploads\/sites\/17\/2023\/11\/23_11_Raquel_Schefer_aula_aberta-7.jpg 960w, https:\/\/www.ipleiria.pt\/esadcr\/wp-content\/uploads\/sites\/17\/2023\/11\/23_11_Raquel_Schefer_aula_aberta-7-300x200.jpg 300w, https:\/\/www.ipleiria.pt\/esadcr\/wp-content\/uploads\/sites\/17\/2023\/11\/23_11_Raquel_Schefer_aula_aberta-7-150x100.jpg 150w, https:\/\/www.ipleiria.pt\/esadcr\/wp-content\/uploads\/sites\/17\/2023\/11\/23_11_Raquel_Schefer_aula_aberta-7-768x512.jpg 768w, https:\/\/www.ipleiria.pt\/esadcr\/wp-content\/uploads\/sites\/17\/2023\/11\/23_11_Raquel_Schefer_aula_aberta-7-390x260.jpg 390w, https:\/\/www.ipleiria.pt\/esadcr\/wp-content\/uploads\/sites\/17\/2023\/11\/23_11_Raquel_Schefer_aula_aberta-7-810x540.jpg 810w, https:\/\/www.ipleiria.pt\/esadcr\/wp-content\/uploads\/sites\/17\/2023\/11\/23_11_Raquel_Schefer_aula_aberta-7-413x275.jpg 413w, https:\/\/www.ipleiria.pt\/esadcr\/wp-content\/uploads\/sites\/17\/2023\/11\/23_11_Raquel_Schefer_aula_aberta-7-195x130.jpg 195w\" sizes=\"(max-width: 960px) 100vw, 960px\" \/><\/figure>\n\n\n\n<figure class=\"wp-block-image size-large\"><img loading=\"lazy\" width=\"960\" height=\"640\" data-id=\"26459\"  src=\"https:\/\/www.ipleiria.pt\/esadcr\/wp-content\/uploads\/sites\/17\/2023\/11\/23_11_Raquel_Schefer_aula_aberta-5.jpg\" alt=\"\" class=\"wp-image-26459\" srcset=\"https:\/\/www.ipleiria.pt\/esadcr\/wp-content\/uploads\/sites\/17\/2023\/11\/23_11_Raquel_Schefer_aula_aberta-5.jpg 960w, https:\/\/www.ipleiria.pt\/esadcr\/wp-content\/uploads\/sites\/17\/2023\/11\/23_11_Raquel_Schefer_aula_aberta-5-300x200.jpg 300w, https:\/\/www.ipleiria.pt\/esadcr\/wp-content\/uploads\/sites\/17\/2023\/11\/23_11_Raquel_Schefer_aula_aberta-5-150x100.jpg 150w, https:\/\/www.ipleiria.pt\/esadcr\/wp-content\/uploads\/sites\/17\/2023\/11\/23_11_Raquel_Schefer_aula_aberta-5-768x512.jpg 768w, https:\/\/www.ipleiria.pt\/esadcr\/wp-content\/uploads\/sites\/17\/2023\/11\/23_11_Raquel_Schefer_aula_aberta-5-390x260.jpg 390w, https:\/\/www.ipleiria.pt\/esadcr\/wp-content\/uploads\/sites\/17\/2023\/11\/23_11_Raquel_Schefer_aula_aberta-5-810x540.jpg 810w, https:\/\/www.ipleiria.pt\/esadcr\/wp-content\/uploads\/sites\/17\/2023\/11\/23_11_Raquel_Schefer_aula_aberta-5-413x275.jpg 413w, https:\/\/www.ipleiria.pt\/esadcr\/wp-content\/uploads\/sites\/17\/2023\/11\/23_11_Raquel_Schefer_aula_aberta-5-195x130.jpg 195w\" sizes=\"(max-width: 960px) 100vw, 960px\" \/><\/figure>\n<\/figure>\n","protected":false},"excerpt":{"rendered":"21 de novembro de 2023","protected":false},"author":5,"featured_media":26242,"comment_status":"closed","ping_status":"closed","sticky":false,"template":"","format":"standard","meta":{"multilingual_post_translation":"{\"en-GB\":{\"url\":\"https:\/\/www.ipleiria.pt\/esadcr-en\/?p=12960\",\"postID\":null,\"postTitle\":\"\",\"siteID\":22,\"customURL\":true,\"languageInfo\":{\"multilingual_site_api_url\":\"https:\/\/www.ipleiria.pt\/esadcr-en\/wp-json\/\",\"name\":\"English\",\"locale\":\"en_GB\"}}}","custompostfields_banners":"","custompostfields_post-association_course-gallery":[],"custompostfields_titulo-homepage":"","custompostfields_event-date":"2023-11-14","custompostfields_event-end-date":"2023-11-14","custompostfields_front-page-gallery-thumbnails":""},"categories":[122,40],"tags":[],"_links":{"self":[{"href":"https:\/\/www.ipleiria.pt\/esadcr\/wp-json\/wp\/v2\/posts\/26240"}],"collection":[{"href":"https:\/\/www.ipleiria.pt\/esadcr\/wp-json\/wp\/v2\/posts"}],"about":[{"href":"https:\/\/www.ipleiria.pt\/esadcr\/wp-json\/wp\/v2\/types\/post"}],"author":[{"embeddable":true,"href":"https:\/\/www.ipleiria.pt\/esadcr\/wp-json\/wp\/v2\/users\/5"}],"replies":[{"embeddable":true,"href":"https:\/\/www.ipleiria.pt\/esadcr\/wp-json\/wp\/v2\/comments?post=26240"}],"version-history":[{"count":10,"href":"https:\/\/www.ipleiria.pt\/esadcr\/wp-json\/wp\/v2\/posts\/26240\/revisions"}],"predecessor-version":[{"id":26461,"href":"https:\/\/www.ipleiria.pt\/esadcr\/wp-json\/wp\/v2\/posts\/26240\/revisions\/26461"}],"wp:featuredmedia":[{"embeddable":true,"href":"https:\/\/www.ipleiria.pt\/esadcr\/wp-json\/wp\/v2\/media\/26242"}],"wp:attachment":[{"href":"https:\/\/www.ipleiria.pt\/esadcr\/wp-json\/wp\/v2\/media?parent=26240"}],"wp:term":[{"taxonomy":"category","embeddable":true,"href":"https:\/\/www.ipleiria.pt\/esadcr\/wp-json\/wp\/v2\/categories?post=26240"},{"taxonomy":"post_tag","embeddable":true,"href":"https:\/\/www.ipleiria.pt\/esadcr\/wp-json\/wp\/v2\/tags?post=26240"}],"curies":[{"name":"wp","href":"https:\/\/api.w.org\/{rel}","templated":true}]}}