{"id":26746,"date":"2023-12-04T17:26:56","date_gmt":"2023-12-04T17:26:56","guid":{"rendered":"https:\/\/www.ipleiria.pt\/esadcr\/?p=26746"},"modified":"2024-04-04T14:02:26","modified_gmt":"2024-04-04T14:02:26","slug":"conferencia-recomecar-o-futuro","status":"publish","type":"post","link":"https:\/\/www.ipleiria.pt\/esadcr\/2023\/12\/04\/conferencia-recomecar-o-futuro\/","title":{"rendered":"Confer\u00eancia &#8211; Recome\u00e7ar o Futuro"},"content":{"rendered":"\n<div class=\"wp-container-3 wp-block-columns\">\n<div class=\"wp-container-1 wp-block-column\">\n<div style=\"height:37px\" aria-hidden=\"true\" class=\"wp-block-spacer\"><\/div>\n\n\n\n<figure class=\"wp-block-image size-full\"><img loading=\"lazy\" width=\"720\" height=\"720\" src=\"https:\/\/www.ipleiria.pt\/esadcr\/wp-content\/uploads\/sites\/17\/2023\/12\/Conf_MGC_rui-matoso_site-int.png\" alt=\"\" class=\"wp-image-26747\" srcset=\"https:\/\/www.ipleiria.pt\/esadcr\/wp-content\/uploads\/sites\/17\/2023\/12\/Conf_MGC_rui-matoso_site-int.png 720w, https:\/\/www.ipleiria.pt\/esadcr\/wp-content\/uploads\/sites\/17\/2023\/12\/Conf_MGC_rui-matoso_site-int-300x300.png 300w, https:\/\/www.ipleiria.pt\/esadcr\/wp-content\/uploads\/sites\/17\/2023\/12\/Conf_MGC_rui-matoso_site-int-150x150.png 150w, https:\/\/www.ipleiria.pt\/esadcr\/wp-content\/uploads\/sites\/17\/2023\/12\/Conf_MGC_rui-matoso_site-int-390x390.png 390w, https:\/\/www.ipleiria.pt\/esadcr\/wp-content\/uploads\/sites\/17\/2023\/12\/Conf_MGC_rui-matoso_site-int-540x540.png 540w, https:\/\/www.ipleiria.pt\/esadcr\/wp-content\/uploads\/sites\/17\/2023\/12\/Conf_MGC_rui-matoso_site-int-275x275.png 275w, https:\/\/www.ipleiria.pt\/esadcr\/wp-content\/uploads\/sites\/17\/2023\/12\/Conf_MGC_rui-matoso_site-int-195x195.png 195w\" sizes=\"(max-width: 720px) 100vw, 720px\" \/><\/figure>\n\n\n\n<figure class=\"wp-block-image size-full\"><img loading=\"lazy\" width=\"720\" height=\"720\" src=\"https:\/\/www.ipleiria.pt\/esadcr\/wp-content\/uploads\/sites\/17\/2023\/12\/Fotografia-de-Stratos-Ntontsis-Making-of_azul.jpg\" alt=\"\" class=\"wp-image-26769\" srcset=\"https:\/\/www.ipleiria.pt\/esadcr\/wp-content\/uploads\/sites\/17\/2023\/12\/Fotografia-de-Stratos-Ntontsis-Making-of_azul.jpg 720w, https:\/\/www.ipleiria.pt\/esadcr\/wp-content\/uploads\/sites\/17\/2023\/12\/Fotografia-de-Stratos-Ntontsis-Making-of_azul-300x300.jpg 300w, https:\/\/www.ipleiria.pt\/esadcr\/wp-content\/uploads\/sites\/17\/2023\/12\/Fotografia-de-Stratos-Ntontsis-Making-of_azul-150x150.jpg 150w, https:\/\/www.ipleiria.pt\/esadcr\/wp-content\/uploads\/sites\/17\/2023\/12\/Fotografia-de-Stratos-Ntontsis-Making-of_azul-390x390.jpg 390w, https:\/\/www.ipleiria.pt\/esadcr\/wp-content\/uploads\/sites\/17\/2023\/12\/Fotografia-de-Stratos-Ntontsis-Making-of_azul-540x540.jpg 540w, https:\/\/www.ipleiria.pt\/esadcr\/wp-content\/uploads\/sites\/17\/2023\/12\/Fotografia-de-Stratos-Ntontsis-Making-of_azul-275x275.jpg 275w, https:\/\/www.ipleiria.pt\/esadcr\/wp-content\/uploads\/sites\/17\/2023\/12\/Fotografia-de-Stratos-Ntontsis-Making-of_azul-195x195.jpg 195w\" sizes=\"(max-width: 720px) 100vw, 720px\" \/><\/figure>\n\n\n\n<figure class=\"wp-block-image size-full\"><img loading=\"lazy\" width=\"720\" height=\"720\" src=\"https:\/\/www.ipleiria.pt\/esadcr\/wp-content\/uploads\/sites\/17\/2023\/12\/fotografia-sandra-oliveiraazul-.png\" alt=\"\" class=\"wp-image-26770\" srcset=\"https:\/\/www.ipleiria.pt\/esadcr\/wp-content\/uploads\/sites\/17\/2023\/12\/fotografia-sandra-oliveiraazul-.png 720w, https:\/\/www.ipleiria.pt\/esadcr\/wp-content\/uploads\/sites\/17\/2023\/12\/fotografia-sandra-oliveiraazul--300x300.png 300w, https:\/\/www.ipleiria.pt\/esadcr\/wp-content\/uploads\/sites\/17\/2023\/12\/fotografia-sandra-oliveiraazul--150x150.png 150w, https:\/\/www.ipleiria.pt\/esadcr\/wp-content\/uploads\/sites\/17\/2023\/12\/fotografia-sandra-oliveiraazul--390x390.png 390w, https:\/\/www.ipleiria.pt\/esadcr\/wp-content\/uploads\/sites\/17\/2023\/12\/fotografia-sandra-oliveiraazul--540x540.png 540w, https:\/\/www.ipleiria.pt\/esadcr\/wp-content\/uploads\/sites\/17\/2023\/12\/fotografia-sandra-oliveiraazul--275x275.png 275w, https:\/\/www.ipleiria.pt\/esadcr\/wp-content\/uploads\/sites\/17\/2023\/12\/fotografia-sandra-oliveiraazul--195x195.png 195w\" sizes=\"(max-width: 720px) 100vw, 720px\" \/><\/figure>\n\n\n\n<figure class=\"wp-block-image size-full\"><img loading=\"lazy\" width=\"720\" height=\"720\" src=\"https:\/\/www.ipleiria.pt\/esadcr\/wp-content\/uploads\/sites\/17\/2023\/12\/Lea_casual_azul.jpg\" alt=\"\" class=\"wp-image-26771\" srcset=\"https:\/\/www.ipleiria.pt\/esadcr\/wp-content\/uploads\/sites\/17\/2023\/12\/Lea_casual_azul.jpg 720w, https:\/\/www.ipleiria.pt\/esadcr\/wp-content\/uploads\/sites\/17\/2023\/12\/Lea_casual_azul-300x300.jpg 300w, https:\/\/www.ipleiria.pt\/esadcr\/wp-content\/uploads\/sites\/17\/2023\/12\/Lea_casual_azul-150x150.jpg 150w, https:\/\/www.ipleiria.pt\/esadcr\/wp-content\/uploads\/sites\/17\/2023\/12\/Lea_casual_azul-390x390.jpg 390w, https:\/\/www.ipleiria.pt\/esadcr\/wp-content\/uploads\/sites\/17\/2023\/12\/Lea_casual_azul-540x540.jpg 540w, https:\/\/www.ipleiria.pt\/esadcr\/wp-content\/uploads\/sites\/17\/2023\/12\/Lea_casual_azul-275x275.jpg 275w, https:\/\/www.ipleiria.pt\/esadcr\/wp-content\/uploads\/sites\/17\/2023\/12\/Lea_casual_azul-195x195.jpg 195w\" sizes=\"(max-width: 720px) 100vw, 720px\" \/><\/figure>\n\n\n\n<figure class=\"wp-block-image size-full\"><img loading=\"lazy\" width=\"720\" height=\"720\" src=\"https:\/\/www.ipleiria.pt\/esadcr\/wp-content\/uploads\/sites\/17\/2023\/12\/MicrosoftTeams-image_azul.png\" alt=\"\" class=\"wp-image-26772\" srcset=\"https:\/\/www.ipleiria.pt\/esadcr\/wp-content\/uploads\/sites\/17\/2023\/12\/MicrosoftTeams-image_azul.png 720w, https:\/\/www.ipleiria.pt\/esadcr\/wp-content\/uploads\/sites\/17\/2023\/12\/MicrosoftTeams-image_azul-300x300.png 300w, https:\/\/www.ipleiria.pt\/esadcr\/wp-content\/uploads\/sites\/17\/2023\/12\/MicrosoftTeams-image_azul-150x150.png 150w, https:\/\/www.ipleiria.pt\/esadcr\/wp-content\/uploads\/sites\/17\/2023\/12\/MicrosoftTeams-image_azul-390x390.png 390w, https:\/\/www.ipleiria.pt\/esadcr\/wp-content\/uploads\/sites\/17\/2023\/12\/MicrosoftTeams-image_azul-540x540.png 540w, https:\/\/www.ipleiria.pt\/esadcr\/wp-content\/uploads\/sites\/17\/2023\/12\/MicrosoftTeams-image_azul-275x275.png 275w, https:\/\/www.ipleiria.pt\/esadcr\/wp-content\/uploads\/sites\/17\/2023\/12\/MicrosoftTeams-image_azul-195x195.png 195w\" sizes=\"(max-width: 720px) 100vw, 720px\" \/><\/figure>\n\n\n\n<figure class=\"wp-block-image size-full\"><img loading=\"lazy\" width=\"720\" height=\"720\" src=\"https:\/\/www.ipleiria.pt\/esadcr\/wp-content\/uploads\/sites\/17\/2023\/12\/foto_AC_azul.jpg\" alt=\"\" class=\"wp-image-26773\" srcset=\"https:\/\/www.ipleiria.pt\/esadcr\/wp-content\/uploads\/sites\/17\/2023\/12\/foto_AC_azul.jpg 720w, https:\/\/www.ipleiria.pt\/esadcr\/wp-content\/uploads\/sites\/17\/2023\/12\/foto_AC_azul-300x300.jpg 300w, https:\/\/www.ipleiria.pt\/esadcr\/wp-content\/uploads\/sites\/17\/2023\/12\/foto_AC_azul-150x150.jpg 150w, https:\/\/www.ipleiria.pt\/esadcr\/wp-content\/uploads\/sites\/17\/2023\/12\/foto_AC_azul-390x390.jpg 390w, https:\/\/www.ipleiria.pt\/esadcr\/wp-content\/uploads\/sites\/17\/2023\/12\/foto_AC_azul-540x540.jpg 540w, https:\/\/www.ipleiria.pt\/esadcr\/wp-content\/uploads\/sites\/17\/2023\/12\/foto_AC_azul-275x275.jpg 275w, https:\/\/www.ipleiria.pt\/esadcr\/wp-content\/uploads\/sites\/17\/2023\/12\/foto_AC_azul-195x195.jpg 195w\" sizes=\"(max-width: 720px) 100vw, 720px\" \/><\/figure>\n<\/div>\n\n\n\n<div class=\"wp-container-2 wp-block-column\">\n<h2><strong><em>RECOME\u00c7AR DO FUTURO | desafios da gest\u00e3o cultural no presente<\/em><\/strong><\/h2>\n\n\n\n<h3>Mestrado em GEST\u00c3O CULTURAL<\/h3>\n\n\n\n<h4><strong>CONFER\u00caNCIA<\/strong><br>11 DE DEZEMBRO DE 2023, 18H<br>AUDIT\u00d3RIO DO EP.1 &#8211; ESAD.CR<\/h4>\n\n\n\n<p><strong>Num mundo abalado pelo brutalismo b\u00e9lico e por guerras culturais marcadas por m\u00faltiplas formas de viol\u00eancia simb\u00f3lica, a Gest\u00e3o Cultural enfrenta novos desafios que afetam as suas metodologias e pr\u00e1ticas. Esta confer\u00eancia visa promover espa\u00e7os de debate critico e encontro entre agentes culturais e a comunidade acad\u00e9mica, perspetivando eixos comuns de a\u00e7\u00e3o relacionados com a gest\u00e3o, produ\u00e7\u00e3o e programa\u00e7\u00e3o cultural, comprometidos com a efetiva consuma\u00e7\u00e3o da democracia e da cidadania cultural emancipadas.<\/strong><\/p>\n\n\n\n<hr class=\"wp-block-separator has-alpha-channel-opacity\"\/>\n\n\n\n<p><strong>Andreia Carneiro<\/strong><br>Docente na Escola Superior de Teatro e Cinema e na Escola Superior de Dan\u00e7a. Produtora, gestora cultural e coordenadora da plataforma&nbsp;<a rel=\"noreferrer noopener\" href=\"https:\/\/linktr.ee\/produtoresemergentes\" target=\"_blank\">Produtores Emergentes<\/a><\/p>\n\n\n\n<p><strong>Ana Lama Gallery<\/strong> (Margarida Chambel and Nuno Oliveira)<br>Diretores art\u00edsticos de uma curadora desaparecida, a Ana Lama, a inventora do conceito&nbsp;<a href=\"https:\/\/www.galeriaanalama.org\/\">Fake <\/a><a rel=\"noreferrer noopener\" href=\"https:\/\/www.galeriaanalama.org\/\" target=\"_blank\">Extreme<\/a><a href=\"https:\/\/www.galeriaanalama.org\/\"> Art<\/a><\/p>\n\n\n\n<p><strong>Gon\u00e7alo Riscado<\/strong><br>Gestor cultural, criativo e produtor. Diretor da empresa CTL \u2013 Cultural Trend Lisbon e do&nbsp;<a rel=\"noreferrer noopener\" href=\"https:\/\/millisboa.com\/mil\/?lang=pt-pt\" target=\"_blank\">Festival<\/a><a href=\"https:\/\/millisboa.com\/mil\/?lang=pt-pt\"> MIL Lisboa<\/a><\/p>\n\n\n\n<p><strong>L\u00e9a Prisca Lopez<\/strong><br><a rel=\"noreferrer noopener\" href=\"https:\/\/lealopez.wordpress.com\/\" target=\"_blank\">Mediadora e programadora cultural<\/a>. Integra a equipa da 4iS Inova\u00e7\u00e3o Social. Mediadora para o Teatro Nacional Dona Maria II no projeto da Odisseia Nacional<\/p>\n\n\n\n<p><strong>Sandra Oliveira<\/strong><br>Diretora art\u00edstica do Festival Jardins Ef\u00e9meros e da&nbsp;<a rel=\"noreferrer noopener\" href=\"https:\/\/www.instagram.com\/venhaanosaboamorte\/\" target=\"_blank\">Galeria VNBM<\/a>&nbsp;(Viseu)<\/p>\n\n\n\n<hr class=\"wp-block-separator has-alpha-channel-opacity\"\/>\n\n\n\n<h5><strong>GON\u00c7ALO RISCADO<\/strong><\/h5>\n\n\n\n<p>T\u00edtulo da interven\u00e7\u00e3o: <strong>Recome\u00e7ar pelas funda\u00e7\u00f5es<\/strong><\/p>\n\n\n\n<p><em>SINOPSE<\/em><br>A import\u00e2ncia dos espa\u00e7os e dos movimentos <em>grassroots<\/em> e a urg\u00eancia de ganharem centralidade e relev\u00e2ncia nas estrat\u00e9gias de pol\u00edticas culturais e urbanas \u00e9 o tema desta interven\u00e7\u00e3o. Ou seja,&nbsp; falaremos sobre forma\u00e7\u00e3o e experimenta\u00e7\u00e3o, criatividade e oportunidade, formata\u00e7\u00e3o e liberdade, diversidade e centralidade, democracia&nbsp; cultural e representatividade, urbanismo e economia noturna \u2026&nbsp; e, tamb\u00e9m, sobre m\u00fasica popular, num grande exerc\u00edcio de capacidade de s\u00edntese.<\/p>\n\n\n\n<p><em>BIOGRAFIA<\/em><br>Gestor cultural, criativo e produtor, Gon\u00e7alo Riscado \u00e9 o diretor da CTL.<br>A CTL \u00e9 respons\u00e1vel por diversos projetos culturais nacionais, entre os quais se destacam o MIL \u2013 Lisbon International Music Network (festival e conven\u00e7\u00e3o internacional), o Musicbox Lisboa (sala de concertos e clube noturno), a Casa Capit\u00e3o (espa\u00e7o de programa\u00e7\u00e3o pluridisciplinar) ou o Festival Sil\u00eancio (festival transdisciplinar). \u00c9 tamb\u00e9m parceira nos projetos europeus Liveurope (plataforma europeia de apoio \u00e0 circula\u00e7\u00e3o de artistas emergentes), Slash Transition (m\u00fasica como catalisador de cidades sustent\u00e1veis) e JUMP-European Music Market Accelerator (programa acelerador de ideias e projetos para a ind\u00fastria musical).<br>Gon\u00e7alo \u00e9 ainda um dos fundadores da Circuito.live, associa\u00e7\u00e3o de salas independentes de programa\u00e7\u00e3o de m\u00fasica, criada em 2020 e membro associado do Live DMA.<\/p>\n\n\n\n<h5><strong>GALERIA ANA LAMA | FAKE EXTREME ART<\/strong><\/h5>\n\n\n\n<p>T\u00edtulo da Interven\u00e7\u00e3o: <strong>Fic\u00e7\u00e3o Bloqueada, um Ve\u00edculo para Adrenalina Est\u00e9tica<\/strong><\/p>\n\n\n\n<p><em>SINOPSE<\/em><br>Queremos contextualizar a pesquisa est\u00e9tica que fazemos com o projeto da Galeria Ana Lama, que remete para o cruzamento entre uma curadoria experimental, no \u00e2mbito das artes visuais e da performance art, e a escrita. Tudo em torno de uma curadora desaparecida, a Ana Lama, a inventora do conceito Fake Extreme Art, FEA.<br>O FEA \u00e9 um processo de falsifica\u00e7\u00e3o aparente de algo, com apar\u00eancia de auto sabotagem, evoca\u00e7\u00e3o talvez de um projeto de auto censura. S\u00e3o criadas v\u00e1rias layers de fic\u00e7\u00e3o no sentido de incorporar trabalhos individuais de artistas num experimento coletivo, po\u00e9tico e ensa\u00edstico.<br>Uma tentativa de forjar uma comunidade onde s\u00f3 de forma contida se poderia pactuar com a imagina\u00e7\u00e3o sem freio. Personagens encarcerados num acordo teriam mais liberdade do que o resto da sociedade, mas tamb\u00e9m mais medo.<br>(O projecto \u00e9 um manifesto a favor da fic\u00e7\u00e3o, consciente dos perigos que esta enfrenta na contemporaneidade e, melancolicamente, capaz de reconhecer os seus pr\u00f3prios limites.)<br>A apresenta\u00e7\u00e3o discutir\u00e1 os desafios que o coletivo de artistas enfrenta ao operacionalizar o conceito de &#8220;Fic\u00e7\u00e3o Bloqueada\u201d, como ferramenta de reflex\u00e3o e interven\u00e7\u00e3o no mundo contempor\u00e2neo. O tema pode ser abordado ao n\u00edvel da discuss\u00e3o de ideias, como tamb\u00e9m em termos de:<br>&#8211; Estrat\u00e9gias de produ\u00e7\u00e3o;<br>&#8211; Cria\u00e7\u00e3o de uma plataforma para o v\u00eddeo ondemand;<br>&#8211; Edi\u00e7\u00e3o de livros (romances que fazem a compila\u00e7\u00e3o da narrativa falseada de uma curadora)<br>&#8211; Programa\u00e7\u00e3o de performance em formato de making of;<br>&#8211; Estrat\u00e9gias de comunica\u00e7\u00e3o com base nos textos de divulga\u00e7\u00e3o ficcionados sobre os performers programados<br>&#8211; Pacotes de formatos de curadoria a partir de difama\u00e7\u00f5es consentidas.<\/p>\n\n\n\n<p><em>BIOGRAFIA<\/em><br><strong>Margarida Chambel<\/strong> (1978) e <strong>Nuno Oliveira<\/strong> (1974), colaboram desde 2005 no desenvolvimento de um trabalho constante, em Portugal, no \u00e2mbito da performance art \u2013 executando, programando e documentando, reunindo artistas e agentes, promovendo debates e ciclos de artistas nacionais e internacionais. Licenciados em Escultura pela Faculdade de Belas-Artes de Lisboa em 2003, aprofundaram a sua forma\u00e7\u00e3o na Facultad de Bellas Artes de Sant Charles, Val\u00eancia, em 2002, sob a orienta\u00e7\u00e3o de Bartolom\u00e9 Ferrando nos Estudos de Performance. O duo explora a constru\u00e7\u00e3o de dispositivos visuais e liter\u00e1rios, na cria\u00e7\u00e3o e na programa\u00e7\u00e3o de performances. O mais recente projeto n\u00f3mada que concebem chama-se Galeria Ana Lama e \u00e9 focado em Performance e Arte Extrema, \u00e9 apoiado pela Rep\u00fablica Portuguesa &#8211; Cultura DGARTES e pela C\u00e2mara Municipal de Lisboa, contando com parcerias diversas na cidade de Lisboa. Em dezembro de 2021, lan\u00e7am o seu primeiro romance, uma obra colaborativa que une a narrativa de Nuno Oliveira \u00e0 express\u00e3o visual de Margarida Chambel, centrada na curadora Ana Lama. Entre 2014 e 2016, desenvolvem Cub\u00edculo Projeto Galeria e, de 2009 a 2012, coordenaram o projeto epipiderme-encontros \u00e0 volta da performance, apresentando 176 performances internacionais ao longo desses anos. Destaca-se o Festival de Interven\u00e7\u00e3o e Performance na Cidade de Lisboa, IMERG\u00caNCIA, em 2011, que reuniu 51 artistas, incluindo algumas refer\u00eancias como, Serge Pey, Fernando Aguiar, Alberto Pimenta e Rocio Boliver. A dupla recebeu a Bolsa da Gulbenkian de Apoio \u00e0s Artes Visuais em 2018 para o projeto Galeria Ana Lama e em 2014 para o Cub\u00edculo Projeto Galeria. Al\u00e9m disso, foram bolseiros atrav\u00e9s do programa de apoio \u00e0 mobilidade i-portunos em 2019, com uma resid\u00eancia na Galerii Metrpol na Est\u00f3nia, e participaram do Acci\u00f3n!MAD19 \u2013 XVII Encuentro de Arte de Acci\u00f3n, numa resid\u00eancia no Centro Dados Negros em Villanueva de Los Infantes, Espanha. As suas performances marcam presen\u00e7a nacional, no evento Reinven\u00e7\u00f5es dos 100 anos da Confer\u00eancia Futurista do Almada Negreiros, Projeto P! no Teatro S\u00e3o Luiz em abril de 2017, e na 16.\u00aa Bienal de Cerveira em julho e agosto de 2011.<\/p>\n\n\n\n<p>Fotografia de Stratos Ntontsis.<\/p>\n\n\n\n<p>Making of #12. Kaarel K\u00fctas (Est\u00f3nia), Cosmos Cac, Lisboa Nov. 2022<\/p>\n\n\n\n<h5><strong>L\u00e9a Prisca L\u00f3pez<\/strong><\/h5>\n\n\n\n<p>T\u00cdTULO DA INTERVEN\u00c7\u00c3O: <strong>Recome\u00e7ar do futuro<\/strong><br><strong>_Onde as pol\u00edticas culturais servem a democracia da cultura _<\/strong><\/p>\n\n\n\n<p><em>SINOPSE<\/em><br>Recome\u00e7ar do futuro \u00e9 estar no lugar onde seria desej\u00e1vel estar, onde a nossa sociedade, autodenominada civilizada, deveria encontrar-se. N\u00e3o ser\u00e1 uma perspetiva subjetiva, ligada \u00e0 pessoa que det\u00e9m a palavra, neste caso, eu, e aos meus valores. Deveria, antes, constituir uma vis\u00e3o objetiva, independente dos meus gostos e valores, imperativamente orientada para um destino democr\u00e1tico. Para tal, dispomos de um guia acess\u00edvel: a Constitui\u00e7\u00e3o Portuguesa, que delineia os nossos direitos e deveres, descrevendo a democratiza\u00e7\u00e3o da cultura e indicando os caminhos para a Democracia Cultural. E que dizer dos instrumentos nacionais para fazer valer a Constitui\u00e7\u00e3o? E os municipais? Ser\u00e1 o atual sistema municipal eficaz? Neste desenho das pol\u00edticas locais, o meu objetivo \u00e9 a reterritorializa\u00e7\u00e3o gra\u00e7as \u00e0s pol\u00edticas culturais, ou seja, mapear, conhecer, reconhecer o que existe no \u201cterrit\u00f3rio_zona\u201d (local, tradicional) para n\u00e3o se perder no global (territ\u00f3rio-rede). Defendo a \u201creterritorializa\u00e7\u00e3o\u201d gra\u00e7as \u00e0s pol\u00edticas culturais estrat\u00e9gicas para o desenvolvimento da capacita\u00e7\u00e3o humana, em outros termos, a cultura e as artes como um bem essencial \u00e0 capacita\u00e7\u00e3o dos humanos para a cidadania e democracia cultural. Esta reterritorializa\u00e7\u00e3o s\u00f3 pode ser realizada com a participa\u00e7\u00e3o dos habitantes e dos instrumentos nacionais e municipais com car\u00e1ter obrigat\u00f3rio e monitoriza\u00e7\u00e3o. Por esta raz\u00e3o, imagino no futuro uma cultura liberta da instrumentaliza\u00e7\u00e3o pol\u00edtica e da avidez pelo poder, mas sim proveniente de um sistema de colabora\u00e7\u00e3o: cocria\u00e7\u00e3o e coprograma\u00e7\u00e3o, em que todos os cidad\u00e3os possam participar. E este \u00e9, ao meu ver, o principal desafio da gest\u00e3o cultural.<\/p>\n\n\n\n<p><em>BIOGRAFIA<\/em><br><strong>L\u00e9a Prisca L\u00f3pez<\/strong> \u00e9 mediadora e programadora cultural. \u00c9 formada em Artes Pl\u00e1sticas e com Mestrado em Estudos de Artes (\u00c9cole Sup\u00e9rieure des Beaux-Arts Montpellier), com interven\u00e7\u00f5es de Annie Tolleter e de Mathilde Monnier do Centre Chor\u00e9graphique National de Montpellier e completa a sua forma\u00e7\u00e3o acad\u00e9mica com um Mestrado de Planeamento Regional e Urbano pela Universidade de Aveiro para entender de que forma os (a)gentes culturais podem ter voz ativa no planeamento do territ\u00f3rio e a import\u00e2ncia das Pol\u00edticas Culturais como necessidade absoluta na constru\u00e7\u00e3o de um territ\u00f3rio com valores de igualdade, solidariedade, integrador, interdisciplinar e intercultural.<br>Chega a Portugal em 2005, atrav\u00e9s do programa Europeu de Resid\u00eancias Art\u00edsticas, \u201cArtist in context\u201d des P\u00e9pini\u00e8res Europ\u00e9enne pour Jeunes Artistes e trabalha na d\u2019Orfeu at\u00e9 2014, criando toda a comunica\u00e7\u00e3o visual e multim\u00e9dia. Desenvolveu na associa\u00e7\u00e3o todos os projetos de media\u00e7\u00e3o em liga\u00e7\u00e3o \u00e0 comunidade local e aos agentes culturais como a d\u2019Forma\u00e7\u00e3o, plataforma formativa da associa\u00e7\u00e3o, o Semin\u00e1rio para o Associativismo, a Op\u00c1! Orquestra Percussiva de \u00c1gueda, visitas pedag\u00f3gicas, campos de f\u00e9rias e media\u00e7\u00e3o dos eventos como o Festival i e o Ciclo Experimental. \u00c9 consultora em comunica\u00e7\u00e3o cultural, desenvolve projetos pedag\u00f3gicos e comunit\u00e1rios, al\u00e9m de desenvolver trabalhos como freelancer em agenciamento de banda e road manager com a produtora Sons Vadios pelo acompanhamento de bandas internacionais em Macau, no festival da Lusofonia. Coordenou em 2017, o Plano de A\u00e7\u00e3o de \u00c1gueda Amigas das Crian\u00e7as da UNICEF e a estrat\u00e9gia de participa\u00e7\u00e3o para o Plano Estrat\u00e9gico da Cultura para o Munic\u00edpio de \u00c1gueda. Trabalhou tamb\u00e9m no Servi\u00e7o Educativo da Biblioteca Municipal de \u00c1gueda onde lan\u00e7a o MALA- Manifesta\u00e7\u00e3o Liter\u00e1ria de \u00c1gueda que ter\u00e1 duas edi\u00e7\u00f5es (online e presencial).<br>Em 2021, \u00e9 convidada a formar a dupla, com Andreia Brites, de curadoria de projetos, na \u00e1rea do livro e da leitura ligada ao territ\u00f3rio e \u00e0s comunidades, para a candidatura de Braga a Capital Europeia da Cultura 2027. Em 2022, se junta \u00e0 equipa da 4iS Inova\u00e7\u00e3o Social num projeto de escala Europeia \u2018Tandem\u2019 Regions of Solidarity e investiga e cria o piloto do mapeamento das pr\u00e1ticas comunit\u00e1rias fora do radar, al\u00e9m de dinamizar as sess\u00f5es dos Clubes Cultura em Comunidade para a Candidatura de Aveiro a Capital Europeia da Cultura 2027.<br>Trabalhou como mediadora para o Teatro Nacional Dona Maria II no projeto da Odisseia Nacional, no eixo de programa\u00e7\u00e3o dos projetos de participa\u00e7\u00e3o \u201cATOS\u201d com o apoio da Funda\u00e7\u00e3o Calouste Gulbenkian, em 19 munic\u00edpios nas regi\u00f5es Norte, Centro e A\u00e7ores (Faial).<\/p>\n\n\n\n<p><a href=\"https:\/\/lealopez.wordpress.com\/\" target=\"_blank\" rel=\"noreferrer noopener\">https:\/\/lealopez.wordpress.com\/<\/a><\/p>\n\n\n\n<h5><strong>Sandra Oliveira<\/strong><\/h5>\n\n\n\n<p>BIOGRAFIA<br>\u00c9 criadora e directora do festival Jardins Ef\u00e9meros e VNBM \u2013 arte contempor\u00e2nea.&nbsp;<br>Gestora Cultural, programadora e formadora em programa\u00e7\u00e3o cultural e cria\u00e7\u00e3o\/programa\u00e7\u00e3o de temporadas \/ festivais.<br>Formada em Gest\u00e3o de empresas pela Universidade do Minho, criou em 2001, com Ant\u00f3nio Henriques e Joaquim Neto Santos as galerias Dimens\u00e3o Design e a Ant\u00f3nio Henriques &#8211; galeria de Arte Contempor\u00e2nea representando Portugal nas Feiras internacionais Arco e Frieze, galeria essa que at\u00e9 2011, apresentou em Viseu, v\u00e1rios dos not\u00e1veis artistas pl\u00e1sticos portugueses, designadamente Rui Chafes, Nuno Cera, Juli\u00e3o Sarmento, V\u00edtor Pomar, Pedro Cabrita Reis entre muitos outros;&nbsp; Em 2011 cria o programa Jardins Ef\u00e9meros; Em 2015 \u00e9 uma das fundadoras da Pausa Poss\u00edvel Associa\u00e7\u00e3o Cultural e de Desenvolvimento, sendo actualmente a presidente e respons\u00e1vel pela dire\u00e7\u00e3o geral e art\u00edstica da estrutura.&nbsp; Desde 2020 \u00e9 vice-presidente da Associa\u00e7\u00e3o Estradas da Mente, onde cocria o programa aldeiaglobal com o jornalista e diretor do festival C\u00f3gito do Munic\u00edpio de Oeiras, Rui Neto Pereira.<\/p>\n<\/div>\n<\/div>\n\n\n\n<figure class=\"wp-container-5 wp-block-gallery-4 wp-block-gallery alignfull has-nested-images columns-2 is-cropped\">\n<figure class=\"wp-block-image size-large\"><img loading=\"lazy\" width=\"960\" height=\"640\" data-id=\"26847\"  src=\"https:\/\/www.ipleiria.pt\/esadcr\/wp-content\/uploads\/sites\/17\/2023\/12\/23_12_MGC_RECOMEC\u0327AR_DO_FUTURO-24.jpg\" alt=\"\" class=\"wp-image-26847\" srcset=\"https:\/\/www.ipleiria.pt\/esadcr\/wp-content\/uploads\/sites\/17\/2023\/12\/23_12_MGC_RECOMEC\u0327AR_DO_FUTURO-24.jpg 960w, https:\/\/www.ipleiria.pt\/esadcr\/wp-content\/uploads\/sites\/17\/2023\/12\/23_12_MGC_RECOMEC\u0327AR_DO_FUTURO-24-300x200.jpg 300w, https:\/\/www.ipleiria.pt\/esadcr\/wp-content\/uploads\/sites\/17\/2023\/12\/23_12_MGC_RECOMEC\u0327AR_DO_FUTURO-24-150x100.jpg 150w, https:\/\/www.ipleiria.pt\/esadcr\/wp-content\/uploads\/sites\/17\/2023\/12\/23_12_MGC_RECOMEC\u0327AR_DO_FUTURO-24-768x512.jpg 768w, https:\/\/www.ipleiria.pt\/esadcr\/wp-content\/uploads\/sites\/17\/2023\/12\/23_12_MGC_RECOMEC\u0327AR_DO_FUTURO-24-390x260.jpg 390w, https:\/\/www.ipleiria.pt\/esadcr\/wp-content\/uploads\/sites\/17\/2023\/12\/23_12_MGC_RECOMEC\u0327AR_DO_FUTURO-24-810x540.jpg 810w, https:\/\/www.ipleiria.pt\/esadcr\/wp-content\/uploads\/sites\/17\/2023\/12\/23_12_MGC_RECOMEC\u0327AR_DO_FUTURO-24-413x275.jpg 413w, https:\/\/www.ipleiria.pt\/esadcr\/wp-content\/uploads\/sites\/17\/2023\/12\/23_12_MGC_RECOMEC\u0327AR_DO_FUTURO-24-195x130.jpg 195w\" sizes=\"(max-width: 960px) 100vw, 960px\" \/><\/figure>\n\n\n\n<figure class=\"wp-block-image size-large\"><img loading=\"lazy\" width=\"960\" height=\"640\" data-id=\"26848\"  src=\"https:\/\/www.ipleiria.pt\/esadcr\/wp-content\/uploads\/sites\/17\/2023\/12\/23_12_MGC_RECOMEC\u0327AR_DO_FUTURO-12.jpg\" alt=\"\" class=\"wp-image-26848\" srcset=\"https:\/\/www.ipleiria.pt\/esadcr\/wp-content\/uploads\/sites\/17\/2023\/12\/23_12_MGC_RECOMEC\u0327AR_DO_FUTURO-12.jpg 960w, https:\/\/www.ipleiria.pt\/esadcr\/wp-content\/uploads\/sites\/17\/2023\/12\/23_12_MGC_RECOMEC\u0327AR_DO_FUTURO-12-300x200.jpg 300w, https:\/\/www.ipleiria.pt\/esadcr\/wp-content\/uploads\/sites\/17\/2023\/12\/23_12_MGC_RECOMEC\u0327AR_DO_FUTURO-12-150x100.jpg 150w, https:\/\/www.ipleiria.pt\/esadcr\/wp-content\/uploads\/sites\/17\/2023\/12\/23_12_MGC_RECOMEC\u0327AR_DO_FUTURO-12-768x512.jpg 768w, https:\/\/www.ipleiria.pt\/esadcr\/wp-content\/uploads\/sites\/17\/2023\/12\/23_12_MGC_RECOMEC\u0327AR_DO_FUTURO-12-390x260.jpg 390w, https:\/\/www.ipleiria.pt\/esadcr\/wp-content\/uploads\/sites\/17\/2023\/12\/23_12_MGC_RECOMEC\u0327AR_DO_FUTURO-12-810x540.jpg 810w, https:\/\/www.ipleiria.pt\/esadcr\/wp-content\/uploads\/sites\/17\/2023\/12\/23_12_MGC_RECOMEC\u0327AR_DO_FUTURO-12-413x275.jpg 413w, https:\/\/www.ipleiria.pt\/esadcr\/wp-content\/uploads\/sites\/17\/2023\/12\/23_12_MGC_RECOMEC\u0327AR_DO_FUTURO-12-195x130.jpg 195w\" sizes=\"(max-width: 960px) 100vw, 960px\" \/><\/figure>\n\n\n\n<figure class=\"wp-block-image size-large\"><img loading=\"lazy\" width=\"960\" height=\"640\" data-id=\"26846\"  src=\"https:\/\/www.ipleiria.pt\/esadcr\/wp-content\/uploads\/sites\/17\/2023\/12\/23_12_MGC_RECOMEC\u0327AR_DO_FUTURO-19.jpg\" alt=\"\" class=\"wp-image-26846\" srcset=\"https:\/\/www.ipleiria.pt\/esadcr\/wp-content\/uploads\/sites\/17\/2023\/12\/23_12_MGC_RECOMEC\u0327AR_DO_FUTURO-19.jpg 960w, https:\/\/www.ipleiria.pt\/esadcr\/wp-content\/uploads\/sites\/17\/2023\/12\/23_12_MGC_RECOMEC\u0327AR_DO_FUTURO-19-300x200.jpg 300w, https:\/\/www.ipleiria.pt\/esadcr\/wp-content\/uploads\/sites\/17\/2023\/12\/23_12_MGC_RECOMEC\u0327AR_DO_FUTURO-19-150x100.jpg 150w, https:\/\/www.ipleiria.pt\/esadcr\/wp-content\/uploads\/sites\/17\/2023\/12\/23_12_MGC_RECOMEC\u0327AR_DO_FUTURO-19-768x512.jpg 768w, https:\/\/www.ipleiria.pt\/esadcr\/wp-content\/uploads\/sites\/17\/2023\/12\/23_12_MGC_RECOMEC\u0327AR_DO_FUTURO-19-390x260.jpg 390w, https:\/\/www.ipleiria.pt\/esadcr\/wp-content\/uploads\/sites\/17\/2023\/12\/23_12_MGC_RECOMEC\u0327AR_DO_FUTURO-19-810x540.jpg 810w, https:\/\/www.ipleiria.pt\/esadcr\/wp-content\/uploads\/sites\/17\/2023\/12\/23_12_MGC_RECOMEC\u0327AR_DO_FUTURO-19-413x275.jpg 413w, https:\/\/www.ipleiria.pt\/esadcr\/wp-content\/uploads\/sites\/17\/2023\/12\/23_12_MGC_RECOMEC\u0327AR_DO_FUTURO-19-195x130.jpg 195w\" sizes=\"(max-width: 960px) 100vw, 960px\" \/><\/figure>\n\n\n\n<figure class=\"wp-block-image size-large\"><img loading=\"lazy\" width=\"960\" height=\"640\" data-id=\"26849\"  src=\"https:\/\/www.ipleiria.pt\/esadcr\/wp-content\/uploads\/sites\/17\/2023\/12\/23_12_MGC_RECOMEC\u0327AR_DO_FUTURO-2.jpg\" alt=\"\" class=\"wp-image-26849\" srcset=\"https:\/\/www.ipleiria.pt\/esadcr\/wp-content\/uploads\/sites\/17\/2023\/12\/23_12_MGC_RECOMEC\u0327AR_DO_FUTURO-2.jpg 960w, https:\/\/www.ipleiria.pt\/esadcr\/wp-content\/uploads\/sites\/17\/2023\/12\/23_12_MGC_RECOMEC\u0327AR_DO_FUTURO-2-300x200.jpg 300w, https:\/\/www.ipleiria.pt\/esadcr\/wp-content\/uploads\/sites\/17\/2023\/12\/23_12_MGC_RECOMEC\u0327AR_DO_FUTURO-2-150x100.jpg 150w, https:\/\/www.ipleiria.pt\/esadcr\/wp-content\/uploads\/sites\/17\/2023\/12\/23_12_MGC_RECOMEC\u0327AR_DO_FUTURO-2-768x512.jpg 768w, https:\/\/www.ipleiria.pt\/esadcr\/wp-content\/uploads\/sites\/17\/2023\/12\/23_12_MGC_RECOMEC\u0327AR_DO_FUTURO-2-390x260.jpg 390w, https:\/\/www.ipleiria.pt\/esadcr\/wp-content\/uploads\/sites\/17\/2023\/12\/23_12_MGC_RECOMEC\u0327AR_DO_FUTURO-2-810x540.jpg 810w, https:\/\/www.ipleiria.pt\/esadcr\/wp-content\/uploads\/sites\/17\/2023\/12\/23_12_MGC_RECOMEC\u0327AR_DO_FUTURO-2-413x275.jpg 413w, https:\/\/www.ipleiria.pt\/esadcr\/wp-content\/uploads\/sites\/17\/2023\/12\/23_12_MGC_RECOMEC\u0327AR_DO_FUTURO-2-195x130.jpg 195w\" sizes=\"(max-width: 960px) 100vw, 960px\" \/><\/figure>\n<\/figure>\n","protected":false},"excerpt":{"rendered":"11 de dezembro de 2023","protected":false},"author":5,"featured_media":26748,"comment_status":"closed","ping_status":"closed","sticky":false,"template":"","format":"standard","meta":{"multilingual_post_translation":"{\"en-GB\":{\"url\":\"https:\/\/www.ipleiria.pt\/esadcr-en\/?p=13286\",\"postID\":null,\"postTitle\":\"\",\"siteID\":22,\"customURL\":true,\"languageInfo\":{\"multilingual_site_api_url\":\"https:\/\/www.ipleiria.pt\/esadcr-en\/wp-json\/\",\"name\":\"English\",\"locale\":\"en_GB\"}}}","custompostfields_banners":"","custompostfields_post-association_course-gallery":[],"custompostfields_titulo-homepage":"","custompostfields_event-date":"2023-12-04","custompostfields_event-end-date":"2023-12-04","custompostfields_front-page-gallery-thumbnails":""},"categories":[122,145,40],"tags":[],"_links":{"self":[{"href":"https:\/\/www.ipleiria.pt\/esadcr\/wp-json\/wp\/v2\/posts\/26746"}],"collection":[{"href":"https:\/\/www.ipleiria.pt\/esadcr\/wp-json\/wp\/v2\/posts"}],"about":[{"href":"https:\/\/www.ipleiria.pt\/esadcr\/wp-json\/wp\/v2\/types\/post"}],"author":[{"embeddable":true,"href":"https:\/\/www.ipleiria.pt\/esadcr\/wp-json\/wp\/v2\/users\/5"}],"replies":[{"embeddable":true,"href":"https:\/\/www.ipleiria.pt\/esadcr\/wp-json\/wp\/v2\/comments?post=26746"}],"version-history":[{"count":12,"href":"https:\/\/www.ipleiria.pt\/esadcr\/wp-json\/wp\/v2\/posts\/26746\/revisions"}],"predecessor-version":[{"id":26851,"href":"https:\/\/www.ipleiria.pt\/esadcr\/wp-json\/wp\/v2\/posts\/26746\/revisions\/26851"}],"wp:featuredmedia":[{"embeddable":true,"href":"https:\/\/www.ipleiria.pt\/esadcr\/wp-json\/wp\/v2\/media\/26748"}],"wp:attachment":[{"href":"https:\/\/www.ipleiria.pt\/esadcr\/wp-json\/wp\/v2\/media?parent=26746"}],"wp:term":[{"taxonomy":"category","embeddable":true,"href":"https:\/\/www.ipleiria.pt\/esadcr\/wp-json\/wp\/v2\/categories?post=26746"},{"taxonomy":"post_tag","embeddable":true,"href":"https:\/\/www.ipleiria.pt\/esadcr\/wp-json\/wp\/v2\/tags?post=26746"}],"curies":[{"name":"wp","href":"https:\/\/api.w.org\/{rel}","templated":true}]}}