{"id":28068,"date":"2024-03-11T10:44:45","date_gmt":"2024-03-11T10:44:45","guid":{"rendered":"https:\/\/www.ipleiria.pt\/esadcr\/?p=28068"},"modified":"2024-10-10T16:27:33","modified_gmt":"2024-10-10T16:27:33","slug":"cineclube-cr-5o-ciclo","status":"publish","type":"post","link":"https:\/\/www.ipleiria.pt\/esadcr\/2024\/03\/11\/cineclube-cr-5o-ciclo\/","title":{"rendered":"Cineclube.cr &#8211; 5\u00ba Ciclo"},"content":{"rendered":"\n<div class=\"wp-container-3 wp-block-columns\">\n<div class=\"wp-container-1 wp-block-column\">\n<div style=\"height:37px\" aria-hidden=\"true\" class=\"wp-block-spacer\"><\/div>\n\n\n\n<figure class=\"wp-block-image size-full\"><img loading=\"lazy\" width=\"720\" height=\"1066\" src=\"https:\/\/www.ipleiria.pt\/esadcr\/wp-content\/uploads\/sites\/17\/2024\/03\/CCC_5_CICLO_PROGRAMACAO_DESIGN_CARTAZ.jpg\" alt=\"\" class=\"wp-image-28069\" srcset=\"https:\/\/www.ipleiria.pt\/esadcr\/wp-content\/uploads\/sites\/17\/2024\/03\/CCC_5_CICLO_PROGRAMACAO_DESIGN_CARTAZ.jpg 720w, https:\/\/www.ipleiria.pt\/esadcr\/wp-content\/uploads\/sites\/17\/2024\/03\/CCC_5_CICLO_PROGRAMACAO_DESIGN_CARTAZ-203x300.jpg 203w, https:\/\/www.ipleiria.pt\/esadcr\/wp-content\/uploads\/sites\/17\/2024\/03\/CCC_5_CICLO_PROGRAMACAO_DESIGN_CARTAZ-101x150.jpg 101w, https:\/\/www.ipleiria.pt\/esadcr\/wp-content\/uploads\/sites\/17\/2024\/03\/CCC_5_CICLO_PROGRAMACAO_DESIGN_CARTAZ-284x420.jpg 284w, https:\/\/www.ipleiria.pt\/esadcr\/wp-content\/uploads\/sites\/17\/2024\/03\/CCC_5_CICLO_PROGRAMACAO_DESIGN_CARTAZ-263x390.jpg 263w, https:\/\/www.ipleiria.pt\/esadcr\/wp-content\/uploads\/sites\/17\/2024\/03\/CCC_5_CICLO_PROGRAMACAO_DESIGN_CARTAZ-365x540.jpg 365w, https:\/\/www.ipleiria.pt\/esadcr\/wp-content\/uploads\/sites\/17\/2024\/03\/CCC_5_CICLO_PROGRAMACAO_DESIGN_CARTAZ-186x275.jpg 186w, https:\/\/www.ipleiria.pt\/esadcr\/wp-content\/uploads\/sites\/17\/2024\/03\/CCC_5_CICLO_PROGRAMACAO_DESIGN_CARTAZ-132x195.jpg 132w\" sizes=\"(max-width: 720px) 100vw, 720px\" \/><\/figure>\n\n\n\n<figure class=\"wp-block-image size-full\"><img loading=\"lazy\" width=\"720\" height=\"720\" src=\"https:\/\/www.ipleiria.pt\/esadcr\/wp-content\/uploads\/sites\/17\/2024\/03\/cineclube-4ciclo10.jpg\" alt=\"\" class=\"wp-image-28070\" srcset=\"https:\/\/www.ipleiria.pt\/esadcr\/wp-content\/uploads\/sites\/17\/2024\/03\/cineclube-4ciclo10.jpg 720w, https:\/\/www.ipleiria.pt\/esadcr\/wp-content\/uploads\/sites\/17\/2024\/03\/cineclube-4ciclo10-300x300.jpg 300w, https:\/\/www.ipleiria.pt\/esadcr\/wp-content\/uploads\/sites\/17\/2024\/03\/cineclube-4ciclo10-150x150.jpg 150w, https:\/\/www.ipleiria.pt\/esadcr\/wp-content\/uploads\/sites\/17\/2024\/03\/cineclube-4ciclo10-390x390.jpg 390w, https:\/\/www.ipleiria.pt\/esadcr\/wp-content\/uploads\/sites\/17\/2024\/03\/cineclube-4ciclo10-540x540.jpg 540w, https:\/\/www.ipleiria.pt\/esadcr\/wp-content\/uploads\/sites\/17\/2024\/03\/cineclube-4ciclo10-275x275.jpg 275w, https:\/\/www.ipleiria.pt\/esadcr\/wp-content\/uploads\/sites\/17\/2024\/03\/cineclube-4ciclo10-195x195.jpg 195w\" sizes=\"(max-width: 720px) 100vw, 720px\" \/><\/figure>\n\n\n\n<figure class=\"wp-block-image size-full\"><img loading=\"lazy\" width=\"720\" height=\"720\" src=\"https:\/\/www.ipleiria.pt\/esadcr\/wp-content\/uploads\/sites\/17\/2024\/03\/cineclube-4ciclo09.jpg\" alt=\"\" class=\"wp-image-28071\" srcset=\"https:\/\/www.ipleiria.pt\/esadcr\/wp-content\/uploads\/sites\/17\/2024\/03\/cineclube-4ciclo09.jpg 720w, https:\/\/www.ipleiria.pt\/esadcr\/wp-content\/uploads\/sites\/17\/2024\/03\/cineclube-4ciclo09-300x300.jpg 300w, https:\/\/www.ipleiria.pt\/esadcr\/wp-content\/uploads\/sites\/17\/2024\/03\/cineclube-4ciclo09-150x150.jpg 150w, https:\/\/www.ipleiria.pt\/esadcr\/wp-content\/uploads\/sites\/17\/2024\/03\/cineclube-4ciclo09-390x390.jpg 390w, https:\/\/www.ipleiria.pt\/esadcr\/wp-content\/uploads\/sites\/17\/2024\/03\/cineclube-4ciclo09-540x540.jpg 540w, https:\/\/www.ipleiria.pt\/esadcr\/wp-content\/uploads\/sites\/17\/2024\/03\/cineclube-4ciclo09-275x275.jpg 275w, https:\/\/www.ipleiria.pt\/esadcr\/wp-content\/uploads\/sites\/17\/2024\/03\/cineclube-4ciclo09-195x195.jpg 195w\" sizes=\"(max-width: 720px) 100vw, 720px\" \/><\/figure>\n\n\n\n<figure class=\"wp-block-image size-full\"><img loading=\"lazy\" width=\"720\" height=\"720\" src=\"https:\/\/www.ipleiria.pt\/esadcr\/wp-content\/uploads\/sites\/17\/2024\/03\/cineclube-4ciclo08.jpg\" alt=\"\" class=\"wp-image-28072\" srcset=\"https:\/\/www.ipleiria.pt\/esadcr\/wp-content\/uploads\/sites\/17\/2024\/03\/cineclube-4ciclo08.jpg 720w, https:\/\/www.ipleiria.pt\/esadcr\/wp-content\/uploads\/sites\/17\/2024\/03\/cineclube-4ciclo08-300x300.jpg 300w, https:\/\/www.ipleiria.pt\/esadcr\/wp-content\/uploads\/sites\/17\/2024\/03\/cineclube-4ciclo08-150x150.jpg 150w, https:\/\/www.ipleiria.pt\/esadcr\/wp-content\/uploads\/sites\/17\/2024\/03\/cineclube-4ciclo08-390x390.jpg 390w, https:\/\/www.ipleiria.pt\/esadcr\/wp-content\/uploads\/sites\/17\/2024\/03\/cineclube-4ciclo08-540x540.jpg 540w, https:\/\/www.ipleiria.pt\/esadcr\/wp-content\/uploads\/sites\/17\/2024\/03\/cineclube-4ciclo08-275x275.jpg 275w, https:\/\/www.ipleiria.pt\/esadcr\/wp-content\/uploads\/sites\/17\/2024\/03\/cineclube-4ciclo08-195x195.jpg 195w\" sizes=\"(max-width: 720px) 100vw, 720px\" \/><\/figure>\n\n\n\n<figure class=\"wp-block-image size-full\"><img loading=\"lazy\" width=\"720\" height=\"720\" src=\"https:\/\/www.ipleiria.pt\/esadcr\/wp-content\/uploads\/sites\/17\/2024\/03\/cineclube-4ciclo07.jpg\" alt=\"\" class=\"wp-image-28073\" srcset=\"https:\/\/www.ipleiria.pt\/esadcr\/wp-content\/uploads\/sites\/17\/2024\/03\/cineclube-4ciclo07.jpg 720w, https:\/\/www.ipleiria.pt\/esadcr\/wp-content\/uploads\/sites\/17\/2024\/03\/cineclube-4ciclo07-300x300.jpg 300w, https:\/\/www.ipleiria.pt\/esadcr\/wp-content\/uploads\/sites\/17\/2024\/03\/cineclube-4ciclo07-150x150.jpg 150w, https:\/\/www.ipleiria.pt\/esadcr\/wp-content\/uploads\/sites\/17\/2024\/03\/cineclube-4ciclo07-390x390.jpg 390w, https:\/\/www.ipleiria.pt\/esadcr\/wp-content\/uploads\/sites\/17\/2024\/03\/cineclube-4ciclo07-540x540.jpg 540w, https:\/\/www.ipleiria.pt\/esadcr\/wp-content\/uploads\/sites\/17\/2024\/03\/cineclube-4ciclo07-275x275.jpg 275w, https:\/\/www.ipleiria.pt\/esadcr\/wp-content\/uploads\/sites\/17\/2024\/03\/cineclube-4ciclo07-195x195.jpg 195w\" sizes=\"(max-width: 720px) 100vw, 720px\" \/><\/figure>\n\n\n\n<figure class=\"wp-block-image size-full\"><img loading=\"lazy\" width=\"720\" height=\"720\" src=\"https:\/\/www.ipleiria.pt\/esadcr\/wp-content\/uploads\/sites\/17\/2024\/03\/cineclube-4ciclo06.jpg\" alt=\"\" class=\"wp-image-28074\" srcset=\"https:\/\/www.ipleiria.pt\/esadcr\/wp-content\/uploads\/sites\/17\/2024\/03\/cineclube-4ciclo06.jpg 720w, https:\/\/www.ipleiria.pt\/esadcr\/wp-content\/uploads\/sites\/17\/2024\/03\/cineclube-4ciclo06-300x300.jpg 300w, https:\/\/www.ipleiria.pt\/esadcr\/wp-content\/uploads\/sites\/17\/2024\/03\/cineclube-4ciclo06-150x150.jpg 150w, https:\/\/www.ipleiria.pt\/esadcr\/wp-content\/uploads\/sites\/17\/2024\/03\/cineclube-4ciclo06-390x390.jpg 390w, https:\/\/www.ipleiria.pt\/esadcr\/wp-content\/uploads\/sites\/17\/2024\/03\/cineclube-4ciclo06-540x540.jpg 540w, https:\/\/www.ipleiria.pt\/esadcr\/wp-content\/uploads\/sites\/17\/2024\/03\/cineclube-4ciclo06-275x275.jpg 275w, https:\/\/www.ipleiria.pt\/esadcr\/wp-content\/uploads\/sites\/17\/2024\/03\/cineclube-4ciclo06-195x195.jpg 195w\" sizes=\"(max-width: 720px) 100vw, 720px\" \/><\/figure>\n\n\n\n<figure class=\"wp-block-image size-full\"><img loading=\"lazy\" width=\"720\" height=\"720\" src=\"https:\/\/www.ipleiria.pt\/esadcr\/wp-content\/uploads\/sites\/17\/2024\/03\/cineclube-4ciclo05.jpg\" alt=\"\" class=\"wp-image-28075\" srcset=\"https:\/\/www.ipleiria.pt\/esadcr\/wp-content\/uploads\/sites\/17\/2024\/03\/cineclube-4ciclo05.jpg 720w, https:\/\/www.ipleiria.pt\/esadcr\/wp-content\/uploads\/sites\/17\/2024\/03\/cineclube-4ciclo05-300x300.jpg 300w, https:\/\/www.ipleiria.pt\/esadcr\/wp-content\/uploads\/sites\/17\/2024\/03\/cineclube-4ciclo05-150x150.jpg 150w, https:\/\/www.ipleiria.pt\/esadcr\/wp-content\/uploads\/sites\/17\/2024\/03\/cineclube-4ciclo05-390x390.jpg 390w, https:\/\/www.ipleiria.pt\/esadcr\/wp-content\/uploads\/sites\/17\/2024\/03\/cineclube-4ciclo05-540x540.jpg 540w, https:\/\/www.ipleiria.pt\/esadcr\/wp-content\/uploads\/sites\/17\/2024\/03\/cineclube-4ciclo05-275x275.jpg 275w, https:\/\/www.ipleiria.pt\/esadcr\/wp-content\/uploads\/sites\/17\/2024\/03\/cineclube-4ciclo05-195x195.jpg 195w\" sizes=\"(max-width: 720px) 100vw, 720px\" \/><\/figure>\n\n\n\n<figure class=\"wp-block-image size-full\"><img loading=\"lazy\" width=\"720\" height=\"720\" src=\"https:\/\/www.ipleiria.pt\/esadcr\/wp-content\/uploads\/sites\/17\/2024\/03\/cineclube-4ciclo04.jpg\" alt=\"\" class=\"wp-image-28076\" srcset=\"https:\/\/www.ipleiria.pt\/esadcr\/wp-content\/uploads\/sites\/17\/2024\/03\/cineclube-4ciclo04.jpg 720w, https:\/\/www.ipleiria.pt\/esadcr\/wp-content\/uploads\/sites\/17\/2024\/03\/cineclube-4ciclo04-300x300.jpg 300w, https:\/\/www.ipleiria.pt\/esadcr\/wp-content\/uploads\/sites\/17\/2024\/03\/cineclube-4ciclo04-150x150.jpg 150w, https:\/\/www.ipleiria.pt\/esadcr\/wp-content\/uploads\/sites\/17\/2024\/03\/cineclube-4ciclo04-390x390.jpg 390w, https:\/\/www.ipleiria.pt\/esadcr\/wp-content\/uploads\/sites\/17\/2024\/03\/cineclube-4ciclo04-540x540.jpg 540w, https:\/\/www.ipleiria.pt\/esadcr\/wp-content\/uploads\/sites\/17\/2024\/03\/cineclube-4ciclo04-275x275.jpg 275w, https:\/\/www.ipleiria.pt\/esadcr\/wp-content\/uploads\/sites\/17\/2024\/03\/cineclube-4ciclo04-195x195.jpg 195w\" sizes=\"(max-width: 720px) 100vw, 720px\" \/><\/figure>\n\n\n\n<figure class=\"wp-block-image size-full\"><img loading=\"lazy\" width=\"720\" height=\"720\" src=\"https:\/\/www.ipleiria.pt\/esadcr\/wp-content\/uploads\/sites\/17\/2024\/03\/cineclube-4ciclo03.jpg\" alt=\"\" class=\"wp-image-28077\" srcset=\"https:\/\/www.ipleiria.pt\/esadcr\/wp-content\/uploads\/sites\/17\/2024\/03\/cineclube-4ciclo03.jpg 720w, https:\/\/www.ipleiria.pt\/esadcr\/wp-content\/uploads\/sites\/17\/2024\/03\/cineclube-4ciclo03-300x300.jpg 300w, https:\/\/www.ipleiria.pt\/esadcr\/wp-content\/uploads\/sites\/17\/2024\/03\/cineclube-4ciclo03-150x150.jpg 150w, https:\/\/www.ipleiria.pt\/esadcr\/wp-content\/uploads\/sites\/17\/2024\/03\/cineclube-4ciclo03-390x390.jpg 390w, https:\/\/www.ipleiria.pt\/esadcr\/wp-content\/uploads\/sites\/17\/2024\/03\/cineclube-4ciclo03-540x540.jpg 540w, https:\/\/www.ipleiria.pt\/esadcr\/wp-content\/uploads\/sites\/17\/2024\/03\/cineclube-4ciclo03-275x275.jpg 275w, https:\/\/www.ipleiria.pt\/esadcr\/wp-content\/uploads\/sites\/17\/2024\/03\/cineclube-4ciclo03-195x195.jpg 195w\" sizes=\"(max-width: 720px) 100vw, 720px\" \/><\/figure>\n<\/div>\n\n\n\n<div class=\"wp-container-2 wp-block-column\">\n<h2><strong><em>Cineclube das Caldas da Rainha<\/em><\/strong><\/h2>\n\n\n\n<h3>5\u00ba Ciclo<\/h3>\n\n\n\n<p>O Cineclube das Caldas da Rainha abre as suas portas a todos os interessados em cinema da cidade. Com\u00a0<strong>foco em cinema autoral jovem, este cineclube visa promover a acessibilidade \u00e0 s\u00e9tima arte e a promo\u00e7\u00e3o do cinema portugu\u00eas,\u00a0<\/strong>atrav\u00e9s de sess\u00f5es de cinema quinzenais com a participa\u00e7\u00e3o dos realizadores, deixando fluir uma entrevista, em tom de conversa, no fim de cada sess\u00e3o.<br>As sess\u00f5es decorrem no Audit\u00f3rio EP1 da ESAD.CR, a Escola Superior de Artes e Design das Caldas da Rainha, mas este projeto n\u00e3o limita esta arte \u00e0s salas de cinema, levando as suas sess\u00f5es at\u00e9 caf\u00e9s, coletivos e at\u00e9 espa\u00e7os abertos. Nas sess\u00f5es, todos s\u00e3o bem-vindos a participar, intervir com perguntas, fomentando o interesse e a curiosidade.<br>Para al\u00e9m de apresentar sess\u00f5es quinzenais, o Cineclube tamb\u00e9m prepara exerc\u00edcios que incentivam ao uso da criatividade e do trabalho em equipa, sempre com o foco de criar e explorar novos meios de express\u00e3o e ainda tem mais eventos e atividades planeadas para acontecer ao longo deste ano.<br>Neste momento, a equipa do cineclube est\u00e1 a trabalhar para tornar todos os seus projetos atuais e futuros acess\u00edveis a toda a comunidade, contando com o seu apoio nesse caminho que est\u00e1 a ser tra\u00e7ado.<\/p>\n\n\n\n<p><strong>Contactos:<\/strong><\/p>\n\n\n\n<p>e-mail:&nbsp;<a href=\"mailto:cineclubedascaldasdarainha@gmail.com\">cineclubedascaldasdarainha@gmail.com<\/a><\/p>\n\n\n\n<p>instagram:&nbsp;<a href=\"https:\/\/www.instagram.com\/cineclubecr\/\" target=\"_blank\" rel=\"noreferrer noopener\">@cineclubecr<\/a><\/p>\n\n\n\n<h2>PROGRAMA<\/h2>\n\n\n\n<p>(ENTRADA LIVRE)<\/p>\n\n\n\n<hr class=\"wp-block-separator has-alpha-channel-opacity\"\/>\n\n\n\n<h3>1\u00aa Sess\u00e3o do 5\u00ba Ciclo do Cineclube das Caldas da Rainha, inserido no programa de Cinema Jovem Portugu\u00eas<\/h3>\n\n\n\n<h4><strong>11\/03\/2024 &#8211; 19H00 &#8211; Audit\u00f3rio do Ep1 ESAD.CR<\/strong><\/h4>\n\n\n\n<h5><strong>\u201cSil\u00eancios\u201d<\/strong>, C\u00e9zar Pedro \u2022 2022 \u2022 DOC\/EXP \u2022 Angola\/Portugal \u2022 25&#8242;<\/h5>\n\n\n\n<p><strong>Sinopse<\/strong><br>U\u00edge, Angola. No interior de um semin\u00e1rio cat\u00f3lico portugu\u00eas, diferentes formas de sil\u00eancio s\u00e3o experimentadas. Um lugar habitado por m\u00faltiplas sonoridades e imagens que vagueiam da natureza e medita\u00e7\u00e3o at\u00e9 impress\u00f5es coloniais.<br><strong>trailer <\/strong><br>https:\/\/www.youtube.com\/watch?v=AgufU135eTo<br><strong>Biografia<\/strong><br>Realizador e montador desde 2009 quando se estreou com o filme \u201cConfer\u00eancia\u201d vencedor do pr\u00e9mio Jovens Criadores. Licenciado da ESMAE, tem trabalho realizado sobretudo na \u00e1rea do cinema documental, experimental, m\u00fasica e teatro. Participou nas Capitais Europeias da Cultura Vilnius e Guimar\u00e3es com document\u00e1rios da sua autoria e foi finalista do programa Inov- Art em Mo\u00e7ambique onde produziu e realizou a sua primeira longa-metragem documental \u201cCasa Velha\u201d. \u00c9 professor em departamentos de Cinema e Multim\u00e9dia de diversas institui\u00e7\u00f5es e encontra-se neste momento a finalizar o mestrado Imagem em Movimento na Faculdade de Belas Artes da Universidade de Lisboa com a curta-metragem \u201cSil\u00eancios\u201d.<\/p>\n\n\n\n<hr class=\"wp-block-separator has-alpha-channel-opacity\"\/>\n\n\n\n<h4>2\u00aa Sess\u00e3o do 5\u00ba Ciclo do Cineclube das Caldas da Rainha, inserido no programa de Cinema Jovem Portugu\u00eas em parceria com o Cineclube do Indie Lisboa<\/h4>\n\n\n\n<h4><strong>18\/03\/2024 &#8211; 16H30 &#8211; Audit\u00f3rio do Ep1 ESAD.CR<\/strong><\/h4>\n\n\n\n<h5><strong>\u201cMorte em Agosto&#8221;<\/strong>, Bruno Abib \u2022 2023 \u2022 FIC \u2022 Portugal \u2022 16\u2019<\/h5>\n\n\n\n<p><strong>Sinopse<\/strong><br>Um acontecimento traum\u00e1tico leva a diferentes formas de reagir entre os membros de um grupo de amigos. Enquanto uns se revoltam, outros afastam-se da realidade, procurando aconchego num mundo virtual.<br><strong>trailer<\/strong><br>https:\/\/www.youtube.com\/watch?v=LUc4a6zEauU<\/p>\n\n\n\n<hr class=\"wp-block-separator has-alpha-channel-opacity\"\/>\n\n\n\n<h4>3\u00aa Sess\u00e3o do 5\u00ba Ciclo do Cineclube das Caldas da Rainha, inserido no programa de Cinema Jovem Portugu\u00eas<\/h4>\n\n\n\n<h4><strong>8\/04\/2024 &#8211; 19H00 &#8211; Audit\u00f3rio do Ep1 ESAD.CR<\/strong><\/h4>\n\n\n\n<h5><strong>\u201cBy Fl\u00e1vio&#8221;<\/strong>, Pedro Cabeleira \u2022 2022 \u2022 FIC \u2022 Portugal\/Fran\u00e7a \u2022 27&#8242;<\/h5>\n\n\n\n<p><strong>Sinopse<\/strong><br>M\u00e1rcia gostaria de ser<em> influencer<\/em> no Instagram, mas tamb\u00e9m de sair com o <em>rapper <\/em>Da Reel Chullz. No meio est\u00e1 um pequeno entrave, o seu filho Fl\u00e1vio.<br><strong>trailer<\/strong><br>https:\/\/www.youtube.com\/watch?v=2ycu7_VKlX4<br><strong>Biografia<\/strong><br>Pedro Cabeleira nasceu no Entroncamento, em 1992. Depois de concluir a licenciatura em Realiza\u00e7\u00e3o na Escola Superior de Teatro e Lisboa, come\u00e7ou a filmar a sua primeira longa-metragem, sem or\u00e7amento e com jovens atores e uma jovem equipa que conheceu na escola de cinema.<br>Filmado ao longo de um ano e com uma longa p\u00f3s-produ\u00e7\u00e3o que durou tr\u00eas anos, Damned Sumer estreou em Locarno em 2017 (Men\u00e7\u00e3o Especial do J\u00fari). O filme foi selecionado para diversos festivais internacionais.<br>Em 2018, realizou a curta-metragem Filomena encomendada pela Triennale de Arquitectura de Lisboa, para integrar a exposi\u00e7\u00e3o Lisbon Acts, tendo estreado no IndieLisboa 2019.<br>By Fl\u00e1vio, a sua mais recente curta-metragem, filmada em Torres Novas, ter\u00e1 estreia na Berlinale 2022. Pedro Cabeleira est\u00e1 atualmente a desenvolver a sua segunda longa-metragem, Entroncamento, a ser filmada na sua terra natal.<\/p>\n\n\n\n<hr class=\"wp-block-separator has-alpha-channel-opacity\"\/>\n\n\n\n<h4>4\u00aa Sess\u00e3o do 5\u00ba Ciclo do Cineclube das Caldas da Rainha, inserido no programa de Cinema Jovem Portugu\u00eas em contexto 25 de ABRIL<\/h4>\n\n\n\n<h4><strong>25\/04\/2024 &#8211; 21H00 &#8211; Feira 25 de Abril &#8211; Estacionamento da Gracal, Caldas da Rainha<\/strong><br>FEIRA 25 DE ABRIL<br>CINEMA AO AR LIVRE<\/h4>\n\n\n\n<h5><strong>\u201cDireito \u00e0 Mem\u00f3ria&#8221;<\/strong>, Ruben Sevivas \u2022 2019 \u2022 DOC \u2022 Portugal \u2022 9\u2019<\/h5>\n\n\n\n<p><strong>Sinopse<\/strong><br>No dia 22 de maio de 1958, o General Humberto Delgado proferiu o c\u00e9lebre discurso com que encerrou o com\u00edcio de Chaves, no antigo Cine Parque. Foi aqui que o seu \u00fanico registo de voz da campanha eleitoral ficou gravado. A PIDE destruiu todos os outros registos. A grava\u00e7\u00e3o sobreviveu por ter sido enterrada num quintal durante v\u00e1rios anos. A grava\u00e7\u00e3o resistiu ao tempo, o Cine Parque n\u00e3o\u2026<br><strong>trailer<\/strong><br>https:\/\/www.youtube.com\/watch?v=35GLKLFlC9E<\/p>\n\n\n\n<hr class=\"wp-block-separator has-alpha-channel-opacity\"\/>\n\n\n\n<h4>5\u00aa Sess\u00e3o do 5\u00ba Ciclo do Cineclube das Caldas da Rainha, inserido no programa de Cinema Jovem Portugu\u00eas em parceria com o Caldas em Marcha<\/h4>\n\n\n\n<h4><strong>8\/05\/2024 &#8211; 16H30 &#8211; Audit\u00f3rio do Ep1 ESAD.CR<\/strong><br>30 ANOS ESAD.CR<\/h4>\n\n\n\n<h5><strong>\u201cUm Caro\u00e7o de Abacate&#8221;<\/strong>, Ary Zara \u2022 2022 \u2022 FIC \u2022 Portugal \u2022 20\u2019<\/h5>\n\n\n\n<p><strong>Sinopse<\/strong><br>Larissa, uma mulher trans e Cl\u00e1udio, um homem cis encontram-se numa noite em Lisboa. S\u00e3o duas pessoas com realidades d\u00edspares que at\u00e9 ao amanhecer fazem a sua troca de mundos numa dan\u00e7a cativante que os desafia. Uma hist\u00f3ria de empoderamento, livre de viol\u00eancia para nos despertar dias melhores.<br><strong>trailer<\/strong><br>https:\/\/www.youtube.com\/watch?v=VCDvnTK5BwQ<\/p>\n\n\n\n<hr class=\"wp-block-separator has-alpha-channel-opacity\"\/>\n\n\n\n<h4>6\u00aa Sess\u00e3o do 5\u00ba Ciclo do Cineclube das Caldas da Rainha, inserido no programa de Cinema Jovem Portugu\u00eas<\/h4>\n\n\n\n<h4><strong>20\/05\/2024 &#8211; 19H00 &#8211; Audit\u00f3rio do Ep1 ESAD.CR<\/strong><\/h4>\n\n\n\n<h5><strong>\u201cOs Monstros s\u00f3 Saem \u00e0 Noite&#8221;<\/strong>, Jo\u00e3o Pedro Ferreira \u2022 2019 \u2022 FIC \u2022 Portugal \u2022 15\u2019<\/h5>\n\n\n\n<p><strong>Sinopse<\/strong><br>Guilherme cuida do seu av\u00f4 h\u00e1 mais tempo do que se lembra. Quando o seu estado de sa\u00fade se agrava, ter\u00e1 que arranjar solu\u00e7\u00f5es o mais r\u00e1pido poss\u00edvel.<br><strong>trailer<\/strong><br>https:\/\/www.youtube.com\/watch?v=5AAv0LygzbE<\/p>\n<\/div>\n<\/div>\n","protected":false},"excerpt":{"rendered":"Cineclube das Caldas da Rainha 5\u00ba Ciclo O Cineclube das Caldas da Rainha abre as suas portas a todos os interessados em cinema da cidade. Com\u00a0foco em cinema autoral jovem, este cineclube visa promover a acessibilidade \u00e0 s\u00e9tima arte e a promo\u00e7\u00e3o do cinema portugu\u00eas,\u00a0atrav\u00e9s de sess\u00f5es de cinema quinzenais com a participa\u00e7\u00e3o dos realizadores, [&hellip;]","protected":false},"author":5,"featured_media":28086,"comment_status":"closed","ping_status":"closed","sticky":false,"template":"","format":"standard","meta":{"multilingual_post_translation":"","custompostfields_banners":"","custompostfields_post-association_course-gallery":[],"custompostfields_titulo-homepage":"","custompostfields_event-date":"2024-03-15","custompostfields_event-end-date":"2024-03-15","custompostfields_front-page-gallery-thumbnails":""},"categories":[122,1],"tags":[],"_links":{"self":[{"href":"https:\/\/www.ipleiria.pt\/esadcr\/wp-json\/wp\/v2\/posts\/28068"}],"collection":[{"href":"https:\/\/www.ipleiria.pt\/esadcr\/wp-json\/wp\/v2\/posts"}],"about":[{"href":"https:\/\/www.ipleiria.pt\/esadcr\/wp-json\/wp\/v2\/types\/post"}],"author":[{"embeddable":true,"href":"https:\/\/www.ipleiria.pt\/esadcr\/wp-json\/wp\/v2\/users\/5"}],"replies":[{"embeddable":true,"href":"https:\/\/www.ipleiria.pt\/esadcr\/wp-json\/wp\/v2\/comments?post=28068"}],"version-history":[{"count":14,"href":"https:\/\/www.ipleiria.pt\/esadcr\/wp-json\/wp\/v2\/posts\/28068\/revisions"}],"predecessor-version":[{"id":31409,"href":"https:\/\/www.ipleiria.pt\/esadcr\/wp-json\/wp\/v2\/posts\/28068\/revisions\/31409"}],"wp:featuredmedia":[{"embeddable":true,"href":"https:\/\/www.ipleiria.pt\/esadcr\/wp-json\/wp\/v2\/media\/28086"}],"wp:attachment":[{"href":"https:\/\/www.ipleiria.pt\/esadcr\/wp-json\/wp\/v2\/media?parent=28068"}],"wp:term":[{"taxonomy":"category","embeddable":true,"href":"https:\/\/www.ipleiria.pt\/esadcr\/wp-json\/wp\/v2\/categories?post=28068"},{"taxonomy":"post_tag","embeddable":true,"href":"https:\/\/www.ipleiria.pt\/esadcr\/wp-json\/wp\/v2\/tags?post=28068"}],"curies":[{"name":"wp","href":"https:\/\/api.w.org\/{rel}","templated":true}]}}