{"id":28319,"date":"2024-04-02T14:14:55","date_gmt":"2024-04-02T14:14:55","guid":{"rendered":"https:\/\/www.ipleiria.pt\/esadcr\/?p=28319"},"modified":"2025-09-10T15:06:03","modified_gmt":"2025-09-10T15:06:03","slug":"residencias-artisticas-artes-sonoras-2","status":"publish","type":"post","link":"https:\/\/www.ipleiria.pt\/esadcr\/2024\/04\/02\/residencias-artisticas-artes-sonoras-2\/","title":{"rendered":"Resid\u00eancias Art\u00edsticas &#8211; ARTES SONORAS"},"content":{"rendered":"\n<div class=\"wp-container-3 wp-block-columns\">\n<div class=\"wp-container-1 wp-block-column\">\n<div style=\"height:37px\" aria-hidden=\"true\" class=\"wp-block-spacer\"><\/div>\n\n\n\n<figure class=\"wp-block-image size-full\"><img loading=\"lazy\" width=\"720\" height=\"540\" src=\"https:\/\/www.ipleiria.pt\/esadcr\/wp-content\/uploads\/sites\/17\/2024\/04\/1000005880.jpg\" alt=\"\" class=\"wp-image-28320\" srcset=\"https:\/\/www.ipleiria.pt\/esadcr\/wp-content\/uploads\/sites\/17\/2024\/04\/1000005880.jpg 720w, https:\/\/www.ipleiria.pt\/esadcr\/wp-content\/uploads\/sites\/17\/2024\/04\/1000005880-300x225.jpg 300w, https:\/\/www.ipleiria.pt\/esadcr\/wp-content\/uploads\/sites\/17\/2024\/04\/1000005880-150x113.jpg 150w, https:\/\/www.ipleiria.pt\/esadcr\/wp-content\/uploads\/sites\/17\/2024\/04\/1000005880-390x293.jpg 390w, https:\/\/www.ipleiria.pt\/esadcr\/wp-content\/uploads\/sites\/17\/2024\/04\/1000005880-367x275.jpg 367w, https:\/\/www.ipleiria.pt\/esadcr\/wp-content\/uploads\/sites\/17\/2024\/04\/1000005880-195x146.jpg 195w\" sizes=\"(max-width: 720px) 100vw, 720px\" \/><figcaption>\u00a9 Joana Escoval, 2022<\/figcaption><\/figure>\n<\/div>\n\n\n\n<div class=\"wp-container-2 wp-block-column\">\n<h2>ARTES SONORAS<br><strong><em>Notas para o estudo da natureza: Ritos de escuta<\/em><\/strong><\/h2>\n\n\n\n<h3>Nuno da Luz<\/h3>\n\n\n\n<h4><strong>RESID\u00caNCIAS ART\u00cdSTICAS DO MESTRADO EM ARTES DO SOM E DA IMAGEM_ESAD.CR EM PARCERIA COM A ASSOCIA\u00c7\u00c3O CULTURAL OSSO_3\u00aa EDI\u00c7\u00c3O_2024<\/strong><br>15 &#8211; 19 DE ABRIL DE 2024 <br>INSTALA\u00c7\u00d5ES DA OSSO, ALDEIA DE S. GREG\u00d3RIO, CALDAS DA RAINHA<\/h4>\n\n\n\n<p>Oficina para partilha de metodologias que visam a descentraliza\u00e7\u00e3o do espa\u00e7o entre os dois ouvidos. Focado inteiramente numa pr\u00e1tica de escuta atenta, este curto espa\u00e7o de tempo \u2013 um per\u00edodo de cinco dias \u2013 ser\u00e1 reservado a fazer descer a audi\u00e7\u00e3o da cabe\u00e7a at\u00e9 aos p\u00e9s, ou situando-a na ponta dos dedos, percorrendo o corpo enquanto mat\u00e9ria vibr\u00e1til, lugar de encontro de resson\u00e2ncias internas e externas. Mediante uma s\u00e9rie de exerc\u00edcios de aten\u00e7\u00e3o e pr\u00e1ticas de improvisa\u00e7\u00e3o coletivas, iremos estudar n\u00e3o a suposta \u201cNatureza\u201d (com N mai\u00fasculo) da dicotomia e separa\u00e7\u00e3o cl\u00e1ssicas Natureza\/Cultura, mas desviar, via pedagogia s\u00f3nica, em dire\u00e7\u00e3o a uma naturezacultura da qual somos convidadxs a tomar parte via rituais de introdu\u00e7\u00e3o, aten\u00e7\u00e3o e responsabilidade m\u00fatuas.<\/p>\n\n\n\n<p><strong>NUNO DA LUZ <\/strong>(Lisboa, 1984). Artista e publicador cujo trabalho cirscunscreve o aural e o visual visual sob a forma de instala\u00e7\u00f5es, performances e material impresso. A sua pr\u00e1tica ondula entre as ecologias do ru\u00eddo, a escuta atenta, e a fabrica\u00e7\u00e3o de livros (atrav\u00e9s do coletivo editorial ATLAS, em colabora\u00e7\u00e3o com o artista Gon\u00e7alo Sena). Atualmente, est\u00e1 a desenvolver um projeto de pesquisa doutoral em artes sonoras na Escola das Artes UCP Porto, intitulado \u201cEchologies of Noise\u201d, e que lida com formas mais-que-humanas de cria\u00e7\u00e3o de mundos sonoros. Em 2015, completou o Mestrado Experimentation in Arts and Politics, fundado pelo fil\u00f3sofo Bruno Latour, em Sciences Po Paris, e co-fundou o coletivo <em>in<\/em>disciplinar COYOTE \u2013 que assume a interseccionalidade como m\u00e9todo e tema, cruzando formas conceptuais e experimentais (em colabora\u00e7\u00e3o com Tristan Bera, Elida H\u00f8eg, Cl\u00e9mence Seurat e Ana Vaz). Desde 2014, tem desenvolvido a s\u00e9rie de performances \u201ccom Resson\u00e2ncia Assistida\u201d, na qual utiliza as resson\u00e2ncias e som envolvente de cada espa\u00e7o em conjunto com instrumentos tocados ao vivo, com apresenta\u00e7\u00f5es passadas na Appleton [Box] (Lisboa), Matadero (Madrid), CentroCentro (Madrid), Centro Bot\u00edn (Santander), Flux Factory (Nova Iorque), e ZK\/U (Berlim), entre outros espa\u00e7os. Os seus projetos mais recentes incluem as exposi\u00e7\u00f5es individuais \u201cHeart of Sky Centro do Vento\u201d (gnration, Braga, 2021), e \u201cTransverberation\u201d (Galeria Vera Cort\u00eas, Lisbon, 2019); as exposi\u00e7\u00f5es coletivas \u201cFeral Ballads\u201d (Cit\u00e9 Internationale des arts, Paris, 2024), e Biennale Gh\u00ebrdeina \u221e Persones Persons (Ortisei, 2022); a monografia \u201cPoetry as an echological survival (Lisboa\/Porto: Documenta\/UCEditora, 2022), e o disco duplo \u201cBeasts of Gravity\u201d, em colabora\u00e7\u00e3o com a artista Joana Escoval (Londres: The Vinyl Factory, 2019).<\/p>\n\n\n\n<hr class=\"wp-block-separator has-alpha-channel-opacity\"\/>\n\n\n\n<p><em>Este trabalho foi suportado por fundos nacionais atrav\u00e9s da FCT \u2013 Funda\u00e7\u00e3o para a Ci\u00eancia e a Tecnologia, I.P., no \u00e2mbito do Financiamento Program\u00e1tico do LiDA, com a refer\u00eancia UIDP\/05468\/2020 e o identificador doi.org\/10.54499\/UIDP\/05468\/2020<\/em><\/p>\n\n\n\n<figure class=\"wp-block-image size-full\"><img loading=\"lazy\" width=\"720\" height=\"146\" src=\"https:\/\/www.ipleiria.pt\/esadcr\/wp-content\/uploads\/sites\/17\/2024\/04\/logos-2.jpg\" alt=\"\" class=\"wp-image-28376\" srcset=\"https:\/\/www.ipleiria.pt\/esadcr\/wp-content\/uploads\/sites\/17\/2024\/04\/logos-2.jpg 720w, https:\/\/www.ipleiria.pt\/esadcr\/wp-content\/uploads\/sites\/17\/2024\/04\/logos-2-300x61.jpg 300w, https:\/\/www.ipleiria.pt\/esadcr\/wp-content\/uploads\/sites\/17\/2024\/04\/logos-2-150x30.jpg 150w, https:\/\/www.ipleiria.pt\/esadcr\/wp-content\/uploads\/sites\/17\/2024\/04\/logos-2-390x79.jpg 390w, https:\/\/www.ipleiria.pt\/esadcr\/wp-content\/uploads\/sites\/17\/2024\/04\/logos-2-195x40.jpg 195w\" sizes=\"(max-width: 720px) 100vw, 720px\" \/><\/figure>\n\n\n\n<hr class=\"wp-block-separator has-alpha-channel-opacity\"\/>\n\n\n\n<p><a href=\"https:\/\/www.ipleiria.pt\/esadcr\/2024\/04\/02\/residencias-artisticas-masi-3\/\">&lt; VOLTAR<\/a><\/p>\n<\/div>\n<\/div>\n","protected":false},"excerpt":{"rendered":"15 a 19 de abril de 2024","protected":false},"author":5,"featured_media":28328,"comment_status":"closed","ping_status":"closed","sticky":false,"template":"","format":"standard","meta":{"multilingual_post_translation":"{\"en-GB\":{\"url\":\"https:\/\/www.ipleiria.pt\/esadcr-en\/2024\/04\/02\/artistic-residencies-sound-arts\/\",\"postID\":null,\"postTitle\":\"\",\"siteID\":22,\"customURL\":true,\"languageInfo\":{\"multilingual_site_api_url\":\"https:\/\/www.ipleiria.pt\/esadcr-en\/wp-json\/\",\"name\":\"English\",\"locale\":\"en_GB\"}}}","custompostfields_banners":"","custompostfields_post-association_course-gallery":[],"custompostfields_titulo-homepage":"","custompostfields_event-date":"2024-04-02","custompostfields_event-end-date":"2024-04-02","custompostfields_front-page-gallery-thumbnails":""},"categories":[1],"tags":[],"_links":{"self":[{"href":"https:\/\/www.ipleiria.pt\/esadcr\/wp-json\/wp\/v2\/posts\/28319"}],"collection":[{"href":"https:\/\/www.ipleiria.pt\/esadcr\/wp-json\/wp\/v2\/posts"}],"about":[{"href":"https:\/\/www.ipleiria.pt\/esadcr\/wp-json\/wp\/v2\/types\/post"}],"author":[{"embeddable":true,"href":"https:\/\/www.ipleiria.pt\/esadcr\/wp-json\/wp\/v2\/users\/5"}],"replies":[{"embeddable":true,"href":"https:\/\/www.ipleiria.pt\/esadcr\/wp-json\/wp\/v2\/comments?post=28319"}],"version-history":[{"count":12,"href":"https:\/\/www.ipleiria.pt\/esadcr\/wp-json\/wp\/v2\/posts\/28319\/revisions"}],"predecessor-version":[{"id":34928,"href":"https:\/\/www.ipleiria.pt\/esadcr\/wp-json\/wp\/v2\/posts\/28319\/revisions\/34928"}],"wp:featuredmedia":[{"embeddable":true,"href":"https:\/\/www.ipleiria.pt\/esadcr\/wp-json\/wp\/v2\/media\/28328"}],"wp:attachment":[{"href":"https:\/\/www.ipleiria.pt\/esadcr\/wp-json\/wp\/v2\/media?parent=28319"}],"wp:term":[{"taxonomy":"category","embeddable":true,"href":"https:\/\/www.ipleiria.pt\/esadcr\/wp-json\/wp\/v2\/categories?post=28319"},{"taxonomy":"post_tag","embeddable":true,"href":"https:\/\/www.ipleiria.pt\/esadcr\/wp-json\/wp\/v2\/tags?post=28319"}],"curies":[{"name":"wp","href":"https:\/\/api.w.org\/{rel}","templated":true}]}}