{"id":31186,"date":"2024-09-13T10:55:17","date_gmt":"2024-09-13T10:55:17","guid":{"rendered":"https:\/\/www.ipleiria.pt\/esadcr\/?p=31186"},"modified":"2025-06-11T08:39:21","modified_gmt":"2025-06-11T08:39:21","slug":"sobre-a-natureza-e-as-causas-da-autonomia-dos-artistas-2","status":"publish","type":"post","link":"https:\/\/www.ipleiria.pt\/esadcr\/2024\/09\/13\/sobre-a-natureza-e-as-causas-da-autonomia-dos-artistas-2\/","title":{"rendered":"Semin\u00e1rio &#8211; Artes Pl\u00e1sticas"},"content":{"rendered":"\n<div class=\"wp-container-3 wp-block-columns\">\n<div class=\"wp-container-1 wp-block-column\">\n<div style=\"height:37px\" aria-hidden=\"true\" class=\"wp-block-spacer\"><\/div>\n\n\n\n<figure class=\"wp-block-image size-full\"><img loading=\"lazy\" width=\"720\" height=\"1162\" src=\"https:\/\/www.ipleiria.pt\/esadcr\/wp-content\/uploads\/sites\/17\/2024\/09\/SNCAA24_ESAD_Siteartigo201.png\" alt=\"\" class=\"wp-image-31200\" srcset=\"https:\/\/www.ipleiria.pt\/esadcr\/wp-content\/uploads\/sites\/17\/2024\/09\/SNCAA24_ESAD_Siteartigo201.png 720w, https:\/\/www.ipleiria.pt\/esadcr\/wp-content\/uploads\/sites\/17\/2024\/09\/SNCAA24_ESAD_Siteartigo201-186x300.png 186w, https:\/\/www.ipleiria.pt\/esadcr\/wp-content\/uploads\/sites\/17\/2024\/09\/SNCAA24_ESAD_Siteartigo201-93x150.png 93w, https:\/\/www.ipleiria.pt\/esadcr\/wp-content\/uploads\/sites\/17\/2024\/09\/SNCAA24_ESAD_Siteartigo201-260x420.png 260w, https:\/\/www.ipleiria.pt\/esadcr\/wp-content\/uploads\/sites\/17\/2024\/09\/SNCAA24_ESAD_Siteartigo201-242x390.png 242w, https:\/\/www.ipleiria.pt\/esadcr\/wp-content\/uploads\/sites\/17\/2024\/09\/SNCAA24_ESAD_Siteartigo201-335x540.png 335w, https:\/\/www.ipleiria.pt\/esadcr\/wp-content\/uploads\/sites\/17\/2024\/09\/SNCAA24_ESAD_Siteartigo201-170x275.png 170w, https:\/\/www.ipleiria.pt\/esadcr\/wp-content\/uploads\/sites\/17\/2024\/09\/SNCAA24_ESAD_Siteartigo201-121x195.png 121w\" sizes=\"(max-width: 720px) 100vw, 720px\" \/><\/figure>\n\n\n\n<figure class=\"wp-block-image size-full\"><img loading=\"lazy\" width=\"720\" height=\"1162\" src=\"https:\/\/www.ipleiria.pt\/esadcr\/wp-content\/uploads\/sites\/17\/2024\/09\/SNCAA24_ESAD_Siteartigo202.png\" alt=\"\" class=\"wp-image-31201\" srcset=\"https:\/\/www.ipleiria.pt\/esadcr\/wp-content\/uploads\/sites\/17\/2024\/09\/SNCAA24_ESAD_Siteartigo202.png 720w, https:\/\/www.ipleiria.pt\/esadcr\/wp-content\/uploads\/sites\/17\/2024\/09\/SNCAA24_ESAD_Siteartigo202-186x300.png 186w, https:\/\/www.ipleiria.pt\/esadcr\/wp-content\/uploads\/sites\/17\/2024\/09\/SNCAA24_ESAD_Siteartigo202-93x150.png 93w, https:\/\/www.ipleiria.pt\/esadcr\/wp-content\/uploads\/sites\/17\/2024\/09\/SNCAA24_ESAD_Siteartigo202-260x420.png 260w, https:\/\/www.ipleiria.pt\/esadcr\/wp-content\/uploads\/sites\/17\/2024\/09\/SNCAA24_ESAD_Siteartigo202-242x390.png 242w, https:\/\/www.ipleiria.pt\/esadcr\/wp-content\/uploads\/sites\/17\/2024\/09\/SNCAA24_ESAD_Siteartigo202-335x540.png 335w, https:\/\/www.ipleiria.pt\/esadcr\/wp-content\/uploads\/sites\/17\/2024\/09\/SNCAA24_ESAD_Siteartigo202-170x275.png 170w, https:\/\/www.ipleiria.pt\/esadcr\/wp-content\/uploads\/sites\/17\/2024\/09\/SNCAA24_ESAD_Siteartigo202-121x195.png 121w\" sizes=\"(max-width: 720px) 100vw, 720px\" \/><\/figure>\n\n\n\n<figure class=\"wp-block-image size-full\"><img loading=\"lazy\" width=\"720\" height=\"905\" src=\"https:\/\/www.ipleiria.pt\/esadcr\/wp-content\/uploads\/sites\/17\/2024\/09\/SNCAA24_ESAD_Siteartigo203.png\" alt=\"\" class=\"wp-image-31202\" srcset=\"https:\/\/www.ipleiria.pt\/esadcr\/wp-content\/uploads\/sites\/17\/2024\/09\/SNCAA24_ESAD_Siteartigo203.png 720w, https:\/\/www.ipleiria.pt\/esadcr\/wp-content\/uploads\/sites\/17\/2024\/09\/SNCAA24_ESAD_Siteartigo203-239x300.png 239w, https:\/\/www.ipleiria.pt\/esadcr\/wp-content\/uploads\/sites\/17\/2024\/09\/SNCAA24_ESAD_Siteartigo203-119x150.png 119w, https:\/\/www.ipleiria.pt\/esadcr\/wp-content\/uploads\/sites\/17\/2024\/09\/SNCAA24_ESAD_Siteartigo203-300x377.png 300w, https:\/\/www.ipleiria.pt\/esadcr\/wp-content\/uploads\/sites\/17\/2024\/09\/SNCAA24_ESAD_Siteartigo203-310x390.png 310w, https:\/\/www.ipleiria.pt\/esadcr\/wp-content\/uploads\/sites\/17\/2024\/09\/SNCAA24_ESAD_Siteartigo203-430x540.png 430w, https:\/\/www.ipleiria.pt\/esadcr\/wp-content\/uploads\/sites\/17\/2024\/09\/SNCAA24_ESAD_Siteartigo203-219x275.png 219w, https:\/\/www.ipleiria.pt\/esadcr\/wp-content\/uploads\/sites\/17\/2024\/09\/SNCAA24_ESAD_Siteartigo203-155x195.png 155w\" sizes=\"(max-width: 720px) 100vw, 720px\" \/><\/figure>\n<\/div>\n\n\n\n<div class=\"wp-container-2 wp-block-column\">\n<h2><em>Sobre a natureza e as causas da autonomia dos artistas<\/em><\/h2>\n\n\n\n<h5>Evento organizado no \u00e2mbito da Licenciatura em Artes Visuais da EAAD e do Mestrado em Artes Pl\u00e1sticas da ESAD.CR.<\/h5>\n\n\n\n<h4>30 DE SETEMBRO DE 2024<br><strong>ESAD.CR<\/strong> &#8211; ESCOLA SUPERIOR DE ARTES E DESIGN, INST. POLIT\u00c9CNICO DE LEIRIA<br>ANFITEATRO DE DESENHO, NA SALA 9, DO EP.1<\/h4>\n\n\n\n<h4>09 DE OUTUBRO DE 2023<br><strong>EAAD<\/strong> &#8211; ESCOLA DE ARQUITETURA, ARTE E DESIGN, UNIVERSIDADE DO MINHO<br>SALA SD2 GARAGEM AVENIDA<\/h4>\n\n\n\n<h4>23 DE OUTUBRO DE 2023<br><strong>EAAD<\/strong> &#8211; ESCOLA DE ARQUITETURA, ARTE E DESIGN, UNIVERSIDADE DO MINHO<br>ONLINE<\/h4>\n\n\n\n<p>&#8220;O evento \u201cSobre a natureza e as causas da autonomia dos artistas\u201d assume o formato de semin\u00e1rio, tendo como finalidade problematizar a economia do artista visual e o modo como a sua realidade financeira determina a sua atua\u00e7\u00e3o e produ\u00e7\u00e3o. Mais concretamente, visa discutir a(s) natureza(s) e a(s) causa(s) da realidade econ\u00f3mica do artista visual no contexto portugu\u00eas e, com isso, promover a reflex\u00e3o sobre o seu poder de atua\u00e7\u00e3o cultural, social e pol\u00edtico.<\/p>\n\n\n\n<p>A autonomia\/economia do artista visual \u00e9 um tema estrutural na pr\u00e1tica art\u00edstica que teve origem no s\u00e9c. XVIII, aquando da cis\u00e3o entre arte e artesanato, ou entre as figuras do artista e do artes\u00e3o. A nova condi\u00e7\u00e3o de autonomia patronal trouxe novos desafios no que diz respeito ao modo de atua\u00e7\u00e3o e de sobreviv\u00eancia do artista. Esta mudan\u00e7a cultural foi acentuada a partir do Modernismo com a incorpora\u00e7\u00e3o e a legitima\u00e7\u00e3o de novos modos de atua\u00e7\u00e3o do artista, cuja atividade se expandiu para as \u00e1reas da curadoria, da cr\u00edtica, da teoriza\u00e7\u00e3o, da produ\u00e7\u00e3o, da media\u00e7\u00e3o e da educa\u00e7\u00e3o, ao mesmo tempo que desenvolvia pr\u00e1ticas art\u00edsticas colaborativas e participativas.<\/p>\n\n\n\n<p>&nbsp;Assim, numa linha de continuidade e expans\u00e3o da 1\u00aa Edi\u00e7\u00e3o do evento, &nbsp;procuramos aprofundar as seguintes quest\u00f5es debatendo-as com um novo painel de convidados:&nbsp;<\/p>\n\n\n\n<p>Como&nbsp;\u00e9 constru\u00edda a autonomia financeira do artista visual no contexto portugu\u00eas? Que rela\u00e7\u00f5es se podem estabelecer entre arte e economia na perspetiva do artista visual? Como trabalha o artista visual contempor\u00e2neo? Como se estabelecem as rela\u00e7\u00f5es de apoio institucional? Como funciona o mercado da arte? Como superar a precariedade do artista visual?<\/p>\n\n\n\n<hr class=\"wp-block-separator has-alpha-channel-opacity\"\/>\n\n\n\n<h5>MANH\u00c3<\/h5>\n\n\n\n<p><strong>T\u00f3pico: <\/strong>autonomia do artista:&nbsp;ESAD.CR&nbsp;<br><strong>Hor\u00e1rio: <\/strong>30 set. 2024 10:00 da manh\u00e3 Lisboa<\/p>\n\n\n\n<p>Entrar Zoom Reuni\u00e3o<\/p>\n\n\n\n<p><a href=\"https:\/\/videoconf-colibri.zoom.us\/j\/97805769558?pwd=jOArEYGsQ8AQ5Lokqm3HSh8TLoIWCd.1\" target=\"_blank\" rel=\"noreferrer noopener\">https:\/\/videoconf-colibri.zoom.us\/j\/97805769558?pwd=jOArEYGsQ8AQ5Lokqm3HSh8TLoIWCd.1<\/a><\/p>\n\n\n\n<p><strong>ID da reuni\u00e3o: <\/strong>978 0576 9558<br><strong>Senha:<\/strong> 101387<\/p>\n\n\n\n<h5>TARDE<\/h5>\n\n\n\n<p><strong>T\u00f3pico: <\/strong>autonomia do artista:&nbsp;ESAD.CR<br><strong>Hor\u00e1rio: <\/strong>30 set. 2024 03:00 da tarde Lisboa<\/p>\n\n\n\n<p>Entrar Zoom Reuni\u00e3o<\/p>\n\n\n\n<p><a href=\"https:\/\/videoconf-colibri.zoom.us\/j\/96022907554?pwd=DwbEtp83JdK88AzODsreYPaxiMHl4e.1\">https:\/\/videoconf-colibri.zoom.us\/j\/96022907554?pwd=<\/a><a href=\"https:\/\/videoconf-colibri.zoom.us\/j\/96022907554?pwd=DwbEtp83JdK88AzODsreYPaxiMHl4e.1\" target=\"_blank\" rel=\"noreferrer noopener\">DwbEtp83JdK88AzODsreYPaxiMHl4e<\/a><a href=\"https:\/\/videoconf-colibri.zoom.us\/j\/96022907554?pwd=DwbEtp83JdK88AzODsreYPaxiMHl4e.1\">.1<\/a><\/p>\n\n\n\n<p>I<strong>D da reuni\u00e3o: <\/strong>960 2290 7554<br><strong>Senha: <\/strong>071155<\/p>\n<\/div>\n<\/div>\n\n\n\n<figure class=\"wp-container-5 wp-block-gallery-4 wp-block-gallery alignfull has-nested-images columns-2 is-cropped\">\n<figure class=\"wp-block-image size-large\"><img loading=\"lazy\" width=\"960\" height=\"640\" data-id=\"31350\"  src=\"https:\/\/www.ipleiria.pt\/esadcr\/wp-content\/uploads\/sites\/17\/2024\/10\/24_09_Sobre_natureza_causas_autonomia_artistas-80.jpg\" alt=\"\" class=\"wp-image-31350\" srcset=\"https:\/\/www.ipleiria.pt\/esadcr\/wp-content\/uploads\/sites\/17\/2024\/10\/24_09_Sobre_natureza_causas_autonomia_artistas-80.jpg 960w, https:\/\/www.ipleiria.pt\/esadcr\/wp-content\/uploads\/sites\/17\/2024\/10\/24_09_Sobre_natureza_causas_autonomia_artistas-80-300x200.jpg 300w, https:\/\/www.ipleiria.pt\/esadcr\/wp-content\/uploads\/sites\/17\/2024\/10\/24_09_Sobre_natureza_causas_autonomia_artistas-80-150x100.jpg 150w, https:\/\/www.ipleiria.pt\/esadcr\/wp-content\/uploads\/sites\/17\/2024\/10\/24_09_Sobre_natureza_causas_autonomia_artistas-80-768x512.jpg 768w, https:\/\/www.ipleiria.pt\/esadcr\/wp-content\/uploads\/sites\/17\/2024\/10\/24_09_Sobre_natureza_causas_autonomia_artistas-80-390x260.jpg 390w, https:\/\/www.ipleiria.pt\/esadcr\/wp-content\/uploads\/sites\/17\/2024\/10\/24_09_Sobre_natureza_causas_autonomia_artistas-80-810x540.jpg 810w, https:\/\/www.ipleiria.pt\/esadcr\/wp-content\/uploads\/sites\/17\/2024\/10\/24_09_Sobre_natureza_causas_autonomia_artistas-80-413x275.jpg 413w, https:\/\/www.ipleiria.pt\/esadcr\/wp-content\/uploads\/sites\/17\/2024\/10\/24_09_Sobre_natureza_causas_autonomia_artistas-80-195x130.jpg 195w\" sizes=\"(max-width: 960px) 100vw, 960px\" \/><\/figure>\n\n\n\n<figure class=\"wp-block-image size-large\"><img loading=\"lazy\" width=\"960\" height=\"640\" data-id=\"31352\"  src=\"https:\/\/www.ipleiria.pt\/esadcr\/wp-content\/uploads\/sites\/17\/2024\/10\/24_09_Sobre_natureza_causas_autonomia_artistas-110.jpg\" alt=\"\" class=\"wp-image-31352\" srcset=\"https:\/\/www.ipleiria.pt\/esadcr\/wp-content\/uploads\/sites\/17\/2024\/10\/24_09_Sobre_natureza_causas_autonomia_artistas-110.jpg 960w, https:\/\/www.ipleiria.pt\/esadcr\/wp-content\/uploads\/sites\/17\/2024\/10\/24_09_Sobre_natureza_causas_autonomia_artistas-110-300x200.jpg 300w, https:\/\/www.ipleiria.pt\/esadcr\/wp-content\/uploads\/sites\/17\/2024\/10\/24_09_Sobre_natureza_causas_autonomia_artistas-110-150x100.jpg 150w, https:\/\/www.ipleiria.pt\/esadcr\/wp-content\/uploads\/sites\/17\/2024\/10\/24_09_Sobre_natureza_causas_autonomia_artistas-110-768x512.jpg 768w, https:\/\/www.ipleiria.pt\/esadcr\/wp-content\/uploads\/sites\/17\/2024\/10\/24_09_Sobre_natureza_causas_autonomia_artistas-110-390x260.jpg 390w, https:\/\/www.ipleiria.pt\/esadcr\/wp-content\/uploads\/sites\/17\/2024\/10\/24_09_Sobre_natureza_causas_autonomia_artistas-110-810x540.jpg 810w, https:\/\/www.ipleiria.pt\/esadcr\/wp-content\/uploads\/sites\/17\/2024\/10\/24_09_Sobre_natureza_causas_autonomia_artistas-110-413x275.jpg 413w, https:\/\/www.ipleiria.pt\/esadcr\/wp-content\/uploads\/sites\/17\/2024\/10\/24_09_Sobre_natureza_causas_autonomia_artistas-110-195x130.jpg 195w\" sizes=\"(max-width: 960px) 100vw, 960px\" \/><\/figure>\n\n\n\n<figure class=\"wp-block-image size-large\"><img loading=\"lazy\" width=\"960\" height=\"640\" data-id=\"31347\"  src=\"https:\/\/www.ipleiria.pt\/esadcr\/wp-content\/uploads\/sites\/17\/2024\/10\/24_09_Sobre_natureza_causas_autonomia_artistas-90.jpg\" alt=\"\" class=\"wp-image-31347\" srcset=\"https:\/\/www.ipleiria.pt\/esadcr\/wp-content\/uploads\/sites\/17\/2024\/10\/24_09_Sobre_natureza_causas_autonomia_artistas-90.jpg 960w, https:\/\/www.ipleiria.pt\/esadcr\/wp-content\/uploads\/sites\/17\/2024\/10\/24_09_Sobre_natureza_causas_autonomia_artistas-90-300x200.jpg 300w, https:\/\/www.ipleiria.pt\/esadcr\/wp-content\/uploads\/sites\/17\/2024\/10\/24_09_Sobre_natureza_causas_autonomia_artistas-90-150x100.jpg 150w, https:\/\/www.ipleiria.pt\/esadcr\/wp-content\/uploads\/sites\/17\/2024\/10\/24_09_Sobre_natureza_causas_autonomia_artistas-90-768x512.jpg 768w, https:\/\/www.ipleiria.pt\/esadcr\/wp-content\/uploads\/sites\/17\/2024\/10\/24_09_Sobre_natureza_causas_autonomia_artistas-90-390x260.jpg 390w, https:\/\/www.ipleiria.pt\/esadcr\/wp-content\/uploads\/sites\/17\/2024\/10\/24_09_Sobre_natureza_causas_autonomia_artistas-90-810x540.jpg 810w, https:\/\/www.ipleiria.pt\/esadcr\/wp-content\/uploads\/sites\/17\/2024\/10\/24_09_Sobre_natureza_causas_autonomia_artistas-90-413x275.jpg 413w, https:\/\/www.ipleiria.pt\/esadcr\/wp-content\/uploads\/sites\/17\/2024\/10\/24_09_Sobre_natureza_causas_autonomia_artistas-90-195x130.jpg 195w\" sizes=\"(max-width: 960px) 100vw, 960px\" \/><\/figure>\n\n\n\n<figure class=\"wp-block-image size-large\"><img loading=\"lazy\" width=\"960\" height=\"640\" data-id=\"31351\"  src=\"https:\/\/www.ipleiria.pt\/esadcr\/wp-content\/uploads\/sites\/17\/2024\/10\/24_09_Sobre_natureza_causas_autonomia_artistas-5.jpg\" alt=\"\" class=\"wp-image-31351\" srcset=\"https:\/\/www.ipleiria.pt\/esadcr\/wp-content\/uploads\/sites\/17\/2024\/10\/24_09_Sobre_natureza_causas_autonomia_artistas-5.jpg 960w, https:\/\/www.ipleiria.pt\/esadcr\/wp-content\/uploads\/sites\/17\/2024\/10\/24_09_Sobre_natureza_causas_autonomia_artistas-5-300x200.jpg 300w, https:\/\/www.ipleiria.pt\/esadcr\/wp-content\/uploads\/sites\/17\/2024\/10\/24_09_Sobre_natureza_causas_autonomia_artistas-5-150x100.jpg 150w, https:\/\/www.ipleiria.pt\/esadcr\/wp-content\/uploads\/sites\/17\/2024\/10\/24_09_Sobre_natureza_causas_autonomia_artistas-5-768x512.jpg 768w, https:\/\/www.ipleiria.pt\/esadcr\/wp-content\/uploads\/sites\/17\/2024\/10\/24_09_Sobre_natureza_causas_autonomia_artistas-5-390x260.jpg 390w, https:\/\/www.ipleiria.pt\/esadcr\/wp-content\/uploads\/sites\/17\/2024\/10\/24_09_Sobre_natureza_causas_autonomia_artistas-5-810x540.jpg 810w, https:\/\/www.ipleiria.pt\/esadcr\/wp-content\/uploads\/sites\/17\/2024\/10\/24_09_Sobre_natureza_causas_autonomia_artistas-5-413x275.jpg 413w, https:\/\/www.ipleiria.pt\/esadcr\/wp-content\/uploads\/sites\/17\/2024\/10\/24_09_Sobre_natureza_causas_autonomia_artistas-5-195x130.jpg 195w\" sizes=\"(max-width: 960px) 100vw, 960px\" \/><\/figure>\n<\/figure>\n","protected":false},"excerpt":{"rendered":"30 de setembro, 9 e 23 de outubro de 2024","protected":false},"author":5,"featured_media":31188,"comment_status":"closed","ping_status":"closed","sticky":false,"template":"","format":"standard","meta":{"multilingual_post_translation":"","custompostfields_banners":"","custompostfields_post-association_course-gallery":[],"custompostfields_titulo-homepage":"","custompostfields_event-date":"2024-09-13","custompostfields_event-end-date":"2024-09-13","custompostfields_front-page-gallery-thumbnails":""},"categories":[122,141,40],"tags":[],"_links":{"self":[{"href":"https:\/\/www.ipleiria.pt\/esadcr\/wp-json\/wp\/v2\/posts\/31186"}],"collection":[{"href":"https:\/\/www.ipleiria.pt\/esadcr\/wp-json\/wp\/v2\/posts"}],"about":[{"href":"https:\/\/www.ipleiria.pt\/esadcr\/wp-json\/wp\/v2\/types\/post"}],"author":[{"embeddable":true,"href":"https:\/\/www.ipleiria.pt\/esadcr\/wp-json\/wp\/v2\/users\/5"}],"replies":[{"embeddable":true,"href":"https:\/\/www.ipleiria.pt\/esadcr\/wp-json\/wp\/v2\/comments?post=31186"}],"version-history":[{"count":18,"href":"https:\/\/www.ipleiria.pt\/esadcr\/wp-json\/wp\/v2\/posts\/31186\/revisions"}],"predecessor-version":[{"id":31355,"href":"https:\/\/www.ipleiria.pt\/esadcr\/wp-json\/wp\/v2\/posts\/31186\/revisions\/31355"}],"wp:featuredmedia":[{"embeddable":true,"href":"https:\/\/www.ipleiria.pt\/esadcr\/wp-json\/wp\/v2\/media\/31188"}],"wp:attachment":[{"href":"https:\/\/www.ipleiria.pt\/esadcr\/wp-json\/wp\/v2\/media?parent=31186"}],"wp:term":[{"taxonomy":"category","embeddable":true,"href":"https:\/\/www.ipleiria.pt\/esadcr\/wp-json\/wp\/v2\/categories?post=31186"},{"taxonomy":"post_tag","embeddable":true,"href":"https:\/\/www.ipleiria.pt\/esadcr\/wp-json\/wp\/v2\/tags?post=31186"}],"curies":[{"name":"wp","href":"https:\/\/api.w.org\/{rel}","templated":true}]}}