{"id":31576,"date":"2024-10-24T11:18:39","date_gmt":"2024-10-24T11:18:39","guid":{"rendered":"https:\/\/www.ipleiria.pt\/esadcr\/?p=31576"},"modified":"2025-08-04T08:24:26","modified_gmt":"2025-08-04T08:24:26","slug":"rui-mateus","status":"publish","type":"post","link":"https:\/\/www.ipleiria.pt\/esadcr\/2024\/10\/24\/rui-mateus\/","title":{"rendered":"Rui Mateus"},"content":{"rendered":"\n<div class=\"wp-container-3 wp-block-columns\">\n<div class=\"wp-container-1 wp-block-column\">\n<div style=\"height:37px\" aria-hidden=\"true\" class=\"wp-block-spacer\"><\/div>\n\n\n\n<figure class=\"wp-block-image size-full\"><img loading=\"lazy\" width=\"720\" height=\"1018\" src=\"https:\/\/www.ipleiria.pt\/esadcr\/wp-content\/uploads\/sites\/17\/2024\/10\/Cavador-Cartaz-Big.jpg\" alt=\"\" class=\"wp-image-31577\" srcset=\"https:\/\/www.ipleiria.pt\/esadcr\/wp-content\/uploads\/sites\/17\/2024\/10\/Cavador-Cartaz-Big.jpg 720w, https:\/\/www.ipleiria.pt\/esadcr\/wp-content\/uploads\/sites\/17\/2024\/10\/Cavador-Cartaz-Big-212x300.jpg 212w, https:\/\/www.ipleiria.pt\/esadcr\/wp-content\/uploads\/sites\/17\/2024\/10\/Cavador-Cartaz-Big-106x150.jpg 106w, https:\/\/www.ipleiria.pt\/esadcr\/wp-content\/uploads\/sites\/17\/2024\/10\/Cavador-Cartaz-Big-297x420.jpg 297w, https:\/\/www.ipleiria.pt\/esadcr\/wp-content\/uploads\/sites\/17\/2024\/10\/Cavador-Cartaz-Big-276x390.jpg 276w, https:\/\/www.ipleiria.pt\/esadcr\/wp-content\/uploads\/sites\/17\/2024\/10\/Cavador-Cartaz-Big-382x540.jpg 382w, https:\/\/www.ipleiria.pt\/esadcr\/wp-content\/uploads\/sites\/17\/2024\/10\/Cavador-Cartaz-Big-194x275.jpg 194w, https:\/\/www.ipleiria.pt\/esadcr\/wp-content\/uploads\/sites\/17\/2024\/10\/Cavador-Cartaz-Big-138x195.jpg 138w\" sizes=\"(max-width: 720px) 100vw, 720px\" \/><\/figure>\n<\/div>\n\n\n\n<div class=\"wp-container-2 wp-block-column\">\n<h2><em>&#8220;O CAVADOR&#8221; NO SEA-EU FILM FESTIVAL<\/em><\/h2>\n\n\n\n<h3>Rui Mateus, estudante do Mestrado em Artes do Som e da Imagem<\/h3>\n\n\n\n<h4><strong>SELE\u00c7\u00c3O DE CURTA-METRAGEM<\/strong><br>7 NOVEMBRO, ABERTURA DO FESTIVAL<br>UNIVERSITY GALLERY \/ SPLIT<\/h4>\n\n\n\n<p>Mateus Verde \u00e9 um cantautor e artista visual\/sonoro portugu\u00eas. A sua m\u00fasica vai desde can\u00e7\u00f5es intimistas e sonhadoras a paisagens sonoras atmosf\u00e9ricas, sentidas e envolventes. A curta-metragem &#8220;Cavador&#8221; \u00e9 o seu primeiro projeto cinematogr\u00e1fico, no qual procura manifestar as preocupa\u00e7\u00f5es centrais da sua obra, comuns aos diferentes meios em que opera. Frequentemente inspirado pelo mundo natural e seus mist\u00e9rios, estes temas servem como ponto de partida para observar a natureza, por vezes esot\u00e9rica, do Ser.<\/p>\n\n\n\n<hr class=\"wp-block-separator has-alpha-channel-opacity\"\/>\n\n\n\n<h2><em><strong>O Cavador<\/strong><\/em><\/h2>\n\n\n\n<h3><strong>Mateus Verde<\/strong><\/h3>\n\n\n\n<p><strong>(9:14)<\/strong><\/p>\n\n\n\n<p>A noite \u00e9 escura e um homem caminha pelo mato levando consigo a sua enxada. Chegado a um lugar talvez previamente designado, empunha a ferramenta e cava afincadamente. A cova cresce e afunda a cada um dos seus golpes. Terminado o seu labor, o cavador adentra na cova que abriu, atravessando para um mundo subterr\u00e2neo e incompreens\u00edvel. Do indecifr\u00e1vel floresce uma luz que ofusca e consome, insinuando um novo portal.<\/p>\n\n\n\n<p><strong>Ficha T\u00e9cnica\u00a0<\/strong><br>Realizador: <strong>Mateus Verde<\/strong>\u00a0<br>Actor: <strong>Rafael Fantasia<\/strong><\/p>\n<\/div>\n<\/div>\n\n\n\n<figure class=\"wp-block-embed is-type-video is-provider-youtube wp-block-embed-youtube wp-embed-aspect-16-9 wp-has-aspect-ratio\"><div class=\"wp-block-embed__wrapper\">\n<iframe loading=\"lazy\" title=\"Cavador   Trailler\" width=\"500\" height=\"281\" src=\"https:\/\/www.youtube.com\/embed\/iqPlK7Fi5Q4?feature=oembed\" frameborder=\"0\" allow=\"accelerometer; autoplay; clipboard-write; encrypted-media; gyroscope; picture-in-picture; web-share\" referrerpolicy=\"strict-origin-when-cross-origin\" allowfullscreen><\/iframe>\n<\/div><\/figure>\n","protected":false},"excerpt":{"rendered":"Mestrado em Artes do Som e da Imagem","protected":false},"author":5,"featured_media":31578,"comment_status":"closed","ping_status":"closed","sticky":false,"template":"","format":"standard","meta":{"multilingual_post_translation":"{\"en-GB\":{\"url\":\"https:\/\/www.ipleiria.pt\/esadcr-en\/2024\/10\/24\/rui-mateus\/\",\"postID\":null,\"postTitle\":\"\",\"siteID\":22,\"customURL\":true,\"languageInfo\":{\"multilingual_site_api_url\":\"https:\/\/www.ipleiria.pt\/esadcr-en\/wp-json\/\",\"name\":\"English\",\"locale\":\"en_GB\"}}}","custompostfields_banners":"","custompostfields_post-association_course-gallery":[],"custompostfields_titulo-homepage":"","custompostfields_event-date":"2024-10-24","custompostfields_event-end-date":"2024-10-24","custompostfields_front-page-gallery-thumbnails":""},"categories":[122,40],"tags":[],"_links":{"self":[{"href":"https:\/\/www.ipleiria.pt\/esadcr\/wp-json\/wp\/v2\/posts\/31576"}],"collection":[{"href":"https:\/\/www.ipleiria.pt\/esadcr\/wp-json\/wp\/v2\/posts"}],"about":[{"href":"https:\/\/www.ipleiria.pt\/esadcr\/wp-json\/wp\/v2\/types\/post"}],"author":[{"embeddable":true,"href":"https:\/\/www.ipleiria.pt\/esadcr\/wp-json\/wp\/v2\/users\/5"}],"replies":[{"embeddable":true,"href":"https:\/\/www.ipleiria.pt\/esadcr\/wp-json\/wp\/v2\/comments?post=31576"}],"version-history":[{"count":6,"href":"https:\/\/www.ipleiria.pt\/esadcr\/wp-json\/wp\/v2\/posts\/31576\/revisions"}],"predecessor-version":[{"id":31584,"href":"https:\/\/www.ipleiria.pt\/esadcr\/wp-json\/wp\/v2\/posts\/31576\/revisions\/31584"}],"wp:featuredmedia":[{"embeddable":true,"href":"https:\/\/www.ipleiria.pt\/esadcr\/wp-json\/wp\/v2\/media\/31578"}],"wp:attachment":[{"href":"https:\/\/www.ipleiria.pt\/esadcr\/wp-json\/wp\/v2\/media?parent=31576"}],"wp:term":[{"taxonomy":"category","embeddable":true,"href":"https:\/\/www.ipleiria.pt\/esadcr\/wp-json\/wp\/v2\/categories?post=31576"},{"taxonomy":"post_tag","embeddable":true,"href":"https:\/\/www.ipleiria.pt\/esadcr\/wp-json\/wp\/v2\/tags?post=31576"}],"curies":[{"name":"wp","href":"https:\/\/api.w.org\/{rel}","templated":true}]}}