{"id":31610,"date":"2024-10-29T11:43:19","date_gmt":"2024-10-29T11:43:19","guid":{"rendered":"https:\/\/www.ipleiria.pt\/esadcr\/?p=31610"},"modified":"2025-08-04T08:24:34","modified_gmt":"2025-08-04T08:24:34","slug":"irina-oliveira%ef%bf%bc","status":"publish","type":"post","link":"https:\/\/www.ipleiria.pt\/esadcr\/2024\/10\/29\/irina-oliveira%ef%bf%bc\/","title":{"rendered":"Irina Oliveira\ufffc"},"content":{"rendered":"\n<div class=\"wp-container-3 wp-block-columns\">\n<div class=\"wp-container-1 wp-block-column\">\n<div style=\"height:37px\" aria-hidden=\"true\" class=\"wp-block-spacer\"><\/div>\n\n\n\n<figure class=\"wp-block-image size-full\"><img loading=\"lazy\" width=\"720\" height=\"450\" src=\"https:\/\/www.ipleiria.pt\/esadcr\/wp-content\/uploads\/sites\/17\/2024\/10\/stills_Olho-Vento1.png\" alt=\"\" class=\"wp-image-31612\" srcset=\"https:\/\/www.ipleiria.pt\/esadcr\/wp-content\/uploads\/sites\/17\/2024\/10\/stills_Olho-Vento1.png 720w, https:\/\/www.ipleiria.pt\/esadcr\/wp-content\/uploads\/sites\/17\/2024\/10\/stills_Olho-Vento1-300x188.png 300w, https:\/\/www.ipleiria.pt\/esadcr\/wp-content\/uploads\/sites\/17\/2024\/10\/stills_Olho-Vento1-150x94.png 150w, https:\/\/www.ipleiria.pt\/esadcr\/wp-content\/uploads\/sites\/17\/2024\/10\/stills_Olho-Vento1-390x244.png 390w, https:\/\/www.ipleiria.pt\/esadcr\/wp-content\/uploads\/sites\/17\/2024\/10\/stills_Olho-Vento1-440x275.png 440w, https:\/\/www.ipleiria.pt\/esadcr\/wp-content\/uploads\/sites\/17\/2024\/10\/stills_Olho-Vento1-195x122.png 195w\" sizes=\"(max-width: 720px) 100vw, 720px\" \/><\/figure>\n\n\n\n<figure class=\"wp-block-image size-full\"><img loading=\"lazy\" width=\"720\" height=\"450\" src=\"https:\/\/www.ipleiria.pt\/esadcr\/wp-content\/uploads\/sites\/17\/2024\/10\/stills_Olho-Vento3.png\" alt=\"\" class=\"wp-image-31615\" srcset=\"https:\/\/www.ipleiria.pt\/esadcr\/wp-content\/uploads\/sites\/17\/2024\/10\/stills_Olho-Vento3.png 720w, https:\/\/www.ipleiria.pt\/esadcr\/wp-content\/uploads\/sites\/17\/2024\/10\/stills_Olho-Vento3-300x188.png 300w, https:\/\/www.ipleiria.pt\/esadcr\/wp-content\/uploads\/sites\/17\/2024\/10\/stills_Olho-Vento3-150x94.png 150w, https:\/\/www.ipleiria.pt\/esadcr\/wp-content\/uploads\/sites\/17\/2024\/10\/stills_Olho-Vento3-390x244.png 390w, https:\/\/www.ipleiria.pt\/esadcr\/wp-content\/uploads\/sites\/17\/2024\/10\/stills_Olho-Vento3-440x275.png 440w, https:\/\/www.ipleiria.pt\/esadcr\/wp-content\/uploads\/sites\/17\/2024\/10\/stills_Olho-Vento3-195x122.png 195w\" sizes=\"(max-width: 720px) 100vw, 720px\" \/><\/figure>\n\n\n\n<figure class=\"wp-block-image size-full\"><img loading=\"lazy\" width=\"720\" height=\"450\" src=\"https:\/\/www.ipleiria.pt\/esadcr\/wp-content\/uploads\/sites\/17\/2024\/10\/stills_Olho-Vento4.png\" alt=\"\" class=\"wp-image-31613\" srcset=\"https:\/\/www.ipleiria.pt\/esadcr\/wp-content\/uploads\/sites\/17\/2024\/10\/stills_Olho-Vento4.png 720w, https:\/\/www.ipleiria.pt\/esadcr\/wp-content\/uploads\/sites\/17\/2024\/10\/stills_Olho-Vento4-300x188.png 300w, https:\/\/www.ipleiria.pt\/esadcr\/wp-content\/uploads\/sites\/17\/2024\/10\/stills_Olho-Vento4-150x94.png 150w, https:\/\/www.ipleiria.pt\/esadcr\/wp-content\/uploads\/sites\/17\/2024\/10\/stills_Olho-Vento4-390x244.png 390w, https:\/\/www.ipleiria.pt\/esadcr\/wp-content\/uploads\/sites\/17\/2024\/10\/stills_Olho-Vento4-440x275.png 440w, https:\/\/www.ipleiria.pt\/esadcr\/wp-content\/uploads\/sites\/17\/2024\/10\/stills_Olho-Vento4-195x122.png 195w\" sizes=\"(max-width: 720px) 100vw, 720px\" \/><\/figure>\n\n\n\n<figure class=\"wp-block-image size-full\"><img loading=\"lazy\" width=\"720\" height=\"450\" src=\"https:\/\/www.ipleiria.pt\/esadcr\/wp-content\/uploads\/sites\/17\/2024\/10\/stills_Olho-Vento5.png\" alt=\"\" class=\"wp-image-31616\" srcset=\"https:\/\/www.ipleiria.pt\/esadcr\/wp-content\/uploads\/sites\/17\/2024\/10\/stills_Olho-Vento5.png 720w, https:\/\/www.ipleiria.pt\/esadcr\/wp-content\/uploads\/sites\/17\/2024\/10\/stills_Olho-Vento5-300x188.png 300w, https:\/\/www.ipleiria.pt\/esadcr\/wp-content\/uploads\/sites\/17\/2024\/10\/stills_Olho-Vento5-150x94.png 150w, https:\/\/www.ipleiria.pt\/esadcr\/wp-content\/uploads\/sites\/17\/2024\/10\/stills_Olho-Vento5-390x244.png 390w, https:\/\/www.ipleiria.pt\/esadcr\/wp-content\/uploads\/sites\/17\/2024\/10\/stills_Olho-Vento5-440x275.png 440w, https:\/\/www.ipleiria.pt\/esadcr\/wp-content\/uploads\/sites\/17\/2024\/10\/stills_Olho-Vento5-195x122.png 195w\" sizes=\"(max-width: 720px) 100vw, 720px\" \/><\/figure>\n\n\n\n<figure class=\"wp-block-image size-full\"><img loading=\"lazy\" width=\"720\" height=\"450\" src=\"https:\/\/www.ipleiria.pt\/esadcr\/wp-content\/uploads\/sites\/17\/2024\/10\/stills_olho-vento9.png\" alt=\"\" class=\"wp-image-31614\" srcset=\"https:\/\/www.ipleiria.pt\/esadcr\/wp-content\/uploads\/sites\/17\/2024\/10\/stills_olho-vento9.png 720w, https:\/\/www.ipleiria.pt\/esadcr\/wp-content\/uploads\/sites\/17\/2024\/10\/stills_olho-vento9-300x188.png 300w, https:\/\/www.ipleiria.pt\/esadcr\/wp-content\/uploads\/sites\/17\/2024\/10\/stills_olho-vento9-150x94.png 150w, https:\/\/www.ipleiria.pt\/esadcr\/wp-content\/uploads\/sites\/17\/2024\/10\/stills_olho-vento9-390x244.png 390w, https:\/\/www.ipleiria.pt\/esadcr\/wp-content\/uploads\/sites\/17\/2024\/10\/stills_olho-vento9-440x275.png 440w, https:\/\/www.ipleiria.pt\/esadcr\/wp-content\/uploads\/sites\/17\/2024\/10\/stills_olho-vento9-195x122.png 195w\" sizes=\"(max-width: 720px) 100vw, 720px\" \/><\/figure>\n<\/div>\n\n\n\n<div class=\"wp-container-2 wp-block-column\">\n<h2><em>\u201c<strong><em>Olho-Vento<\/em><\/strong>\u201d no<strong> Porto\/Post\/Doc: Film &amp; Media Festival<\/strong><\/em><\/h2>\n\n\n\n<h3>Irina Oliveira, Mestre em Artes do Som e da Imagem<\/h3>\n\n\n\n<h4><strong>SELE\u00c7\u00c3O DE FILME COMPETI\u00c7\u00c3O CINEMA NOVO<\/strong><br>28 NOVEMBRO, 15H15, EXIBI\u00c7\u00c3O DE FILME<br>PASSOS MANUEL<\/h4>\n\n\n\n<p>Irina Oliveira (1999), \u00e9 uma artista multidisciplinar com estudos aprofundados no limiar entre o cinema e v\u00eddeo-instala\u00e7\u00e3o. \u00c9 mestre em Artes do Som e da Imagem pela ESAD.CR (2024), onde tamb\u00e9m se licenciou no curso de Som e Imagem (2020). Em 2021, ganhou um pr\u00e9mio Sophia da Academia Portuguesa de Cinema, na categoria de Cinema Experimental\/Estudante, com o seu filme &#8220;Semear, Ouvir, Fluir&#8221;, que participou em diversos festivais de cinema nacionais e internacionais. Tem vindo a participar em algumas exposi\u00e7\u00f5es art\u00edsticas coletivas especialmente na cidade das Caldas da Rainha. Fez workshops e resid\u00eancias art\u00edsticas, nos quais pode contactar com artistas como Lu\u00edsa Homem, Jonathan Uliel Saldanha, David Bonneville e Jo\u00e3o Dias.<\/p>\n\n\n\n<hr class=\"wp-block-separator has-alpha-channel-opacity\"\/>\n\n\n\n<h2><strong><em>Olho-Vento<\/em><\/strong><\/h2>\n\n\n\n<h3><strong>Irina Oliveira<\/strong><\/h3>\n\n\n\n<p><strong>(15:00)<\/strong><\/p>\n\n\n\n<p>O vento \u00e9, na verdade, o ar em movimento devido \u00e0s diferen\u00e7as de temperatura na atmosfera. Embora invis\u00edvel, ele afeta o nosso comportamento, dependendo do qu\u00e3o furioso se encontra ou se est\u00e1 t\u00e3o seco e quente, como o do deserto, que leva as pessoas \u00e0 loucura. \u00c9 um fen\u00f3meno essencial para os pescadores, ajuda-os a atravessar o mar e pode mudar o curso das suas viagens. Junto \u00e0 maresia, num dia de inverno, reparei que a for\u00e7a do vento deixava os p\u00e1ssaros im\u00f3veis por mais que eles se tentassem movimentar, como se a sussurrar para eles desistirem e deixarem-se levar. Percebi que o vento tanto leva como prende, tanto embala, como destr\u00f3i. Como se pode dar a ver e a sentir o vento? O Olho-Vento investiga o conceito do limiar atrav\u00e9s das figuras do vento, do espelho, e de um corpofantasma. \u00c9 uma obra videogr\u00e1fica com elementos autobiogr\u00e1ficos na qual a autora reflete sobre as suas pr\u00f3prias experi\u00eancias pessoais e o impacto que elas tiveram na sua pr\u00e1tica art\u00edstica. O olho-vento \u00e9 m\u00faltiplo: situa-se no intervalo, no limiar entre aparentes opostos como o interior\/exterior. \u00c9 um corpo simultaneamente paralisado, mas em constante tr\u00e2nsito. Situa-se no lugar virtual do espelho, na penumbra da janela, no abismo sem fundo, no turbilh\u00e3o do v\u00f3rtice, na estranheza inquietante do que deveria estar oculto, mas emergiu, o seu corpo \u00e9 fantasma: raptado pelo vento.<\/p>\n\n\n\n<p><strong>Ficha T\u00e9cnica<\/strong><br>2024, 15&#8242;, 16:9, Cor, Som<br>Locais de Filmagem: <strong>Zona Oeste de Portugal, Esc\u00f3cia e Marrocos.<\/strong><br>Autora: <strong>Irina Oliveira<\/strong><br>M\u00fasica: <strong>Irina Oliveira, Jorge Castanho.<\/strong><\/p>\n<\/div>\n<\/div>\n\n\n\n<figure class=\"wp-block-embed is-type-video is-provider-youtube wp-block-embed-youtube wp-embed-aspect-16-9 wp-has-aspect-ratio\"><div class=\"wp-block-embed__wrapper\">\n<iframe loading=\"lazy\" title=\"Olho-Vento - Teaser\" width=\"500\" height=\"281\" src=\"https:\/\/www.youtube.com\/embed\/z6GPro_zkgQ?feature=oembed\" frameborder=\"0\" allow=\"accelerometer; autoplay; clipboard-write; encrypted-media; gyroscope; picture-in-picture; web-share\" referrerpolicy=\"strict-origin-when-cross-origin\" allowfullscreen><\/iframe>\n<\/div><\/figure>\n","protected":false},"excerpt":{"rendered":"Mestrado em Artes do Som e da Imagem","protected":false},"author":5,"featured_media":31611,"comment_status":"closed","ping_status":"closed","sticky":false,"template":"","format":"standard","meta":{"multilingual_post_translation":"{\"en-GB\":{\"url\":\"https:\/\/www.ipleiria.pt\/esadcr-en\/2024\/10\/29\/irina-oliveira\/\",\"postID\":null,\"postTitle\":\"\",\"siteID\":22,\"customURL\":true,\"languageInfo\":{\"multilingual_site_api_url\":\"https:\/\/www.ipleiria.pt\/esadcr-en\/wp-json\/\",\"name\":\"English\",\"locale\":\"en_GB\"}}}","custompostfields_banners":"","custompostfields_post-association_course-gallery":[],"custompostfields_titulo-homepage":"","custompostfields_event-date":"2024-10-29","custompostfields_event-end-date":"2024-10-29","custompostfields_front-page-gallery-thumbnails":""},"categories":[122,40],"tags":[],"_links":{"self":[{"href":"https:\/\/www.ipleiria.pt\/esadcr\/wp-json\/wp\/v2\/posts\/31610"}],"collection":[{"href":"https:\/\/www.ipleiria.pt\/esadcr\/wp-json\/wp\/v2\/posts"}],"about":[{"href":"https:\/\/www.ipleiria.pt\/esadcr\/wp-json\/wp\/v2\/types\/post"}],"author":[{"embeddable":true,"href":"https:\/\/www.ipleiria.pt\/esadcr\/wp-json\/wp\/v2\/users\/5"}],"replies":[{"embeddable":true,"href":"https:\/\/www.ipleiria.pt\/esadcr\/wp-json\/wp\/v2\/comments?post=31610"}],"version-history":[{"count":8,"href":"https:\/\/www.ipleiria.pt\/esadcr\/wp-json\/wp\/v2\/posts\/31610\/revisions"}],"predecessor-version":[{"id":31625,"href":"https:\/\/www.ipleiria.pt\/esadcr\/wp-json\/wp\/v2\/posts\/31610\/revisions\/31625"}],"wp:featuredmedia":[{"embeddable":true,"href":"https:\/\/www.ipleiria.pt\/esadcr\/wp-json\/wp\/v2\/media\/31611"}],"wp:attachment":[{"href":"https:\/\/www.ipleiria.pt\/esadcr\/wp-json\/wp\/v2\/media?parent=31610"}],"wp:term":[{"taxonomy":"category","embeddable":true,"href":"https:\/\/www.ipleiria.pt\/esadcr\/wp-json\/wp\/v2\/categories?post=31610"},{"taxonomy":"post_tag","embeddable":true,"href":"https:\/\/www.ipleiria.pt\/esadcr\/wp-json\/wp\/v2\/tags?post=31610"}],"curies":[{"name":"wp","href":"https:\/\/api.w.org\/{rel}","templated":true}]}}