{"id":31717,"date":"2024-11-05T11:35:19","date_gmt":"2024-11-05T11:35:19","guid":{"rendered":"https:\/\/www.ipleiria.pt\/esadcr\/?p=31717"},"modified":"2025-02-11T19:08:38","modified_gmt":"2025-02-11T19:08:38","slug":"aula-aberta-joana-henriques","status":"publish","type":"post","link":"https:\/\/www.ipleiria.pt\/esadcr\/2024\/11\/05\/aula-aberta-joana-henriques\/","title":{"rendered":"Aula Aberta &#8211; Joana Henriques"},"content":{"rendered":"\n<div class=\"wp-container-3 wp-block-columns\">\n<div class=\"wp-container-1 wp-block-column\">\n<div style=\"height:37px\" aria-hidden=\"true\" class=\"wp-block-spacer\"><\/div>\n\n\n\n<figure class=\"wp-block-image size-full\"><img loading=\"lazy\" width=\"720\" height=\"959\" src=\"https:\/\/www.ipleiria.pt\/esadcr\/wp-content\/uploads\/sites\/17\/2024\/11\/Joana_Headshot_ESADCR.jpg\" alt=\"\" class=\"wp-image-31718\" srcset=\"https:\/\/www.ipleiria.pt\/esadcr\/wp-content\/uploads\/sites\/17\/2024\/11\/Joana_Headshot_ESADCR.jpg 720w, https:\/\/www.ipleiria.pt\/esadcr\/wp-content\/uploads\/sites\/17\/2024\/11\/Joana_Headshot_ESADCR-225x300.jpg 225w, https:\/\/www.ipleiria.pt\/esadcr\/wp-content\/uploads\/sites\/17\/2024\/11\/Joana_Headshot_ESADCR-113x150.jpg 113w, https:\/\/www.ipleiria.pt\/esadcr\/wp-content\/uploads\/sites\/17\/2024\/11\/Joana_Headshot_ESADCR-300x400.jpg 300w, https:\/\/www.ipleiria.pt\/esadcr\/wp-content\/uploads\/sites\/17\/2024\/11\/Joana_Headshot_ESADCR-293x390.jpg 293w, https:\/\/www.ipleiria.pt\/esadcr\/wp-content\/uploads\/sites\/17\/2024\/11\/Joana_Headshot_ESADCR-405x540.jpg 405w, https:\/\/www.ipleiria.pt\/esadcr\/wp-content\/uploads\/sites\/17\/2024\/11\/Joana_Headshot_ESADCR-206x275.jpg 206w, https:\/\/www.ipleiria.pt\/esadcr\/wp-content\/uploads\/sites\/17\/2024\/11\/Joana_Headshot_ESADCR-146x195.jpg 146w\" sizes=\"(max-width: 720px) 100vw, 720px\" \/><\/figure>\n<\/div>\n\n\n\n<div class=\"wp-container-2 wp-block-column\">\n<h2><em>Redefinindo Paradigmas: A Participa\u00e7\u00e3o e o Di\u00e1logo na Programa\u00e7\u00e3o Cultural<\/em><\/h2>\n\n\n\n<h3>Joana Henriques (MAAT)<\/h3>\n\n\n\n<h4><strong>AULA ABERTA<\/strong><br>12 DE NOVEMBRO DE 2024, 11H<br>SALA 44 DO EP1 \u2013 ESAD.CR<\/h4>\n\n\n\n<p>Exploramos o poder transformador da media\u00e7\u00e3o art\u00edstica e cultural, desafiando fronteiras entre p\u00fablico e arte. Nesta sess\u00e3o, repensamos o museu como um espa\u00e7o de encontro e transforma\u00e7\u00e3o, onde o di\u00e1logo, a participa\u00e7\u00e3o e a co-cria\u00e7\u00e3o redefinem experi\u00eancias culturais. Atrav\u00e9s de abordagens inovadoras, refletimos sobre como a media\u00e7\u00e3o pode gerar impacto social, promover acessibilidade e fazer da cultura uma for\u00e7a inclusiva e partilhada. Como diz Claire Bishop: \u201cA arte participativa reflete a urg\u00eancia de reimaginar a sociedade como um espa\u00e7o de colabora\u00e7\u00e3o e empoderamento\u201d (Bishop, Claire. Artificial Hells: Participatory Art and the Politics of Spectatorship. London: Verso, 2012.)<\/p>\n\n\n\n<p><strong>Joana Sim\u00f5es Henriques<\/strong>, licenciada em Comunica\u00e7\u00e3o Social e Cultural pela Universidade Cat\u00f3lica Portuguesa, especializando-se em Comunica\u00e7\u00e3o Cultural pela LUMSA \u2013 Libera Universit\u00e0 Maria Ss. Assunta, Roma, It\u00e1lia e Mestre em Gest\u00e3o Cultural pelo ISCTE \u2013 Instituto Universit\u00e1rio de Lisboa. Colaborou com o departamento de curadoria e gest\u00e3o da cole\u00e7\u00e3o e com o departamento de educa\u00e7\u00e3o art\u00edstica do CAM \u2013 Centro de Arte Moderna, Funda\u00e7\u00e3o Calouste Gulbenkian, Lisboa; com a dire\u00e7\u00e3o da Galeria Paulo Amaro Contemporary Art; e, desde 2010, colabora com a Funda\u00e7\u00e3o EDP nas \u00e1reas de curadoria e programa\u00e7\u00e3o educativa em museus, centrando-se, a partir de 2016, na programa\u00e7\u00e3o educativa e programas p\u00fablicos do Museu de Arte, Arquitetura e Tecnologia (MAAT), Lisboa. Publicou tamb\u00e9m v\u00e1rios textos sobre arte contempor\u00e2nea e programa\u00e7\u00e3o cultural. \u00c9 membro do cluster Arte, Museus and Culturas Digitais do IHA \/ FCSH, Universidade Nova de Lisboa e cofundadora da rede MID \u2013 Museus para a Inclus\u00e3o na Dem\u00eancia, Portugal. Interessa-se pela investiga\u00e7\u00e3o na \u00e1rea de museus, arte e arquitetura contempor\u00e2neas, media\u00e7\u00e3o cultural e na cultura como ferramenta para o desenvolvimento social e humano, temas sobre os quais tem programado v\u00e1rias projetos e confer\u00eancias.<\/p>\n<\/div>\n<\/div>\n","protected":false},"excerpt":{"rendered":"12 de novembro de 2024","protected":false},"author":5,"featured_media":31719,"comment_status":"closed","ping_status":"closed","sticky":false,"template":"","format":"standard","meta":{"multilingual_post_translation":"{\"en-GB\":{\"url\":\"https:\/\/www.ipleiria.pt\/esadcr-en\/2024\/11\/05\/open-class-joana-henriques\/\",\"postID\":null,\"postTitle\":\"\",\"siteID\":22,\"customURL\":true,\"languageInfo\":{\"multilingual_site_api_url\":\"https:\/\/www.ipleiria.pt\/esadcr-en\/wp-json\/\",\"name\":\"English\",\"locale\":\"en_GB\"}}}","custompostfields_banners":"","custompostfields_post-association_course-gallery":[],"custompostfields_titulo-homepage":"","custompostfields_event-date":"2024-11-05","custompostfields_event-end-date":"2024-11-05","custompostfields_front-page-gallery-thumbnails":""},"categories":[122,1],"tags":[],"_links":{"self":[{"href":"https:\/\/www.ipleiria.pt\/esadcr\/wp-json\/wp\/v2\/posts\/31717"}],"collection":[{"href":"https:\/\/www.ipleiria.pt\/esadcr\/wp-json\/wp\/v2\/posts"}],"about":[{"href":"https:\/\/www.ipleiria.pt\/esadcr\/wp-json\/wp\/v2\/types\/post"}],"author":[{"embeddable":true,"href":"https:\/\/www.ipleiria.pt\/esadcr\/wp-json\/wp\/v2\/users\/5"}],"replies":[{"embeddable":true,"href":"https:\/\/www.ipleiria.pt\/esadcr\/wp-json\/wp\/v2\/comments?post=31717"}],"version-history":[{"count":4,"href":"https:\/\/www.ipleiria.pt\/esadcr\/wp-json\/wp\/v2\/posts\/31717\/revisions"}],"predecessor-version":[{"id":31723,"href":"https:\/\/www.ipleiria.pt\/esadcr\/wp-json\/wp\/v2\/posts\/31717\/revisions\/31723"}],"wp:featuredmedia":[{"embeddable":true,"href":"https:\/\/www.ipleiria.pt\/esadcr\/wp-json\/wp\/v2\/media\/31719"}],"wp:attachment":[{"href":"https:\/\/www.ipleiria.pt\/esadcr\/wp-json\/wp\/v2\/media?parent=31717"}],"wp:term":[{"taxonomy":"category","embeddable":true,"href":"https:\/\/www.ipleiria.pt\/esadcr\/wp-json\/wp\/v2\/categories?post=31717"},{"taxonomy":"post_tag","embeddable":true,"href":"https:\/\/www.ipleiria.pt\/esadcr\/wp-json\/wp\/v2\/tags?post=31717"}],"curies":[{"name":"wp","href":"https:\/\/api.w.org\/{rel}","templated":true}]}}