{"id":31738,"date":"2024-11-05T12:38:57","date_gmt":"2024-11-05T12:38:57","guid":{"rendered":"https:\/\/www.ipleiria.pt\/esadcr\/?p=31738"},"modified":"2025-02-17T12:23:19","modified_gmt":"2025-02-17T12:23:19","slug":"aula-aberta-natxo-checa","status":"publish","type":"post","link":"https:\/\/www.ipleiria.pt\/esadcr\/2024\/11\/05\/aula-aberta-natxo-checa\/","title":{"rendered":"Aula Aberta &#8211; Natxo Checa"},"content":{"rendered":"\n<div class=\"wp-container-3 wp-block-columns\">\n<div class=\"wp-container-1 wp-block-column\">\n<div style=\"height:37px\" aria-hidden=\"true\" class=\"wp-block-spacer\"><\/div>\n\n\n\n<figure class=\"wp-block-image size-full\"><img loading=\"lazy\" width=\"720\" height=\"1078\" src=\"https:\/\/www.ipleiria.pt\/esadcr\/wp-content\/uploads\/sites\/17\/2024\/11\/Natxo-Checa_artigo-ESAD.jpg\" alt=\"\" class=\"wp-image-31739\" srcset=\"https:\/\/www.ipleiria.pt\/esadcr\/wp-content\/uploads\/sites\/17\/2024\/11\/Natxo-Checa_artigo-ESAD.jpg 720w, https:\/\/www.ipleiria.pt\/esadcr\/wp-content\/uploads\/sites\/17\/2024\/11\/Natxo-Checa_artigo-ESAD-200x300.jpg 200w, https:\/\/www.ipleiria.pt\/esadcr\/wp-content\/uploads\/sites\/17\/2024\/11\/Natxo-Checa_artigo-ESAD-100x150.jpg 100w, https:\/\/www.ipleiria.pt\/esadcr\/wp-content\/uploads\/sites\/17\/2024\/11\/Natxo-Checa_artigo-ESAD-281x420.jpg 281w, https:\/\/www.ipleiria.pt\/esadcr\/wp-content\/uploads\/sites\/17\/2024\/11\/Natxo-Checa_artigo-ESAD-260x390.jpg 260w, https:\/\/www.ipleiria.pt\/esadcr\/wp-content\/uploads\/sites\/17\/2024\/11\/Natxo-Checa_artigo-ESAD-361x540.jpg 361w, https:\/\/www.ipleiria.pt\/esadcr\/wp-content\/uploads\/sites\/17\/2024\/11\/Natxo-Checa_artigo-ESAD-184x275.jpg 184w, https:\/\/www.ipleiria.pt\/esadcr\/wp-content\/uploads\/sites\/17\/2024\/11\/Natxo-Checa_artigo-ESAD-130x195.jpg 130w\" sizes=\"(max-width: 720px) 100vw, 720px\" \/><\/figure>\n<\/div>\n\n\n\n<div class=\"wp-container-2 wp-block-column\">\n<h2><em>Aula aberta com Natxo Checa<\/em><\/h2>\n\n\n\n<h4><strong>AULA ABERTA<\/strong><br>14 DE NOVEMBRO DE 2024, 10H <br>AUDIT\u00d3RIO DO EP1 \u2013 ESAD.CR<\/h4>\n\n\n\n<p>Aula aberta com Natxo Checa (Barcelona, 1968), curador, produtor e cofundador da associa\u00e7\u00e3o cultural sem fins lucrativos Galeria Z\u00e9 dos Bois, com foco no seu percurso singular, marcado por um vasto conhecimento tanto do meio art\u00edstico nacional como internacional. A sess\u00e3o aprofundar\u00e1 o seu envolvimento de longo prazo com v\u00e1rios artistas visuais e pr\u00e1ticas art\u00edsticas multidisciplinares, fundamental para o seu desenvolvimento, o seu trabalho como agente e promotor cultural, e a sua abordagem \u00e0s no\u00e7\u00f5es de exposi\u00e7\u00e3o, cole\u00e7\u00e3o, espa\u00e7o p\u00fablico e pol\u00edtica cultural.<\/p>\n\n\n\n<p><strong>Natxo Checa<\/strong> (Barcelona, 1968), \u00e9 curador e produtor e foi cofundador da Galeria Z\u00e9 dos Bois, em 1994, uma associa\u00e7\u00e3o cultural sem fins lucrativos onde continua a trabalhar e na qual comissariou dezenas de exposi\u00e7\u00f5es e projetos, e onde desenvolveu um inovador sistema de resid\u00eancias art\u00edsticas. Foi comiss\u00e1rio da representa\u00e7\u00e3o portuguesa na Bienal de Veneza de 2009, com os artistas Jo\u00e3o Maria Gusm\u00e3o e Pedro Paiva, tendo colaborado de forma continuada com artistas visuais como Jo\u00e3o Tabarra, Mattia Denisse, Gabriel Abrantes, Tiago Baptista, Pedro Henriques ou Patr\u00edcia Almeida. Recebeu, em 2011, uma men\u00e7\u00e3o honrosa no pr\u00e9mio de Melhor Produtor Cultural Nat\u00e9rcia Campos.<\/p>\n<\/div>\n<\/div>\n\n\n\n<figure class=\"wp-container-5 wp-block-gallery-4 wp-block-gallery alignfull has-nested-images columns-default is-cropped\">\n<figure class=\"wp-block-image size-large\"><img loading=\"lazy\" width=\"960\" height=\"640\" data-id=\"32063\"  src=\"https:\/\/www.ipleiria.pt\/esadcr\/wp-content\/uploads\/sites\/17\/2024\/11\/24_11_Natxo_Checa-7.jpg\" alt=\"\" class=\"wp-image-32063\" srcset=\"https:\/\/www.ipleiria.pt\/esadcr\/wp-content\/uploads\/sites\/17\/2024\/11\/24_11_Natxo_Checa-7.jpg 960w, https:\/\/www.ipleiria.pt\/esadcr\/wp-content\/uploads\/sites\/17\/2024\/11\/24_11_Natxo_Checa-7-300x200.jpg 300w, https:\/\/www.ipleiria.pt\/esadcr\/wp-content\/uploads\/sites\/17\/2024\/11\/24_11_Natxo_Checa-7-150x100.jpg 150w, https:\/\/www.ipleiria.pt\/esadcr\/wp-content\/uploads\/sites\/17\/2024\/11\/24_11_Natxo_Checa-7-768x512.jpg 768w, https:\/\/www.ipleiria.pt\/esadcr\/wp-content\/uploads\/sites\/17\/2024\/11\/24_11_Natxo_Checa-7-390x260.jpg 390w, https:\/\/www.ipleiria.pt\/esadcr\/wp-content\/uploads\/sites\/17\/2024\/11\/24_11_Natxo_Checa-7-810x540.jpg 810w, https:\/\/www.ipleiria.pt\/esadcr\/wp-content\/uploads\/sites\/17\/2024\/11\/24_11_Natxo_Checa-7-413x275.jpg 413w, https:\/\/www.ipleiria.pt\/esadcr\/wp-content\/uploads\/sites\/17\/2024\/11\/24_11_Natxo_Checa-7-195x130.jpg 195w\" sizes=\"(max-width: 960px) 100vw, 960px\" \/><\/figure>\n\n\n\n<figure class=\"wp-block-image size-large\"><img loading=\"lazy\" width=\"960\" height=\"640\" data-id=\"32064\"  src=\"https:\/\/www.ipleiria.pt\/esadcr\/wp-content\/uploads\/sites\/17\/2024\/11\/24_11_Natxo_Checa-19.jpg\" alt=\"\" class=\"wp-image-32064\" srcset=\"https:\/\/www.ipleiria.pt\/esadcr\/wp-content\/uploads\/sites\/17\/2024\/11\/24_11_Natxo_Checa-19.jpg 960w, https:\/\/www.ipleiria.pt\/esadcr\/wp-content\/uploads\/sites\/17\/2024\/11\/24_11_Natxo_Checa-19-300x200.jpg 300w, https:\/\/www.ipleiria.pt\/esadcr\/wp-content\/uploads\/sites\/17\/2024\/11\/24_11_Natxo_Checa-19-150x100.jpg 150w, https:\/\/www.ipleiria.pt\/esadcr\/wp-content\/uploads\/sites\/17\/2024\/11\/24_11_Natxo_Checa-19-768x512.jpg 768w, https:\/\/www.ipleiria.pt\/esadcr\/wp-content\/uploads\/sites\/17\/2024\/11\/24_11_Natxo_Checa-19-390x260.jpg 390w, https:\/\/www.ipleiria.pt\/esadcr\/wp-content\/uploads\/sites\/17\/2024\/11\/24_11_Natxo_Checa-19-810x540.jpg 810w, https:\/\/www.ipleiria.pt\/esadcr\/wp-content\/uploads\/sites\/17\/2024\/11\/24_11_Natxo_Checa-19-413x275.jpg 413w, https:\/\/www.ipleiria.pt\/esadcr\/wp-content\/uploads\/sites\/17\/2024\/11\/24_11_Natxo_Checa-19-195x130.jpg 195w\" sizes=\"(max-width: 960px) 100vw, 960px\" \/><\/figure>\n<\/figure>\n","protected":false},"excerpt":{"rendered":"14 de novembro, 2024","protected":false},"author":5,"featured_media":31740,"comment_status":"closed","ping_status":"closed","sticky":false,"template":"","format":"standard","meta":{"multilingual_post_translation":"{\"en-GB\":{\"url\":\"https:\/\/www.ipleiria.pt\/esadcr-en\/2024\/11\/05\/open-class-natxo-checa\/\",\"postID\":null,\"postTitle\":\"\",\"siteID\":22,\"customURL\":true,\"languageInfo\":{\"multilingual_site_api_url\":\"https:\/\/www.ipleiria.pt\/esadcr-en\/wp-json\/\",\"name\":\"English\",\"locale\":\"en_GB\"}}}","custompostfields_banners":"","custompostfields_post-association_course-gallery":[],"custompostfields_titulo-homepage":"","custompostfields_event-date":"2024-11-05","custompostfields_event-end-date":"2024-11-05","custompostfields_front-page-gallery-thumbnails":""},"categories":[122,1],"tags":[],"_links":{"self":[{"href":"https:\/\/www.ipleiria.pt\/esadcr\/wp-json\/wp\/v2\/posts\/31738"}],"collection":[{"href":"https:\/\/www.ipleiria.pt\/esadcr\/wp-json\/wp\/v2\/posts"}],"about":[{"href":"https:\/\/www.ipleiria.pt\/esadcr\/wp-json\/wp\/v2\/types\/post"}],"author":[{"embeddable":true,"href":"https:\/\/www.ipleiria.pt\/esadcr\/wp-json\/wp\/v2\/users\/5"}],"replies":[{"embeddable":true,"href":"https:\/\/www.ipleiria.pt\/esadcr\/wp-json\/wp\/v2\/comments?post=31738"}],"version-history":[{"count":6,"href":"https:\/\/www.ipleiria.pt\/esadcr\/wp-json\/wp\/v2\/posts\/31738\/revisions"}],"predecessor-version":[{"id":32067,"href":"https:\/\/www.ipleiria.pt\/esadcr\/wp-json\/wp\/v2\/posts\/31738\/revisions\/32067"}],"wp:featuredmedia":[{"embeddable":true,"href":"https:\/\/www.ipleiria.pt\/esadcr\/wp-json\/wp\/v2\/media\/31740"}],"wp:attachment":[{"href":"https:\/\/www.ipleiria.pt\/esadcr\/wp-json\/wp\/v2\/media?parent=31738"}],"wp:term":[{"taxonomy":"category","embeddable":true,"href":"https:\/\/www.ipleiria.pt\/esadcr\/wp-json\/wp\/v2\/categories?post=31738"},{"taxonomy":"post_tag","embeddable":true,"href":"https:\/\/www.ipleiria.pt\/esadcr\/wp-json\/wp\/v2\/tags?post=31738"}],"curies":[{"name":"wp","href":"https:\/\/api.w.org\/{rel}","templated":true}]}}