{"id":31997,"date":"2024-11-14T14:33:32","date_gmt":"2024-11-14T14:33:32","guid":{"rendered":"https:\/\/www.ipleiria.pt\/esadcr\/?p=31997"},"modified":"2024-12-09T16:39:05","modified_gmt":"2024-12-09T16:39:05","slug":"aula-aberta-pauliana-pimentel","status":"publish","type":"post","link":"https:\/\/www.ipleiria.pt\/esadcr\/2024\/11\/14\/aula-aberta-pauliana-pimentel\/","title":{"rendered":"Aula Aberta &#8211; Pauliana Pimentel"},"content":{"rendered":"\n<div class=\"wp-container-3 wp-block-columns\">\n<div class=\"wp-container-1 wp-block-column\">\n<div style=\"height:37px\" aria-hidden=\"true\" class=\"wp-block-spacer\"><\/div>\n\n\n\n<figure class=\"wp-block-image size-full\"><img loading=\"lazy\" width=\"720\" height=\"587\" src=\"https:\/\/www.ipleiria.pt\/esadcr\/wp-content\/uploads\/sites\/17\/2024\/11\/PIP_BEEKEEPERS_ROL_001-003limpaweb.jpg\" alt=\"\" class=\"wp-image-31998\" srcset=\"https:\/\/www.ipleiria.pt\/esadcr\/wp-content\/uploads\/sites\/17\/2024\/11\/PIP_BEEKEEPERS_ROL_001-003limpaweb.jpg 720w, https:\/\/www.ipleiria.pt\/esadcr\/wp-content\/uploads\/sites\/17\/2024\/11\/PIP_BEEKEEPERS_ROL_001-003limpaweb-300x245.jpg 300w, https:\/\/www.ipleiria.pt\/esadcr\/wp-content\/uploads\/sites\/17\/2024\/11\/PIP_BEEKEEPERS_ROL_001-003limpaweb-150x122.jpg 150w, https:\/\/www.ipleiria.pt\/esadcr\/wp-content\/uploads\/sites\/17\/2024\/11\/PIP_BEEKEEPERS_ROL_001-003limpaweb-390x318.jpg 390w, https:\/\/www.ipleiria.pt\/esadcr\/wp-content\/uploads\/sites\/17\/2024\/11\/PIP_BEEKEEPERS_ROL_001-003limpaweb-662x540.jpg 662w, https:\/\/www.ipleiria.pt\/esadcr\/wp-content\/uploads\/sites\/17\/2024\/11\/PIP_BEEKEEPERS_ROL_001-003limpaweb-337x275.jpg 337w, https:\/\/www.ipleiria.pt\/esadcr\/wp-content\/uploads\/sites\/17\/2024\/11\/PIP_BEEKEEPERS_ROL_001-003limpaweb-195x159.jpg 195w\" sizes=\"(max-width: 720px) 100vw, 720px\" \/><figcaption>\u00a9 Pauliana&nbsp;Valente Pimentel,&nbsp;<em>The behaviour of being,&nbsp;<\/em>2016.<\/figcaption><\/figure>\n<\/div>\n\n\n\n<div class=\"wp-container-2 wp-block-column\">\n<h2><em>Pauliana Valente Pimentel<\/em><\/h2>\n\n\n\n<h4><strong>AULA ABERTA<\/strong><br>20 DE NOVEMBRO DE 2024, 14:30H<br>SALA 40 DO EP1 &#8211; ESAD.CR<\/h4>\n\n\n\n<p><strong>Pauliana Valente Pimentel<\/strong>, artista e fot\u00f3grafa, vir\u00e1 apresentar o seu trabalho no \u00e2mbito da U.C. Autorretrato e Autorrepresenta\u00e7\u00e3o. Interessa esbo\u00e7ar um autorretrato por via da documenta\u00e7\u00e3o minuciosa das comunidades \u00e0s quais se pertence por afinidade ou pela dura\u00e7\u00e3o necess\u00e1ria \u00e0 realiza\u00e7\u00e3o de um projecto, como nas s\u00e9ries &#8220;Family Album&#8221; ou &#8220;entre n\u00f3s&#8221;.<\/p>\n\n\n\n<p><strong>Pauliana Valente Pimentel <\/strong>nasceu em Lisboa em 1975, cidade onde ainda vive, mas trabalha em todo o mundo. Como artista e fot\u00f3grafa freelancer, produz reportagens fotogr\u00e1ficas desde 1999 para v\u00e1rias revistas e jornais portugueses e estrangeiros. Em 2005 participou no curso de fotografia do Programa Gulbenkian de Criatividade e Cria\u00e7\u00e3o Art\u00edstica.<br>Foi membro do coletivo [Kameraphoto] de 2006 at\u00e9 \u00e0 sua extin\u00e7\u00e3o em 2014, e membro fundador do coletivo \u201cN\u2019WE\u201d em 2016. Al\u00e9m da sua participa\u00e7\u00e3o em livros de autoria coletiva, produziu o seu primeiro livro \u2018VOL I\u2019 em 2009, publicado por Pierre Von Kleist e \u2018Caucase, Souvenirs de Voyage\u2019 em 2011 pela Funda\u00e7\u00e3o Gulbenkian. Filmografia: \u201cDiz-se que Portugal \u00e9 um bom pa\u00eds para se viver\u201d, 40 min, Portugal 2011; \u201cJovens de Atenas \/ Youth of Athens\u201d, 13 min. Atenas, Gr\u00e9cia, 2012; \u201cEntre Nous\u201d, 51 min. Portugal, Fran\u00e7a, 2014. Em 2015 ganhou o pr\u00e9mio de melhor trabalho fotogr\u00e1fico do ano pela Sociedade Portuguesa de Autores e em 2016 foi nomeada para o pr\u00e9mio Novo Banco, o pr\u00e9mio mais importante em Portugal para a fotografia contempor\u00e2nea. J\u00e1 fez v\u00e1rias exposi\u00e7\u00f5es na Europa \u2013 Portugal, Espanha, It\u00e1lia, Inglaterra, Alemanha, Gr\u00e9cia, mas tamb\u00e9m fora, como EUA, Turquia, China e \u00c1frica (Marrocos e Cabo Verde). Foi representada durante cinco anos pela Galeria 3+1 Arte Contempor\u00e2nea no Chiado e atualmente \u00e9 representada pela Galeria das Salgadeiras, em Lisboa. Parte do seu trabalho pertence a cole\u00e7\u00f5es privadas e institucionais.<\/p>\n<\/div>\n<\/div>\n\n\n\n<figure class=\"wp-container-5 wp-block-gallery-4 wp-block-gallery alignfull has-nested-images columns-2 is-cropped\">\n<figure class=\"wp-block-image size-large\"><img loading=\"lazy\" width=\"960\" height=\"640\" data-id=\"32170\"  src=\"https:\/\/www.ipleiria.pt\/esadcr\/wp-content\/uploads\/sites\/17\/2024\/11\/24_11_Pauliana_Valente_Pimentel-10.jpg\" alt=\"\" class=\"wp-image-32170\" srcset=\"https:\/\/www.ipleiria.pt\/esadcr\/wp-content\/uploads\/sites\/17\/2024\/11\/24_11_Pauliana_Valente_Pimentel-10.jpg 960w, https:\/\/www.ipleiria.pt\/esadcr\/wp-content\/uploads\/sites\/17\/2024\/11\/24_11_Pauliana_Valente_Pimentel-10-300x200.jpg 300w, https:\/\/www.ipleiria.pt\/esadcr\/wp-content\/uploads\/sites\/17\/2024\/11\/24_11_Pauliana_Valente_Pimentel-10-150x100.jpg 150w, https:\/\/www.ipleiria.pt\/esadcr\/wp-content\/uploads\/sites\/17\/2024\/11\/24_11_Pauliana_Valente_Pimentel-10-768x512.jpg 768w, https:\/\/www.ipleiria.pt\/esadcr\/wp-content\/uploads\/sites\/17\/2024\/11\/24_11_Pauliana_Valente_Pimentel-10-390x260.jpg 390w, https:\/\/www.ipleiria.pt\/esadcr\/wp-content\/uploads\/sites\/17\/2024\/11\/24_11_Pauliana_Valente_Pimentel-10-810x540.jpg 810w, https:\/\/www.ipleiria.pt\/esadcr\/wp-content\/uploads\/sites\/17\/2024\/11\/24_11_Pauliana_Valente_Pimentel-10-413x275.jpg 413w, https:\/\/www.ipleiria.pt\/esadcr\/wp-content\/uploads\/sites\/17\/2024\/11\/24_11_Pauliana_Valente_Pimentel-10-195x130.jpg 195w\" sizes=\"(max-width: 960px) 100vw, 960px\" \/><\/figure>\n\n\n\n<figure class=\"wp-block-image size-large\"><img loading=\"lazy\" width=\"960\" height=\"640\" data-id=\"32169\"  src=\"https:\/\/www.ipleiria.pt\/esadcr\/wp-content\/uploads\/sites\/17\/2024\/11\/24_11_Pauliana_Valente_Pimentel-3.jpg\" alt=\"\" class=\"wp-image-32169\" srcset=\"https:\/\/www.ipleiria.pt\/esadcr\/wp-content\/uploads\/sites\/17\/2024\/11\/24_11_Pauliana_Valente_Pimentel-3.jpg 960w, https:\/\/www.ipleiria.pt\/esadcr\/wp-content\/uploads\/sites\/17\/2024\/11\/24_11_Pauliana_Valente_Pimentel-3-300x200.jpg 300w, https:\/\/www.ipleiria.pt\/esadcr\/wp-content\/uploads\/sites\/17\/2024\/11\/24_11_Pauliana_Valente_Pimentel-3-150x100.jpg 150w, https:\/\/www.ipleiria.pt\/esadcr\/wp-content\/uploads\/sites\/17\/2024\/11\/24_11_Pauliana_Valente_Pimentel-3-768x512.jpg 768w, https:\/\/www.ipleiria.pt\/esadcr\/wp-content\/uploads\/sites\/17\/2024\/11\/24_11_Pauliana_Valente_Pimentel-3-390x260.jpg 390w, https:\/\/www.ipleiria.pt\/esadcr\/wp-content\/uploads\/sites\/17\/2024\/11\/24_11_Pauliana_Valente_Pimentel-3-810x540.jpg 810w, https:\/\/www.ipleiria.pt\/esadcr\/wp-content\/uploads\/sites\/17\/2024\/11\/24_11_Pauliana_Valente_Pimentel-3-413x275.jpg 413w, https:\/\/www.ipleiria.pt\/esadcr\/wp-content\/uploads\/sites\/17\/2024\/11\/24_11_Pauliana_Valente_Pimentel-3-195x130.jpg 195w\" sizes=\"(max-width: 960px) 100vw, 960px\" \/><\/figure>\n\n\n\n<figure class=\"wp-block-image size-large\"><img loading=\"lazy\" width=\"960\" height=\"640\" data-id=\"32172\"  src=\"https:\/\/www.ipleiria.pt\/esadcr\/wp-content\/uploads\/sites\/17\/2024\/11\/24_11_Pauliana_Valente_Pimentel-14.jpg\" alt=\"\" class=\"wp-image-32172\" srcset=\"https:\/\/www.ipleiria.pt\/esadcr\/wp-content\/uploads\/sites\/17\/2024\/11\/24_11_Pauliana_Valente_Pimentel-14.jpg 960w, https:\/\/www.ipleiria.pt\/esadcr\/wp-content\/uploads\/sites\/17\/2024\/11\/24_11_Pauliana_Valente_Pimentel-14-300x200.jpg 300w, https:\/\/www.ipleiria.pt\/esadcr\/wp-content\/uploads\/sites\/17\/2024\/11\/24_11_Pauliana_Valente_Pimentel-14-150x100.jpg 150w, https:\/\/www.ipleiria.pt\/esadcr\/wp-content\/uploads\/sites\/17\/2024\/11\/24_11_Pauliana_Valente_Pimentel-14-768x512.jpg 768w, https:\/\/www.ipleiria.pt\/esadcr\/wp-content\/uploads\/sites\/17\/2024\/11\/24_11_Pauliana_Valente_Pimentel-14-390x260.jpg 390w, https:\/\/www.ipleiria.pt\/esadcr\/wp-content\/uploads\/sites\/17\/2024\/11\/24_11_Pauliana_Valente_Pimentel-14-810x540.jpg 810w, https:\/\/www.ipleiria.pt\/esadcr\/wp-content\/uploads\/sites\/17\/2024\/11\/24_11_Pauliana_Valente_Pimentel-14-413x275.jpg 413w, https:\/\/www.ipleiria.pt\/esadcr\/wp-content\/uploads\/sites\/17\/2024\/11\/24_11_Pauliana_Valente_Pimentel-14-195x130.jpg 195w\" sizes=\"(max-width: 960px) 100vw, 960px\" \/><\/figure>\n\n\n\n<figure class=\"wp-block-image size-large\"><img loading=\"lazy\" width=\"960\" height=\"640\" data-id=\"32171\"  src=\"https:\/\/www.ipleiria.pt\/esadcr\/wp-content\/uploads\/sites\/17\/2024\/11\/24_11_Pauliana_Valente_Pimentel-12.jpg\" alt=\"\" class=\"wp-image-32171\" srcset=\"https:\/\/www.ipleiria.pt\/esadcr\/wp-content\/uploads\/sites\/17\/2024\/11\/24_11_Pauliana_Valente_Pimentel-12.jpg 960w, https:\/\/www.ipleiria.pt\/esadcr\/wp-content\/uploads\/sites\/17\/2024\/11\/24_11_Pauliana_Valente_Pimentel-12-300x200.jpg 300w, https:\/\/www.ipleiria.pt\/esadcr\/wp-content\/uploads\/sites\/17\/2024\/11\/24_11_Pauliana_Valente_Pimentel-12-150x100.jpg 150w, https:\/\/www.ipleiria.pt\/esadcr\/wp-content\/uploads\/sites\/17\/2024\/11\/24_11_Pauliana_Valente_Pimentel-12-768x512.jpg 768w, https:\/\/www.ipleiria.pt\/esadcr\/wp-content\/uploads\/sites\/17\/2024\/11\/24_11_Pauliana_Valente_Pimentel-12-390x260.jpg 390w, https:\/\/www.ipleiria.pt\/esadcr\/wp-content\/uploads\/sites\/17\/2024\/11\/24_11_Pauliana_Valente_Pimentel-12-810x540.jpg 810w, https:\/\/www.ipleiria.pt\/esadcr\/wp-content\/uploads\/sites\/17\/2024\/11\/24_11_Pauliana_Valente_Pimentel-12-413x275.jpg 413w, https:\/\/www.ipleiria.pt\/esadcr\/wp-content\/uploads\/sites\/17\/2024\/11\/24_11_Pauliana_Valente_Pimentel-12-195x130.jpg 195w\" sizes=\"(max-width: 960px) 100vw, 960px\" \/><\/figure>\n<\/figure>\n","protected":false},"excerpt":{"rendered":"20 de novembro de 2024","protected":false},"author":5,"featured_media":31999,"comment_status":"closed","ping_status":"closed","sticky":false,"template":"","format":"standard","meta":{"multilingual_post_translation":"{\"en-GB\":{\"url\":\"https:\/\/www.ipleiria.pt\/esadcr-en\/2024\/11\/14\/open-class-pauliana-pimentel\/\",\"postID\":null,\"postTitle\":\"\",\"siteID\":22,\"customURL\":true,\"languageInfo\":{\"multilingual_site_api_url\":\"https:\/\/www.ipleiria.pt\/esadcr-en\/wp-json\/\",\"name\":\"English\",\"locale\":\"en_GB\"}}}","custompostfields_banners":"","custompostfields_post-association_course-gallery":[],"custompostfields_titulo-homepage":"","custompostfields_event-date":"2024-11-14","custompostfields_event-end-date":"2024-11-14","custompostfields_front-page-gallery-thumbnails":""},"categories":[122,40],"tags":[],"_links":{"self":[{"href":"https:\/\/www.ipleiria.pt\/esadcr\/wp-json\/wp\/v2\/posts\/31997"}],"collection":[{"href":"https:\/\/www.ipleiria.pt\/esadcr\/wp-json\/wp\/v2\/posts"}],"about":[{"href":"https:\/\/www.ipleiria.pt\/esadcr\/wp-json\/wp\/v2\/types\/post"}],"author":[{"embeddable":true,"href":"https:\/\/www.ipleiria.pt\/esadcr\/wp-json\/wp\/v2\/users\/5"}],"replies":[{"embeddable":true,"href":"https:\/\/www.ipleiria.pt\/esadcr\/wp-json\/wp\/v2\/comments?post=31997"}],"version-history":[{"count":8,"href":"https:\/\/www.ipleiria.pt\/esadcr\/wp-json\/wp\/v2\/posts\/31997\/revisions"}],"predecessor-version":[{"id":32174,"href":"https:\/\/www.ipleiria.pt\/esadcr\/wp-json\/wp\/v2\/posts\/31997\/revisions\/32174"}],"wp:featuredmedia":[{"embeddable":true,"href":"https:\/\/www.ipleiria.pt\/esadcr\/wp-json\/wp\/v2\/media\/31999"}],"wp:attachment":[{"href":"https:\/\/www.ipleiria.pt\/esadcr\/wp-json\/wp\/v2\/media?parent=31997"}],"wp:term":[{"taxonomy":"category","embeddable":true,"href":"https:\/\/www.ipleiria.pt\/esadcr\/wp-json\/wp\/v2\/categories?post=31997"},{"taxonomy":"post_tag","embeddable":true,"href":"https:\/\/www.ipleiria.pt\/esadcr\/wp-json\/wp\/v2\/tags?post=31997"}],"curies":[{"name":"wp","href":"https:\/\/api.w.org\/{rel}","templated":true}]}}