{"id":32054,"date":"2024-11-14T12:13:48","date_gmt":"2024-11-14T12:13:48","guid":{"rendered":"https:\/\/www.ipleiria.pt\/esadcr\/?p=32054"},"modified":"2025-04-04T14:57:03","modified_gmt":"2025-04-04T14:57:03","slug":"a-conversa-com-daniel-seabra","status":"publish","type":"post","link":"https:\/\/www.ipleiria.pt\/esadcr\/2024\/11\/14\/a-conversa-com-daniel-seabra\/","title":{"rendered":"\u00c0 conversa com Daniel Seabra"},"content":{"rendered":"\n<div class=\"wp-container-3 wp-block-columns\">\n<div class=\"wp-container-1 wp-block-column\">\n<div style=\"height:37px\" aria-hidden=\"true\" class=\"wp-block-spacer\"><\/div>\n\n\n\n<figure class=\"wp-block-image size-full\"><img loading=\"lazy\" width=\"720\" height=\"720\" src=\"https:\/\/www.ipleiria.pt\/esadcr\/wp-content\/uploads\/sites\/17\/2024\/11\/Sitedestaque_ESADCR_artigo.png\" alt=\"\" class=\"wp-image-32055\" srcset=\"https:\/\/www.ipleiria.pt\/esadcr\/wp-content\/uploads\/sites\/17\/2024\/11\/Sitedestaque_ESADCR_artigo.png 720w, https:\/\/www.ipleiria.pt\/esadcr\/wp-content\/uploads\/sites\/17\/2024\/11\/Sitedestaque_ESADCR_artigo-300x300.png 300w, https:\/\/www.ipleiria.pt\/esadcr\/wp-content\/uploads\/sites\/17\/2024\/11\/Sitedestaque_ESADCR_artigo-150x150.png 150w, https:\/\/www.ipleiria.pt\/esadcr\/wp-content\/uploads\/sites\/17\/2024\/11\/Sitedestaque_ESADCR_artigo-390x390.png 390w, https:\/\/www.ipleiria.pt\/esadcr\/wp-content\/uploads\/sites\/17\/2024\/11\/Sitedestaque_ESADCR_artigo-540x540.png 540w, https:\/\/www.ipleiria.pt\/esadcr\/wp-content\/uploads\/sites\/17\/2024\/11\/Sitedestaque_ESADCR_artigo-275x275.png 275w, https:\/\/www.ipleiria.pt\/esadcr\/wp-content\/uploads\/sites\/17\/2024\/11\/Sitedestaque_ESADCR_artigo-195x195.png 195w\" sizes=\"(max-width: 720px) 100vw, 720px\" \/><\/figure>\n<\/div>\n\n\n\n<div class=\"wp-container-2 wp-block-column\">\n<h2><em>Quem sou? Quem somos? A Perspetiva da Interseccionalidade<\/em><\/h2>\n\n\n\n<h3>Daniel Seabra&nbsp;<\/h3>\n\n\n\n<h4><strong>CONVERSA<\/strong> <br>20 DE NOVEMBRO, 15H<br>SALA 11 DO EP2 &#8211; ESAD.CR<\/h4>\n\n\n\n<p>Esta conversa \u00e9 um convite \u00e0 reflex\u00e3o individual sobre as nossas caracter\u00edsticas e m\u00faltiplas identidades de perten\u00e7a a partir de um ponto de vista social e interseccional. Muitas vezes perguntamo-nos \u201cQuem sou?\u201d e essa resposta tende a n\u00e3o ser simples. A interseccionalidade ajuda-nos a considerar m\u00faltiplas dimens\u00f5es (como o g\u00e9nero, a diversidade funcional, o n\u00edvel socioecon\u00f3mico, tipo de corpo ou a idade) e a entender como a intera\u00e7\u00e3o entre si molda as nossas experi\u00eancias e impactam a pessoa que somos. Compreendendo e reconhecendo a diversidade individual plural conseguimos responder tamb\u00e9m \u00e0 pergunta \u201cQuem somos?\u201d. Junte-se a n\u00f3s!<\/p>\n\n\n\n<p><strong>Doutor Daniel Seabra&nbsp;<\/strong><br>Psic\u00f3logo cl\u00ednico cognitivo-comportamental, professor auxiliar na Universidade Lus\u00f3fona e formador. Doutorou-se em Psicologia Cl\u00ednica, em 2024, com um projeto chamado: &#8220;Sa\u00fade mental e bem-estar em pessoas com identidades sexuais minorizadas: Avalia\u00e7\u00e3o, processos e uma interven\u00e7\u00e3o contextual inovadora (Free2Be)&#8221; na Universidade de Coimbra. D\u00e1 consultas com diferentes p\u00fablicos em Coimbra na Associa\u00e7\u00e3o A CORES &#8211; Apoio a Crian\u00e7as e Jovens em Risco e na Faculdade de Psicologia e de Ci\u00eancias da Educa\u00e7\u00e3o da Universidade de Coimbra. A suas \u00e1reas de interesse na investiga\u00e7\u00e3o relacionam-se com a psicologia cl\u00ednica (processos contextuais e evolucion\u00e1rios e interven\u00e7\u00e3o) e com&nbsp; quest\u00f5es LGBTQIA+ (intersec\u00e7\u00e3o entre vari\u00e1veis psicol\u00f3gicas e sociais). \u00c9 ainda autor de diversos artigos e cap\u00edtulos de livros nacionais e internacionais.<\/p>\n<\/div>\n<\/div>\n\n\n\n<figure class=\"wp-container-5 wp-block-gallery-4 wp-block-gallery alignfull has-nested-images columns-default is-cropped\">\n<figure class=\"wp-block-image size-large\"><img loading=\"lazy\" width=\"960\" height=\"640\" data-id=\"32561\"  src=\"https:\/\/www.ipleiria.pt\/esadcr\/wp-content\/uploads\/sites\/17\/2025\/01\/24_11_Daniel_Seabra-3.jpg\" alt=\"\" class=\"wp-image-32561\" srcset=\"https:\/\/www.ipleiria.pt\/esadcr\/wp-content\/uploads\/sites\/17\/2025\/01\/24_11_Daniel_Seabra-3.jpg 960w, https:\/\/www.ipleiria.pt\/esadcr\/wp-content\/uploads\/sites\/17\/2025\/01\/24_11_Daniel_Seabra-3-300x200.jpg 300w, https:\/\/www.ipleiria.pt\/esadcr\/wp-content\/uploads\/sites\/17\/2025\/01\/24_11_Daniel_Seabra-3-150x100.jpg 150w, https:\/\/www.ipleiria.pt\/esadcr\/wp-content\/uploads\/sites\/17\/2025\/01\/24_11_Daniel_Seabra-3-768x512.jpg 768w, https:\/\/www.ipleiria.pt\/esadcr\/wp-content\/uploads\/sites\/17\/2025\/01\/24_11_Daniel_Seabra-3-390x260.jpg 390w, https:\/\/www.ipleiria.pt\/esadcr\/wp-content\/uploads\/sites\/17\/2025\/01\/24_11_Daniel_Seabra-3-810x540.jpg 810w, https:\/\/www.ipleiria.pt\/esadcr\/wp-content\/uploads\/sites\/17\/2025\/01\/24_11_Daniel_Seabra-3-413x275.jpg 413w, https:\/\/www.ipleiria.pt\/esadcr\/wp-content\/uploads\/sites\/17\/2025\/01\/24_11_Daniel_Seabra-3-195x130.jpg 195w\" sizes=\"(max-width: 960px) 100vw, 960px\" \/><\/figure>\n\n\n\n<figure class=\"wp-block-image size-large\"><img loading=\"lazy\" width=\"960\" height=\"640\" data-id=\"32562\"  src=\"https:\/\/www.ipleiria.pt\/esadcr\/wp-content\/uploads\/sites\/17\/2025\/01\/24_11_Daniel_Seabra-7.jpg\" alt=\"\" class=\"wp-image-32562\" srcset=\"https:\/\/www.ipleiria.pt\/esadcr\/wp-content\/uploads\/sites\/17\/2025\/01\/24_11_Daniel_Seabra-7.jpg 960w, https:\/\/www.ipleiria.pt\/esadcr\/wp-content\/uploads\/sites\/17\/2025\/01\/24_11_Daniel_Seabra-7-300x200.jpg 300w, https:\/\/www.ipleiria.pt\/esadcr\/wp-content\/uploads\/sites\/17\/2025\/01\/24_11_Daniel_Seabra-7-150x100.jpg 150w, https:\/\/www.ipleiria.pt\/esadcr\/wp-content\/uploads\/sites\/17\/2025\/01\/24_11_Daniel_Seabra-7-768x512.jpg 768w, https:\/\/www.ipleiria.pt\/esadcr\/wp-content\/uploads\/sites\/17\/2025\/01\/24_11_Daniel_Seabra-7-390x260.jpg 390w, https:\/\/www.ipleiria.pt\/esadcr\/wp-content\/uploads\/sites\/17\/2025\/01\/24_11_Daniel_Seabra-7-810x540.jpg 810w, https:\/\/www.ipleiria.pt\/esadcr\/wp-content\/uploads\/sites\/17\/2025\/01\/24_11_Daniel_Seabra-7-413x275.jpg 413w, https:\/\/www.ipleiria.pt\/esadcr\/wp-content\/uploads\/sites\/17\/2025\/01\/24_11_Daniel_Seabra-7-195x130.jpg 195w\" sizes=\"(max-width: 960px) 100vw, 960px\" \/><\/figure>\n<\/figure>\n","protected":false},"excerpt":{"rendered":"20 de novembro de 2024","protected":false},"author":5,"featured_media":32056,"comment_status":"closed","ping_status":"closed","sticky":false,"template":"","format":"standard","meta":{"multilingual_post_translation":"","custompostfields_banners":"","custompostfields_post-association_course-gallery":[],"custompostfields_titulo-homepage":"","custompostfields_event-date":"2024-11-15","custompostfields_event-end-date":"2024-11-15","custompostfields_front-page-gallery-thumbnails":""},"categories":[122,40],"tags":[],"_links":{"self":[{"href":"https:\/\/www.ipleiria.pt\/esadcr\/wp-json\/wp\/v2\/posts\/32054"}],"collection":[{"href":"https:\/\/www.ipleiria.pt\/esadcr\/wp-json\/wp\/v2\/posts"}],"about":[{"href":"https:\/\/www.ipleiria.pt\/esadcr\/wp-json\/wp\/v2\/types\/post"}],"author":[{"embeddable":true,"href":"https:\/\/www.ipleiria.pt\/esadcr\/wp-json\/wp\/v2\/users\/5"}],"replies":[{"embeddable":true,"href":"https:\/\/www.ipleiria.pt\/esadcr\/wp-json\/wp\/v2\/comments?post=32054"}],"version-history":[{"count":6,"href":"https:\/\/www.ipleiria.pt\/esadcr\/wp-json\/wp\/v2\/posts\/32054\/revisions"}],"predecessor-version":[{"id":32564,"href":"https:\/\/www.ipleiria.pt\/esadcr\/wp-json\/wp\/v2\/posts\/32054\/revisions\/32564"}],"wp:featuredmedia":[{"embeddable":true,"href":"https:\/\/www.ipleiria.pt\/esadcr\/wp-json\/wp\/v2\/media\/32056"}],"wp:attachment":[{"href":"https:\/\/www.ipleiria.pt\/esadcr\/wp-json\/wp\/v2\/media?parent=32054"}],"wp:term":[{"taxonomy":"category","embeddable":true,"href":"https:\/\/www.ipleiria.pt\/esadcr\/wp-json\/wp\/v2\/categories?post=32054"},{"taxonomy":"post_tag","embeddable":true,"href":"https:\/\/www.ipleiria.pt\/esadcr\/wp-json\/wp\/v2\/tags?post=32054"}],"curies":[{"name":"wp","href":"https:\/\/api.w.org\/{rel}","templated":true}]}}