{"id":32129,"date":"2024-11-20T16:44:11","date_gmt":"2024-11-20T16:44:11","guid":{"rendered":"https:\/\/www.ipleiria.pt\/esadcr\/?p=32129"},"modified":"2025-02-11T19:12:15","modified_gmt":"2025-02-11T19:12:15","slug":"aula-aberta-antonio-julio-duarte-2","status":"publish","type":"post","link":"https:\/\/www.ipleiria.pt\/esadcr\/2024\/11\/20\/aula-aberta-antonio-julio-duarte-2\/","title":{"rendered":"Aula Aberta &#8211; Ant\u00f3nio J\u00falio Duarte"},"content":{"rendered":"\n<div class=\"wp-container-3 wp-block-columns\">\n<div class=\"wp-container-1 wp-block-column\">\n<div style=\"height:37px\" aria-hidden=\"true\" class=\"wp-block-spacer\"><\/div>\n\n\n\n<figure class=\"wp-block-image size-full\"><img loading=\"lazy\" width=\"720\" height=\"963\" src=\"https:\/\/www.ipleiria.pt\/esadcr\/wp-content\/uploads\/sites\/17\/2024\/11\/23_03_MASI_Anto\u0301nio_Ju\u0301lio_Duarte_IMAG-ESAD.jpg\" alt=\"\" class=\"wp-image-32130\" srcset=\"https:\/\/www.ipleiria.pt\/esadcr\/wp-content\/uploads\/sites\/17\/2024\/11\/23_03_MASI_Anto\u0301nio_Ju\u0301lio_Duarte_IMAG-ESAD.jpg 720w, https:\/\/www.ipleiria.pt\/esadcr\/wp-content\/uploads\/sites\/17\/2024\/11\/23_03_MASI_Anto\u0301nio_Ju\u0301lio_Duarte_IMAG-ESAD-224x300.jpg 224w, https:\/\/www.ipleiria.pt\/esadcr\/wp-content\/uploads\/sites\/17\/2024\/11\/23_03_MASI_Anto\u0301nio_Ju\u0301lio_Duarte_IMAG-ESAD-112x150.jpg 112w, https:\/\/www.ipleiria.pt\/esadcr\/wp-content\/uploads\/sites\/17\/2024\/11\/23_03_MASI_Anto\u0301nio_Ju\u0301lio_Duarte_IMAG-ESAD-300x401.jpg 300w, https:\/\/www.ipleiria.pt\/esadcr\/wp-content\/uploads\/sites\/17\/2024\/11\/23_03_MASI_Anto\u0301nio_Ju\u0301lio_Duarte_IMAG-ESAD-292x390.jpg 292w, https:\/\/www.ipleiria.pt\/esadcr\/wp-content\/uploads\/sites\/17\/2024\/11\/23_03_MASI_Anto\u0301nio_Ju\u0301lio_Duarte_IMAG-ESAD-404x540.jpg 404w, https:\/\/www.ipleiria.pt\/esadcr\/wp-content\/uploads\/sites\/17\/2024\/11\/23_03_MASI_Anto\u0301nio_Ju\u0301lio_Duarte_IMAG-ESAD-206x275.jpg 206w, https:\/\/www.ipleiria.pt\/esadcr\/wp-content\/uploads\/sites\/17\/2024\/11\/23_03_MASI_Anto\u0301nio_Ju\u0301lio_Duarte_IMAG-ESAD-146x195.jpg 146w\" sizes=\"(max-width: 720px) 100vw, 720px\" \/><\/figure>\n<\/div>\n\n\n\n<div class=\"wp-container-2 wp-block-column\">\n<h2><em>Ant\u00f3nio J\u00falio Duarte<\/em><\/h2>\n\n\n\n<h4><strong>AULA ABERTA<\/strong><br>28 DE NOVEMBRO DE 2024, 9:30H<br>SALA 18 DO EP2 &#8211; ESAD.CR<\/h4>\n\n\n\n<p>Apresenta\u00e7\u00e3o de obra pessoal e percurso e leitura dos projectos individuais em curso dos alunos da UC A Fun\u00e7\u00e3o Fotogr\u00e1fica.<\/p>\n\n\n\n<p><strong>ANT\u00d3NIO J\u00daLIO DUARTE<\/strong> (Lisboa, 1965) vive e trabalha em Lisboa. Nas suas palavras: \u201cFotografo cidades movimentadas e pessoas atribuladas, criaturas encurraladas e coisas improv\u00e1veis. S\u00e3o o meu mapa do mundo. Sou atra\u00eddo por elas, movido pela simpatia e pelo desassossego que partilhamos. Travo conhecimento com estes seres inquietos nos seus afazeres triviais e disposi\u00e7\u00f5es quotidianas, neles pressinto e tento captar a tens\u00e3o vital que \u00e9 o desejo universal pela vida e pelo sentido.\u201d<br>O seu trabalho \u00e9 exibido regularmente, em Portugal e no estrangeiro, desde 1990, participando com uma das vozes mais singulares e consistentes na compreens\u00e3o da fotografia hoje. Destacam-se as seguintes exposi\u00e7\u00f5es individuais: Guin\u00e9-Bissau 1990 (Galeria Bruno Murias, Lisboa, 2023), FEBRE (Museu de Arte Contempor\u00e2nea \u2013 Funda\u00e7\u00e3o de Serralves, Porto, 2023), CRIATURA (O Arm\u00e1rio, Lisboa, 2021), Eclipse (Galeria Bruno M\u00farias, Lisboa, 2020), White Noise (Quartel da Arte Contempor\u00e2nea de Abrantes, Cole\u00e7\u00e3o Figueiredo Ribeiro, Abrantes, 2017), Am\u00e9rica (Galeria Pedro Alfacinha, Lisboa, 2017), Suspension of Disbelief (CAV, Coimbra, 2016), Merc\u00fario (Galeria Z\u00e9 dos Bois, Lisboa, 2015) e Jap\u00e3o 1997 (Centro Cultural Vila Flor, Guimar\u00e3es, 2013).<br>\u00c9 autor de v\u00e1rios livros, entre outros: Guin\u00e9-Bissau 1990 (2023), Against the Day (2019), Japan Drug (2014), Deviation of the Sun (2013) e White Noise (2011), publicados pela Pierre von Kleist Editions.<\/p>\n<\/div>\n<\/div>\n","protected":false},"excerpt":{"rendered":"28 de novembro de 2024","protected":false},"author":5,"featured_media":32131,"comment_status":"closed","ping_status":"closed","sticky":false,"template":"","format":"standard","meta":{"multilingual_post_translation":"{\"en-GB\":{\"url\":\"https:\/\/www.ipleiria.pt\/esadcr-en\/2024\/11\/20\/open-class-antonio-julio-duarte-2\/\",\"postID\":null,\"postTitle\":\"\",\"siteID\":22,\"customURL\":true,\"languageInfo\":{\"multilingual_site_api_url\":\"https:\/\/www.ipleiria.pt\/esadcr-en\/wp-json\/\",\"name\":\"English\",\"locale\":\"en_GB\"}}}","custompostfields_banners":"","custompostfields_post-association_course-gallery":[],"custompostfields_titulo-homepage":"","custompostfields_event-date":"2024-11-20","custompostfields_event-end-date":"2024-11-20","custompostfields_front-page-gallery-thumbnails":""},"categories":[122,40],"tags":[],"_links":{"self":[{"href":"https:\/\/www.ipleiria.pt\/esadcr\/wp-json\/wp\/v2\/posts\/32129"}],"collection":[{"href":"https:\/\/www.ipleiria.pt\/esadcr\/wp-json\/wp\/v2\/posts"}],"about":[{"href":"https:\/\/www.ipleiria.pt\/esadcr\/wp-json\/wp\/v2\/types\/post"}],"author":[{"embeddable":true,"href":"https:\/\/www.ipleiria.pt\/esadcr\/wp-json\/wp\/v2\/users\/5"}],"replies":[{"embeddable":true,"href":"https:\/\/www.ipleiria.pt\/esadcr\/wp-json\/wp\/v2\/comments?post=32129"}],"version-history":[{"count":4,"href":"https:\/\/www.ipleiria.pt\/esadcr\/wp-json\/wp\/v2\/posts\/32129\/revisions"}],"predecessor-version":[{"id":32135,"href":"https:\/\/www.ipleiria.pt\/esadcr\/wp-json\/wp\/v2\/posts\/32129\/revisions\/32135"}],"wp:featuredmedia":[{"embeddable":true,"href":"https:\/\/www.ipleiria.pt\/esadcr\/wp-json\/wp\/v2\/media\/32131"}],"wp:attachment":[{"href":"https:\/\/www.ipleiria.pt\/esadcr\/wp-json\/wp\/v2\/media?parent=32129"}],"wp:term":[{"taxonomy":"category","embeddable":true,"href":"https:\/\/www.ipleiria.pt\/esadcr\/wp-json\/wp\/v2\/categories?post=32129"},{"taxonomy":"post_tag","embeddable":true,"href":"https:\/\/www.ipleiria.pt\/esadcr\/wp-json\/wp\/v2\/tags?post=32129"}],"curies":[{"name":"wp","href":"https:\/\/api.w.org\/{rel}","templated":true}]}}