{"id":33081,"date":"2025-03-05T12:33:03","date_gmt":"2025-03-05T12:33:03","guid":{"rendered":"https:\/\/www.ipleiria.pt\/esadcr\/?p=33081"},"modified":"2025-10-27T15:47:07","modified_gmt":"2025-10-27T15:47:07","slug":"mostra-filmes-cinemateca%ef%bf%bc","status":"publish","type":"post","link":"https:\/\/www.ipleiria.pt\/esadcr\/2025\/03\/05\/mostra-filmes-cinemateca%ef%bf%bc\/","title":{"rendered":"Mostra Filmes Cinemateca\ufffc"},"content":{"rendered":"\n<div class=\"wp-container-3 wp-block-columns\">\n<div class=\"wp-container-1 wp-block-column\"><\/div>\n\n\n\n<div class=\"wp-container-2 wp-block-column\">\n<h2><em>Mostra Filmes Cinemateca<\/em><\/h2>\n\n\n\n<h3>Licenciatura em Som e Imagem ESAD.CR de 2023.24<\/h3>\n\n\n\n<h4><strong>MOSTRA DE FILME<\/strong><br>07 DE MAR\u00c7O DE 2025, 21H30<br>CINEMATECA &#8211; LISBOA<\/h4>\n\n\n\n<p>Mostra de filmes finalista realizados no \u00e2mbito de Projecto Final da Licenciatura de Som e Imagem.<\/p>\n<\/div>\n<\/div>\n\n\n\n<hr class=\"wp-block-separator has-alpha-channel-opacity\"\/>\n\n\n\n<div class=\"wp-container-6 wp-block-columns\">\n<div class=\"wp-container-4 wp-block-column\">\n<div style=\"height:37px\" aria-hidden=\"true\" class=\"wp-block-spacer\"><\/div>\n\n\n\n<figure class=\"wp-block-image size-full\"><img loading=\"lazy\" width=\"720\" height=\"548\" src=\"https:\/\/www.ipleiria.pt\/esadcr\/wp-content\/uploads\/sites\/17\/2025\/03\/LT_Manta_De_Tijolos_Still_3.jpg\" alt=\"\" class=\"wp-image-33082\" srcset=\"https:\/\/www.ipleiria.pt\/esadcr\/wp-content\/uploads\/sites\/17\/2025\/03\/LT_Manta_De_Tijolos_Still_3.jpg 720w, https:\/\/www.ipleiria.pt\/esadcr\/wp-content\/uploads\/sites\/17\/2025\/03\/LT_Manta_De_Tijolos_Still_3-300x228.jpg 300w, https:\/\/www.ipleiria.pt\/esadcr\/wp-content\/uploads\/sites\/17\/2025\/03\/LT_Manta_De_Tijolos_Still_3-150x114.jpg 150w, https:\/\/www.ipleiria.pt\/esadcr\/wp-content\/uploads\/sites\/17\/2025\/03\/LT_Manta_De_Tijolos_Still_3-390x297.jpg 390w, https:\/\/www.ipleiria.pt\/esadcr\/wp-content\/uploads\/sites\/17\/2025\/03\/LT_Manta_De_Tijolos_Still_3-709x540.jpg 709w, https:\/\/www.ipleiria.pt\/esadcr\/wp-content\/uploads\/sites\/17\/2025\/03\/LT_Manta_De_Tijolos_Still_3-361x275.jpg 361w, https:\/\/www.ipleiria.pt\/esadcr\/wp-content\/uploads\/sites\/17\/2025\/03\/LT_Manta_De_Tijolos_Still_3-195x148.jpg 195w\" sizes=\"(max-width: 720px) 100vw, 720px\" \/><\/figure>\n<\/div>\n\n\n\n<div class=\"wp-container-5 wp-block-column\">\n<h3>Manta de Tijolos<\/h3>\n\n\n\n<h4>Lara Tom\u00e1s<\/h4>\n\n\n\n<p><strong>Doc<\/strong><br>No momento em que uma casa abandonada est\u00e1 prestes a ser demolida, uma fam\u00edlia confronta-se com o espa\u00e7o e as mem\u00f3rias do que outrora a\u00ed viveram.<\/p>\n<\/div>\n<\/div>\n\n\n\n<figure class=\"wp-block-embed is-type-video is-provider-youtube wp-block-embed-youtube wp-embed-aspect-16-9 wp-has-aspect-ratio\"><div class=\"wp-block-embed__wrapper\">\n<iframe loading=\"lazy\" title=\"Manta de tijolos - Trailer\" width=\"500\" height=\"281\" src=\"https:\/\/www.youtube.com\/embed\/V_D13Q2M6ME?feature=oembed\" frameborder=\"0\" allow=\"accelerometer; autoplay; clipboard-write; encrypted-media; gyroscope; picture-in-picture; web-share\" referrerpolicy=\"strict-origin-when-cross-origin\" allowfullscreen><\/iframe>\n<\/div><\/figure>\n\n\n\n<hr class=\"wp-block-separator has-alpha-channel-opacity\"\/>\n\n\n\n<div class=\"wp-container-9 wp-block-columns\">\n<div class=\"wp-container-7 wp-block-column\">\n<div style=\"height:37px\" aria-hidden=\"true\" class=\"wp-block-spacer\"><\/div>\n\n\n\n<figure class=\"wp-block-image size-full\"><img loading=\"lazy\" width=\"720\" height=\"450\" src=\"https:\/\/www.ipleiria.pt\/esadcr\/wp-content\/uploads\/sites\/17\/2025\/03\/F_Nastuasparedes_2.png\" alt=\"\" class=\"wp-image-33087\" srcset=\"https:\/\/www.ipleiria.pt\/esadcr\/wp-content\/uploads\/sites\/17\/2025\/03\/F_Nastuasparedes_2.png 720w, https:\/\/www.ipleiria.pt\/esadcr\/wp-content\/uploads\/sites\/17\/2025\/03\/F_Nastuasparedes_2-300x188.png 300w, https:\/\/www.ipleiria.pt\/esadcr\/wp-content\/uploads\/sites\/17\/2025\/03\/F_Nastuasparedes_2-150x94.png 150w, https:\/\/www.ipleiria.pt\/esadcr\/wp-content\/uploads\/sites\/17\/2025\/03\/F_Nastuasparedes_2-390x244.png 390w, https:\/\/www.ipleiria.pt\/esadcr\/wp-content\/uploads\/sites\/17\/2025\/03\/F_Nastuasparedes_2-440x275.png 440w, https:\/\/www.ipleiria.pt\/esadcr\/wp-content\/uploads\/sites\/17\/2025\/03\/F_Nastuasparedes_2-195x122.png 195w\" sizes=\"(max-width: 720px) 100vw, 720px\" \/><\/figure>\n<\/div>\n\n\n\n<div class=\"wp-container-8 wp-block-column\">\n<h3><strong>Nas tuas paredes<\/strong><\/h3>\n\n\n\n<h4>Lua Malvar<\/h4>\n\n\n\n<p><strong>Fic<\/strong><br>Dois amigos conversam num bar lisboeta, sobre assuntos que v\u00e3o desde a habita\u00e7\u00e3o ao cinema, tendo a imagina\u00e7\u00e3o como motor dessas divaga\u00e7\u00f5es.<\/p>\n<\/div>\n<\/div>\n\n\n\n<figure class=\"wp-block-embed is-type-video is-provider-youtube wp-block-embed-youtube wp-embed-aspect-16-9 wp-has-aspect-ratio\"><div class=\"wp-block-embed__wrapper\">\n<iframe loading=\"lazy\" title=\"Nas tuas paredes\" width=\"500\" height=\"281\" src=\"https:\/\/www.youtube.com\/embed\/rcFtWgZ8GkI?feature=oembed\" frameborder=\"0\" allow=\"accelerometer; autoplay; clipboard-write; encrypted-media; gyroscope; picture-in-picture; web-share\" referrerpolicy=\"strict-origin-when-cross-origin\" allowfullscreen><\/iframe>\n<\/div><\/figure>\n\n\n\n<hr class=\"wp-block-separator has-alpha-channel-opacity\"\/>\n\n\n\n<div class=\"wp-container-12 wp-block-columns\">\n<div class=\"wp-container-10 wp-block-column\">\n<div style=\"height:37px\" aria-hidden=\"true\" class=\"wp-block-spacer\"><\/div>\n\n\n\n<figure class=\"wp-block-image size-full\"><img loading=\"lazy\" width=\"720\" height=\"450\" src=\"https:\/\/www.ipleiria.pt\/esadcr\/wp-content\/uploads\/sites\/17\/2025\/03\/SP_2.png\" alt=\"\" class=\"wp-image-33088\" srcset=\"https:\/\/www.ipleiria.pt\/esadcr\/wp-content\/uploads\/sites\/17\/2025\/03\/SP_2.png 720w, https:\/\/www.ipleiria.pt\/esadcr\/wp-content\/uploads\/sites\/17\/2025\/03\/SP_2-300x188.png 300w, https:\/\/www.ipleiria.pt\/esadcr\/wp-content\/uploads\/sites\/17\/2025\/03\/SP_2-150x94.png 150w, https:\/\/www.ipleiria.pt\/esadcr\/wp-content\/uploads\/sites\/17\/2025\/03\/SP_2-390x244.png 390w, https:\/\/www.ipleiria.pt\/esadcr\/wp-content\/uploads\/sites\/17\/2025\/03\/SP_2-440x275.png 440w, https:\/\/www.ipleiria.pt\/esadcr\/wp-content\/uploads\/sites\/17\/2025\/03\/SP_2-195x122.png 195w\" sizes=\"(max-width: 720px) 100vw, 720px\" \/><\/figure>\n<\/div>\n\n\n\n<div class=\"wp-container-11 wp-block-column\">\n<h3><strong>Sarilhos Pequenos<\/strong><\/h3>\n\n\n\n<h4>Diogo Pinheiro<\/h4>\n\n\n\n<p><strong>Doc<\/strong><br>Um arquivo familiar emocional, atrav\u00e9s da recolha de fragmentos, na tentativa arqueol\u00f3gica de se fazer um filme.<\/p>\n<\/div>\n<\/div>\n\n\n\n<hr class=\"wp-block-separator has-alpha-channel-opacity\"\/>\n\n\n\n<div class=\"wp-container-15 wp-block-columns\">\n<div class=\"wp-container-13 wp-block-column\">\n<div style=\"height:37px\" aria-hidden=\"true\" class=\"wp-block-spacer\"><\/div>\n\n\n\n<figure class=\"wp-block-image size-full\"><img loading=\"lazy\" width=\"720\" height=\"540\" src=\"https:\/\/www.ipleiria.pt\/esadcr\/wp-content\/uploads\/sites\/17\/2025\/03\/5.jpg\" alt=\"\" class=\"wp-image-33089\" srcset=\"https:\/\/www.ipleiria.pt\/esadcr\/wp-content\/uploads\/sites\/17\/2025\/03\/5.jpg 720w, https:\/\/www.ipleiria.pt\/esadcr\/wp-content\/uploads\/sites\/17\/2025\/03\/5-300x225.jpg 300w, https:\/\/www.ipleiria.pt\/esadcr\/wp-content\/uploads\/sites\/17\/2025\/03\/5-150x113.jpg 150w, https:\/\/www.ipleiria.pt\/esadcr\/wp-content\/uploads\/sites\/17\/2025\/03\/5-390x293.jpg 390w, https:\/\/www.ipleiria.pt\/esadcr\/wp-content\/uploads\/sites\/17\/2025\/03\/5-367x275.jpg 367w, https:\/\/www.ipleiria.pt\/esadcr\/wp-content\/uploads\/sites\/17\/2025\/03\/5-195x146.jpg 195w\" sizes=\"(max-width: 720px) 100vw, 720px\" \/><\/figure>\n<\/div>\n\n\n\n<div class=\"wp-container-14 wp-block-column\">\n<h3><strong>Terra inc\u00f3gnita<\/strong><\/h3>\n\n\n\n<h4>Beatriz Carvalho<\/h4>\n\n\n\n<p><strong>Doc<\/strong><br>Um \u00e1lbum de fotografias, com um sete gravado na lombada, encontra-se esquecido numa gaveta, j\u00e1 h\u00e1 muito fechada. Essa gaveta \u00e9 aberta e numa tentativa de questionar e perceber essas imagens presas no passado, e tudo o que delas emana, \u00e9 iniciada uma viagem pelas pessoas e pelos lugares nunca antes esquecidos.<\/p>\n<\/div>\n<\/div>\n\n\n\n<figure class=\"wp-block-embed is-type-video is-provider-youtube wp-block-embed-youtube wp-embed-aspect-4-3 wp-has-aspect-ratio\"><div class=\"wp-block-embed__wrapper\">\n<iframe loading=\"lazy\" title=\"Terra inc\u00f3gnita - Trailer\" width=\"500\" height=\"375\" src=\"https:\/\/www.youtube.com\/embed\/PwDbQDHwxsg?feature=oembed\" frameborder=\"0\" allow=\"accelerometer; autoplay; clipboard-write; encrypted-media; gyroscope; picture-in-picture; web-share\" referrerpolicy=\"strict-origin-when-cross-origin\" allowfullscreen><\/iframe>\n<\/div><\/figure>\n\n\n\n<hr class=\"wp-block-separator has-alpha-channel-opacity\"\/>\n\n\n\n<div class=\"wp-container-18 wp-block-columns\">\n<div class=\"wp-container-16 wp-block-column\">\n<div style=\"height:37px\" aria-hidden=\"true\" class=\"wp-block-spacer\"><\/div>\n\n\n\n<figure class=\"wp-block-image size-full\"><img loading=\"lazy\" width=\"720\" height=\"405\" src=\"https:\/\/www.ipleiria.pt\/esadcr\/wp-content\/uploads\/sites\/17\/2025\/03\/Captura-de-ecra\u0303-2025-01-17-145707.png\" alt=\"\" class=\"wp-image-33090\" srcset=\"https:\/\/www.ipleiria.pt\/esadcr\/wp-content\/uploads\/sites\/17\/2025\/03\/Captura-de-ecra\u0303-2025-01-17-145707.png 720w, https:\/\/www.ipleiria.pt\/esadcr\/wp-content\/uploads\/sites\/17\/2025\/03\/Captura-de-ecra\u0303-2025-01-17-145707-300x169.png 300w, https:\/\/www.ipleiria.pt\/esadcr\/wp-content\/uploads\/sites\/17\/2025\/03\/Captura-de-ecra\u0303-2025-01-17-145707-150x84.png 150w, https:\/\/www.ipleiria.pt\/esadcr\/wp-content\/uploads\/sites\/17\/2025\/03\/Captura-de-ecra\u0303-2025-01-17-145707-390x219.png 390w, https:\/\/www.ipleiria.pt\/esadcr\/wp-content\/uploads\/sites\/17\/2025\/03\/Captura-de-ecra\u0303-2025-01-17-145707-489x275.png 489w, https:\/\/www.ipleiria.pt\/esadcr\/wp-content\/uploads\/sites\/17\/2025\/03\/Captura-de-ecra\u0303-2025-01-17-145707-195x110.png 195w\" sizes=\"(max-width: 720px) 100vw, 720px\" \/><\/figure>\n<\/div>\n\n\n\n<div class=\"wp-container-17 wp-block-column\">\n<h3><strong>A Casa da Vit\u00f3ria<\/strong><\/h3>\n\n\n\n<h4>Ema Canelas \/Carolina Santos<\/h4>\n\n\n\n<p><strong>Fic<\/strong><br>&#8220;Vit\u00f3ria, como de costume, mergulha no seu mundo de fantasia, transportando-nos para uma aventura dentro da sua casa de bonecas.&nbsp;<br>As personagens, extravagantes, caricatas que nela habitam, despertam em Vit\u00f3ria vontade de explorar as suas diferen\u00e7as, resultando num conflito que n\u00e3o cabe \u00e0s bonecas resolver. &#8220;<\/p>\n<\/div>\n<\/div>\n\n\n\n<figure class=\"wp-block-embed is-type-video is-provider-youtube wp-block-embed-youtube wp-embed-aspect-16-9 wp-has-aspect-ratio\"><div class=\"wp-block-embed__wrapper\">\n<iframe loading=\"lazy\" title=\"A casa da Vit\u00f3ria - Trailer\" width=\"500\" height=\"281\" src=\"https:\/\/www.youtube.com\/embed\/QGLGt2DRx_I?feature=oembed\" frameborder=\"0\" allow=\"accelerometer; autoplay; clipboard-write; encrypted-media; gyroscope; picture-in-picture; web-share\" referrerpolicy=\"strict-origin-when-cross-origin\" allowfullscreen><\/iframe>\n<\/div><\/figure>\n","protected":false},"excerpt":{"rendered":"Licenciatura de Som e Imagem","protected":false},"author":5,"featured_media":33096,"comment_status":"closed","ping_status":"closed","sticky":false,"template":"","format":"standard","meta":{"multilingual_post_translation":"","custompostfields_banners":"","custompostfields_post-association_course-gallery":[],"custompostfields_titulo-homepage":"","custompostfields_event-date":"2025-03-05","custompostfields_event-end-date":"2025-03-05","custompostfields_front-page-gallery-thumbnails":""},"categories":[122,40,1],"tags":[],"_links":{"self":[{"href":"https:\/\/www.ipleiria.pt\/esadcr\/wp-json\/wp\/v2\/posts\/33081"}],"collection":[{"href":"https:\/\/www.ipleiria.pt\/esadcr\/wp-json\/wp\/v2\/posts"}],"about":[{"href":"https:\/\/www.ipleiria.pt\/esadcr\/wp-json\/wp\/v2\/types\/post"}],"author":[{"embeddable":true,"href":"https:\/\/www.ipleiria.pt\/esadcr\/wp-json\/wp\/v2\/users\/5"}],"replies":[{"embeddable":true,"href":"https:\/\/www.ipleiria.pt\/esadcr\/wp-json\/wp\/v2\/comments?post=33081"}],"version-history":[{"count":18,"href":"https:\/\/www.ipleiria.pt\/esadcr\/wp-json\/wp\/v2\/posts\/33081\/revisions"}],"predecessor-version":[{"id":33106,"href":"https:\/\/www.ipleiria.pt\/esadcr\/wp-json\/wp\/v2\/posts\/33081\/revisions\/33106"}],"wp:featuredmedia":[{"embeddable":true,"href":"https:\/\/www.ipleiria.pt\/esadcr\/wp-json\/wp\/v2\/media\/33096"}],"wp:attachment":[{"href":"https:\/\/www.ipleiria.pt\/esadcr\/wp-json\/wp\/v2\/media?parent=33081"}],"wp:term":[{"taxonomy":"category","embeddable":true,"href":"https:\/\/www.ipleiria.pt\/esadcr\/wp-json\/wp\/v2\/categories?post=33081"},{"taxonomy":"post_tag","embeddable":true,"href":"https:\/\/www.ipleiria.pt\/esadcr\/wp-json\/wp\/v2\/tags?post=33081"}],"curies":[{"name":"wp","href":"https:\/\/api.w.org\/{rel}","templated":true}]}}