{"id":33170,"date":"2025-05-11T15:25:44","date_gmt":"2025-05-11T15:25:44","guid":{"rendered":"https:\/\/www.ipleiria.pt\/esadcr\/?p=33170"},"modified":"2025-10-27T15:49:45","modified_gmt":"2025-10-27T15:49:45","slug":"ciclo-de-cinema-indie-lisboa","status":"publish","type":"post","link":"https:\/\/www.ipleiria.pt\/esadcr\/2025\/05\/11\/ciclo-de-cinema-indie-lisboa\/","title":{"rendered":"Ciclo de Cinema &#8211; Indie Lisboa"},"content":{"rendered":"\n<div class=\"wp-container-3 wp-block-columns\">\n<div class=\"wp-container-1 wp-block-column\">\n<div style=\"height:37px\" aria-hidden=\"true\" class=\"wp-block-spacer\"><\/div>\n\n\n\n<figure class=\"wp-block-image size-full\"><img loading=\"lazy\" width=\"720\" height=\"900\" src=\"https:\/\/www.ipleiria.pt\/esadcr\/wp-content\/uploads\/sites\/17\/2025\/03\/Cartaz-Geral-Impulso-x-Indie_G.png\" alt=\"\" class=\"wp-image-33171\" srcset=\"https:\/\/www.ipleiria.pt\/esadcr\/wp-content\/uploads\/sites\/17\/2025\/03\/Cartaz-Geral-Impulso-x-Indie_G.png 720w, https:\/\/www.ipleiria.pt\/esadcr\/wp-content\/uploads\/sites\/17\/2025\/03\/Cartaz-Geral-Impulso-x-Indie_G-240x300.png 240w, https:\/\/www.ipleiria.pt\/esadcr\/wp-content\/uploads\/sites\/17\/2025\/03\/Cartaz-Geral-Impulso-x-Indie_G-120x150.png 120w, https:\/\/www.ipleiria.pt\/esadcr\/wp-content\/uploads\/sites\/17\/2025\/03\/Cartaz-Geral-Impulso-x-Indie_G-300x375.png 300w, https:\/\/www.ipleiria.pt\/esadcr\/wp-content\/uploads\/sites\/17\/2025\/03\/Cartaz-Geral-Impulso-x-Indie_G-312x390.png 312w, https:\/\/www.ipleiria.pt\/esadcr\/wp-content\/uploads\/sites\/17\/2025\/03\/Cartaz-Geral-Impulso-x-Indie_G-432x540.png 432w, https:\/\/www.ipleiria.pt\/esadcr\/wp-content\/uploads\/sites\/17\/2025\/03\/Cartaz-Geral-Impulso-x-Indie_G-220x275.png 220w, https:\/\/www.ipleiria.pt\/esadcr\/wp-content\/uploads\/sites\/17\/2025\/03\/Cartaz-Geral-Impulso-x-Indie_G-156x195.png 156w\" sizes=\"(max-width: 720px) 100vw, 720px\" \/><\/figure>\n<\/div>\n\n\n\n<div class=\"wp-container-2 wp-block-column\">\n<h2><em>Ciclo de Cinema &#8211; Indie Lisboa X MASI X Cineclub CR X Impulso<\/em><\/h2>\n\n\n\n<h3>Licenciatura em Som e Imagem e Mestrado em Artes do Som e da Imagem<\/h3>\n\n\n\n<h4><strong>MOSTRA DE FILMES<\/strong><br>MAR\u00c7O A JUNHO DE 2025<br>ESAD.CR<\/h4>\n\n\n\n<p>Ter\u00e1 in\u00edcio, esta quarta-feira, um conjunto de sess\u00f5es de cinema propostas pelo Festival Impulso em colabora\u00e7\u00e3o com o IndieLisboa, o Mestrado em Artes do Som e da Imagem, a Licenciatura em Som e Imagem, da&nbsp;ESAD.CR, e o&nbsp;CineClube.CR. Sob o mote &#8220;curtas \u00e0 conversa\u2026&#8221; as sess\u00f5es que comp\u00f5em este programa p\u00f5em lado a lado filmes que passaram pelo IndieLisboa em diferentes edi\u00e7\u00f5es, e filmes de jovens realizadores portugueses, sugeridos pelos programadores do Cineclube e que dialogam com temas do nosso presente. As reflex\u00f5es suscitadas pelos filmes sobre quest\u00f5es culturais, raciais, sociais, ou pol\u00edticas, da crise na habita\u00e7\u00e3o \u00e0 causa palestiniana e a formas de opress\u00e3o no M\u00e9dio Oriente, passando pela l\u00f3gica das identidades e a sua cr\u00edtica, ser\u00e3o prolongadas por conversas entre os realizadores e outros convidados que abordar\u00e3o as ideias trazidas pelos filmes.&nbsp;<\/p>\n\n\n\n<p><strong>Contamos com a vossa presen\u00e7a!<\/strong><\/p>\n<\/div>\n<\/div>\n\n\n\n<hr class=\"wp-block-separator has-alpha-channel-opacity\"\/>\n\n\n\n<div class=\"wp-container-6 wp-block-columns\">\n<div class=\"wp-container-4 wp-block-column\">\n<div style=\"height:37px\" aria-hidden=\"true\" class=\"wp-block-spacer\"><\/div>\n\n\n\n<figure class=\"wp-block-image size-full\"><img loading=\"lazy\" width=\"720\" height=\"900\" src=\"https:\/\/www.ipleiria.pt\/esadcr\/wp-content\/uploads\/sites\/17\/2025\/05\/Cartaz-Individual-21-de-Maio_site-1.png\" alt=\"\" class=\"wp-image-33945\" srcset=\"https:\/\/www.ipleiria.pt\/esadcr\/wp-content\/uploads\/sites\/17\/2025\/05\/Cartaz-Individual-21-de-Maio_site-1.png 720w, https:\/\/www.ipleiria.pt\/esadcr\/wp-content\/uploads\/sites\/17\/2025\/05\/Cartaz-Individual-21-de-Maio_site-1-240x300.png 240w, https:\/\/www.ipleiria.pt\/esadcr\/wp-content\/uploads\/sites\/17\/2025\/05\/Cartaz-Individual-21-de-Maio_site-1-120x150.png 120w, https:\/\/www.ipleiria.pt\/esadcr\/wp-content\/uploads\/sites\/17\/2025\/05\/Cartaz-Individual-21-de-Maio_site-1-300x375.png 300w, https:\/\/www.ipleiria.pt\/esadcr\/wp-content\/uploads\/sites\/17\/2025\/05\/Cartaz-Individual-21-de-Maio_site-1-312x390.png 312w, https:\/\/www.ipleiria.pt\/esadcr\/wp-content\/uploads\/sites\/17\/2025\/05\/Cartaz-Individual-21-de-Maio_site-1-432x540.png 432w, https:\/\/www.ipleiria.pt\/esadcr\/wp-content\/uploads\/sites\/17\/2025\/05\/Cartaz-Individual-21-de-Maio_site-1-220x275.png 220w, https:\/\/www.ipleiria.pt\/esadcr\/wp-content\/uploads\/sites\/17\/2025\/05\/Cartaz-Individual-21-de-Maio_site-1-156x195.png 156w\" sizes=\"(max-width: 720px) 100vw, 720px\" \/><\/figure>\n<\/div>\n\n\n\n<div class=\"wp-container-5 wp-block-column\">\n<h2><em>Jabal<\/em><\/h2>\n\n\n\n<h3>Zayd Lahhman<\/h3>\n\n\n\n<h2><em>Hero\u00edsmo<\/em><\/h2>\n\n\n\n<h3>Helena Vasconcelos<\/h3>\n\n\n\n<h4><strong>MOSTRA DE FILMES<\/strong><br>21 DE MAIO DE 2025, 18H30<br>AUDIT\u00d3RIO DO EP.1 &#8211; ESAD.CR<\/h4>\n\n\n\n<h5>Conversa com:<\/h5>\n\n\n\n<h3>Dima Mohammed<\/h3>\n\n\n\n<p><strong>Dima Mohammed<\/strong> \u00e9 uma investigadora especializada em argumenta\u00e7\u00e3o pol\u00edtica, professora de Comunica\u00e7\u00e3o na NOVA FCSH e coordenadora do ArgLab. O seu trabalho de investiga\u00e7\u00e3o est\u00e1 centrado na complexidade do debate pol\u00edtico p\u00fablico e no desafio que esta complexidade coloca \u00e0 compreens\u00e3o da estrat\u00e9gia e da racionalidade dos debates argumentativos. Com um foco na gest\u00e3o discursiva do desacordo, o seu trabalho engloba uma grande variedade de contextos: debates parlamentares (Reino Unido, Uni\u00e3o Europeia e Portugal), discursos presidenciais (EUA), social media e discuss\u00f5es p\u00fablicas durante a Primavera \u00c1rabe. Dima Mohammed j\u00e1 deu aulas sobre argumenta\u00e7\u00e3o pol\u00edtica em diversas institui\u00e7\u00f5es em Portugal, na Su\u00ed\u00e7a, no Canad\u00e1 e na Palestina. \u00c9 membro fundador da Confer\u00eancia Europeia de Argumenta\u00e7\u00e3o (ECA) e \u00e9 tamb\u00e9m membro de v\u00e1rios pain\u00e9is de prestigiadas associa\u00e7\u00f5es e revistas acad\u00e9micas tais como a Association for Informal Logic &amp; Critical Thinking (AILACT), o Journal of Argumentation in Context, Argumentation and Advocacy, entre outras.<\/p>\n<\/div>\n<\/div>\n\n\n\n<hr class=\"wp-block-separator has-alpha-channel-opacity\"\/>\n\n\n\n<div class=\"wp-container-9 wp-block-columns\">\n<div class=\"wp-container-7 wp-block-column\">\n<div style=\"height:37px\" aria-hidden=\"true\" class=\"wp-block-spacer\"><\/div>\n\n\n\n<figure class=\"wp-block-image size-full\"><img loading=\"lazy\" width=\"720\" height=\"900\" src=\"https:\/\/www.ipleiria.pt\/esadcr\/wp-content\/uploads\/sites\/17\/2025\/05\/Cartaz-Individual-7-de-Maio.png\" alt=\"\" class=\"wp-image-33946\" srcset=\"https:\/\/www.ipleiria.pt\/esadcr\/wp-content\/uploads\/sites\/17\/2025\/05\/Cartaz-Individual-7-de-Maio.png 720w, https:\/\/www.ipleiria.pt\/esadcr\/wp-content\/uploads\/sites\/17\/2025\/05\/Cartaz-Individual-7-de-Maio-240x300.png 240w, https:\/\/www.ipleiria.pt\/esadcr\/wp-content\/uploads\/sites\/17\/2025\/05\/Cartaz-Individual-7-de-Maio-120x150.png 120w, https:\/\/www.ipleiria.pt\/esadcr\/wp-content\/uploads\/sites\/17\/2025\/05\/Cartaz-Individual-7-de-Maio-300x375.png 300w, https:\/\/www.ipleiria.pt\/esadcr\/wp-content\/uploads\/sites\/17\/2025\/05\/Cartaz-Individual-7-de-Maio-312x390.png 312w, https:\/\/www.ipleiria.pt\/esadcr\/wp-content\/uploads\/sites\/17\/2025\/05\/Cartaz-Individual-7-de-Maio-432x540.png 432w, https:\/\/www.ipleiria.pt\/esadcr\/wp-content\/uploads\/sites\/17\/2025\/05\/Cartaz-Individual-7-de-Maio-220x275.png 220w, https:\/\/www.ipleiria.pt\/esadcr\/wp-content\/uploads\/sites\/17\/2025\/05\/Cartaz-Individual-7-de-Maio-156x195.png 156w\" sizes=\"(max-width: 720px) 100vw, 720px\" \/><\/figure>\n<\/div>\n\n\n\n<div class=\"wp-container-8 wp-block-column\">\n<h2><em>Amor, Avenidas Novas<\/em><\/h2>\n\n\n\n<h3>Duarte Coimbra<\/h3>\n\n\n\n<h2><em>Escasso<\/em><\/h2>\n\n\n\n<h3>Gabriela Meirelles, Clara Anast\u00e1cia<\/h3>\n\n\n\n<h4><strong>MOSTRA DE FILMES<\/strong><br>7 DE MAIO DE 2025, 18H30<br>AUDIT\u00d3RIO DO EP.1 &#8211; ESAD.CR<\/h4>\n\n\n\n<h5>Conversa com:<\/h5>\n\n\n\n<h3>Guya Accornero e Duarte Coimbra<\/h3>\n\n\n\n<p><strong>Guya Accornero<\/strong>, professora Auxiliar em Ci\u00eancia Pol\u00edtica no Iscte-IUL e investigadora integrada no CIES-Iscte. Foi coordenadora do projeto &#8216;HOPES: Housing Perspectives and Struggles. Futures of housing movements, policies and dynamics in Lisbon and beyond (2018-2022, FCT, PTDC\/GES-URB\/28826\/2017) e \u00e9 co-chair da Research Network Movimentos Sociais do Council of European Studies. As suas \u00e1reas de investiga\u00e7\u00e3o s\u00e3o os movimentos sociais, com especial interesse para os processos de radicaliza\u00e7\u00e3o pol\u00edtica, o papel do protesto na mudan\u00e7a pol\u00edtica, o ativismo digital, a gentrifica\u00e7\u00e3o e os movimentos pelo direito \u00e0 habita\u00e7\u00e3o.<\/p>\n\n\n\n<p><strong>Duarte Coimbra <\/strong>nasceu em Lisboa no ano de 1996. Especializou-se, em 2017, no ramo de realiza\u00e7\u00e3o, na Escola Superior de Teatro e Cinema.<br>Trabalhou como anotador e assistente de realiza\u00e7\u00e3o de filmes de Maria In\u00eas Gon\u00e7alves, Frederico Mesquita, Pedro Ramalhete, Paolo Marinou-Blanco, M\u00f3nica Lima, Jo\u00e3o Martinho, Filipa Reis, Jo\u00e3o Miller Guerra, Gregor Valentovic e David Pinheiro Vicente. Realizou v\u00eddeos-musicais para os m\u00fasicos Lu\u00eds Severo, Primeira Dama, Maria Reis e Catarina Branco.<br>\u201cAmor, Avenidas Novas\u201d (2018), produzido em contexto escolar, \u00e9 o seu primeiro filme como realizador e teve a sua estreia internacional na Semana da Cr\u00edtica do Festival de Cannes.<br>\u201cO Filme Feliz :)\u201d \u00e9 o seu novo filme. A convite do Batalha Centro de Cinema prepara uma curta-metragem em volta d&#8217;Os Amigos de Gaspar (RTP), enquanto tamb\u00e9m est\u00e1 a desenvolver a sua primeira longa-metragem \u201cBeijinhos Infinitos\u201d.<\/p>\n<\/div>\n<\/div>\n\n\n\n<hr class=\"wp-block-separator has-alpha-channel-opacity\"\/>\n\n\n\n<div class=\"wp-container-12 wp-block-columns\">\n<div class=\"wp-container-10 wp-block-column\">\n<div style=\"height:37px\" aria-hidden=\"true\" class=\"wp-block-spacer\"><\/div>\n\n\n\n<figure class=\"wp-block-image size-full\"><img loading=\"lazy\" width=\"720\" height=\"900\" src=\"https:\/\/www.ipleiria.pt\/esadcr\/wp-content\/uploads\/sites\/17\/2025\/03\/Cartaz-Individual-26-de-Marc\u0327oG.png\" alt=\"\" class=\"wp-image-33172\" srcset=\"https:\/\/www.ipleiria.pt\/esadcr\/wp-content\/uploads\/sites\/17\/2025\/03\/Cartaz-Individual-26-de-Marc\u0327oG.png 720w, https:\/\/www.ipleiria.pt\/esadcr\/wp-content\/uploads\/sites\/17\/2025\/03\/Cartaz-Individual-26-de-Marc\u0327oG-240x300.png 240w, https:\/\/www.ipleiria.pt\/esadcr\/wp-content\/uploads\/sites\/17\/2025\/03\/Cartaz-Individual-26-de-Marc\u0327oG-120x150.png 120w, https:\/\/www.ipleiria.pt\/esadcr\/wp-content\/uploads\/sites\/17\/2025\/03\/Cartaz-Individual-26-de-Marc\u0327oG-300x375.png 300w, https:\/\/www.ipleiria.pt\/esadcr\/wp-content\/uploads\/sites\/17\/2025\/03\/Cartaz-Individual-26-de-Marc\u0327oG-312x390.png 312w, https:\/\/www.ipleiria.pt\/esadcr\/wp-content\/uploads\/sites\/17\/2025\/03\/Cartaz-Individual-26-de-Marc\u0327oG-432x540.png 432w, https:\/\/www.ipleiria.pt\/esadcr\/wp-content\/uploads\/sites\/17\/2025\/03\/Cartaz-Individual-26-de-Marc\u0327oG-220x275.png 220w, https:\/\/www.ipleiria.pt\/esadcr\/wp-content\/uploads\/sites\/17\/2025\/03\/Cartaz-Individual-26-de-Marc\u0327oG-156x195.png 156w\" sizes=\"(max-width: 720px) 100vw, 720px\" \/><\/figure>\n<\/div>\n\n\n\n<div class=\"wp-container-11 wp-block-column\">\n<h2><em>Pixel Frio<\/em><\/h2>\n\n\n\n<h3>Rodrigo Areias<\/h3>\n\n\n\n<h2><em>A Minha Raiva \u00e9 Underground<\/em><\/h2>\n\n\n\n<h3>Francisca Antunes<\/h3>\n\n\n\n<h4><strong>MOSTRA DE FILMES<\/strong><br>26 DE MAR\u00c7O DE 2025, 18H30<br>AUDIT\u00d3RIO DO EP.1 &#8211; ESAD.CR<\/h4>\n\n\n\n<p>Nesta primeira sess\u00e3o traremos \u00e0&nbsp;ESAD.CR&nbsp;os filmes &#8220;Pixel Frio&#8221; de Rodrigo Areias e &#8220;A Minha Raiva \u00e9 Underground&#8221; de Francisca Antunes, que estar\u00e1 \u00e0 conversa com a programadora e escritora Marta Lan\u00e7a.&#8221;<\/p>\n\n\n\n<p><strong>Marta Lan\u00e7a <\/strong>\u00e9 jornalista, programadora, tradutora, escritora e editora. \u00c9 licenciada em Estudos Portugueses, e doutoranda em Estudos Art\u00edsticos na FCSH-UNL. Criou as publica\u00e7\u00f5es independentes: \u00abV-ludo\u00bb, \u00abD\u00e1 Fala\u00bb, \u00abJogos Sem Fronteiras\u00bb. Desde 2010, \u00e9 editora da plataforma digital BUALA.&#8221;<\/p>\n<\/div>\n<\/div>\n","protected":false},"excerpt":{"rendered":"mar\u00e7o a junho de 2025","protected":false},"author":5,"featured_media":33173,"comment_status":"closed","ping_status":"closed","sticky":false,"template":"","format":"standard","meta":{"multilingual_post_translation":"","custompostfields_banners":"","custompostfields_post-association_course-gallery":[],"custompostfields_titulo-homepage":"","custompostfields_event-date":"2025-03-21","custompostfields_event-end-date":"2025-03-21","custompostfields_front-page-gallery-thumbnails":""},"categories":[122,40],"tags":[],"_links":{"self":[{"href":"https:\/\/www.ipleiria.pt\/esadcr\/wp-json\/wp\/v2\/posts\/33170"}],"collection":[{"href":"https:\/\/www.ipleiria.pt\/esadcr\/wp-json\/wp\/v2\/posts"}],"about":[{"href":"https:\/\/www.ipleiria.pt\/esadcr\/wp-json\/wp\/v2\/types\/post"}],"author":[{"embeddable":true,"href":"https:\/\/www.ipleiria.pt\/esadcr\/wp-json\/wp\/v2\/users\/5"}],"replies":[{"embeddable":true,"href":"https:\/\/www.ipleiria.pt\/esadcr\/wp-json\/wp\/v2\/comments?post=33170"}],"version-history":[{"count":10,"href":"https:\/\/www.ipleiria.pt\/esadcr\/wp-json\/wp\/v2\/posts\/33170\/revisions"}],"predecessor-version":[{"id":33948,"href":"https:\/\/www.ipleiria.pt\/esadcr\/wp-json\/wp\/v2\/posts\/33170\/revisions\/33948"}],"wp:featuredmedia":[{"embeddable":true,"href":"https:\/\/www.ipleiria.pt\/esadcr\/wp-json\/wp\/v2\/media\/33173"}],"wp:attachment":[{"href":"https:\/\/www.ipleiria.pt\/esadcr\/wp-json\/wp\/v2\/media?parent=33170"}],"wp:term":[{"taxonomy":"category","embeddable":true,"href":"https:\/\/www.ipleiria.pt\/esadcr\/wp-json\/wp\/v2\/categories?post=33170"},{"taxonomy":"post_tag","embeddable":true,"href":"https:\/\/www.ipleiria.pt\/esadcr\/wp-json\/wp\/v2\/tags?post=33170"}],"curies":[{"name":"wp","href":"https:\/\/api.w.org\/{rel}","templated":true}]}}