{"id":33293,"date":"2025-04-01T17:22:49","date_gmt":"2025-04-01T17:22:49","guid":{"rendered":"https:\/\/www.ipleiria.pt\/esadcr\/?p=33293"},"modified":"2025-08-04T08:34:19","modified_gmt":"2025-08-04T08:34:19","slug":"aula-aberta-madalena-folgado","status":"publish","type":"post","link":"https:\/\/www.ipleiria.pt\/esadcr\/2025\/04\/01\/aula-aberta-madalena-folgado\/","title":{"rendered":"Aula Aberta &#8211; Madalena Folgado"},"content":{"rendered":"\n<div class=\"wp-container-3 wp-block-columns\">\n<div class=\"wp-container-1 wp-block-column\">\n<div style=\"height:37px\" aria-hidden=\"true\" class=\"wp-block-spacer\"><\/div>\n\n\n\n<figure class=\"wp-block-image size-full\"><img loading=\"lazy\" width=\"720\" height=\"960\" src=\"https:\/\/www.ipleiria.pt\/esadcr\/wp-content\/uploads\/sites\/17\/2025\/04\/ATLAS_TERRITO\u0301RIO-MUSICAL_p.jpg\" alt=\"\" class=\"wp-image-33294\" srcset=\"https:\/\/www.ipleiria.pt\/esadcr\/wp-content\/uploads\/sites\/17\/2025\/04\/ATLAS_TERRITO\u0301RIO-MUSICAL_p.jpg 720w, https:\/\/www.ipleiria.pt\/esadcr\/wp-content\/uploads\/sites\/17\/2025\/04\/ATLAS_TERRITO\u0301RIO-MUSICAL_p-225x300.jpg 225w, https:\/\/www.ipleiria.pt\/esadcr\/wp-content\/uploads\/sites\/17\/2025\/04\/ATLAS_TERRITO\u0301RIO-MUSICAL_p-113x150.jpg 113w, https:\/\/www.ipleiria.pt\/esadcr\/wp-content\/uploads\/sites\/17\/2025\/04\/ATLAS_TERRITO\u0301RIO-MUSICAL_p-300x400.jpg 300w, https:\/\/www.ipleiria.pt\/esadcr\/wp-content\/uploads\/sites\/17\/2025\/04\/ATLAS_TERRITO\u0301RIO-MUSICAL_p-293x390.jpg 293w, https:\/\/www.ipleiria.pt\/esadcr\/wp-content\/uploads\/sites\/17\/2025\/04\/ATLAS_TERRITO\u0301RIO-MUSICAL_p-405x540.jpg 405w, https:\/\/www.ipleiria.pt\/esadcr\/wp-content\/uploads\/sites\/17\/2025\/04\/ATLAS_TERRITO\u0301RIO-MUSICAL_p-206x275.jpg 206w, https:\/\/www.ipleiria.pt\/esadcr\/wp-content\/uploads\/sites\/17\/2025\/04\/ATLAS_TERRITO\u0301RIO-MUSICAL_p-146x195.jpg 146w\" sizes=\"(max-width: 720px) 100vw, 720px\" \/><\/figure>\n<\/div>\n\n\n\n<div class=\"wp-container-2 wp-block-column\">\n<h2><em>Uma abordagem em torno de Escultura Social<\/em><\/h2>\n\n\n\n<h3>Madalena Folgado<\/h3>\n\n\n\n<h4><strong>AULA ABERTA<\/strong><br>8 DE ABRIL DE 2025, 10H<br>AUDIT\u00d3RIO DO EP1 &#8211; ESAD.CR<\/h4>\n\n\n\n<p>Apresenta-se um projeto de Arte e Sociedade intitulado UM ATLAS COM CAMINHOS PARA QUE O MUNDO N\u00c3O SE FECHE, com dire\u00e7\u00e3o art\u00edstica de Madalena Folgado, como um exemplo que investiga uma dimens\u00e3o social, entendida como escultura social, termo cunhado por Joseph Beuys. Esta apresenta\u00e7\u00e3o recai no desdobramento do termo gen\u00e9rico Arte P\u00fablica para discutir estrat\u00e9gias de rela\u00e7\u00e3o com p\u00fablicos atrav\u00e9s de a\u00e7\u00f5es art\u00edsticas e de objetos de arte. Madalena Folgado apresentar\u00e1 e discutir\u00e1 com os alunos a sua pr\u00f3pria forma de construir estrat\u00e9gias relacionais. UM ATLAS COM CAMINHOS PARA QUE O MUNDO N\u00c3O SE FECHE \u00e9 um projeto financiado pela DGARTES.<\/p>\n\n\n\n<p><strong>Madalena Folgado<\/strong> (1980) \u00e9 mestre em arquitetura pela Faculdade de Arquitetura e Artes da Universidade Lus\u00edada de Lisboa, investigadora do CITAD, LIDA e Centro de Investiga\u00e7\u00e3o Joaquim Ver\u00edssimo Serr\u00e3o. A sua abordagem de investiga\u00e7\u00e3o fenomenol\u00f3gica f\u00ea-la, desde 2014, deslocar-se organicamente para contextos passiveis de acolher processualidades h\u00edbridas, constelares ou anacr\u00f3nicas, com potencial performativo emergente. Neste sentido, fez parte do coletivo Os Espacialistas, com trabalho situado entre a arquitetura e arte contempor\u00e2nea e educa\u00e7\u00e3o, at\u00e9 2019, destacando-se o projeto Loja do Espacialista com lugar no CCB, integrado no \u00e2mbito da s\u00e9rie documental Atelier d\u2019Arquitetura, apresentada na RTP2 (2018) e co-direc\u00e7\u00e3o com Tadashi Kawamata do workshop dirigido a artistas e arquitetos, para a cria\u00e7\u00e3o da pe\u00e7a \u201cOverflow\u201d no MAAT (2018). No mesmo colectivo desenvolveu colaborativamente v\u00e1rias resid\u00eancias e oficinas art\u00edsticas co criativas. \u00c9 atualmente editora de arquitetura da ARTECAPITAL, cujo projeto editorial se centra na abertura da arquitetura ao cruzamento disciplinar, por via do habitar enquanto sin\u00f3nimo de Ser, promovendo deste modo o retorno do entendimento da arquitetura enquanto projeto colectivo de destina\u00e7\u00e3o (Est)\u00e9tica. Tem vindo a publicar regularmente ensaios, colaborado em livros e cat\u00e1logos de artistas, destacando-se \u201cVicente o mito em Lisboa\u201d (2019) ou \u201cQuatro Paredes de \u00c1gua (2021) \u2014 C\u00e9sar Barrio\u201d, feito curadoria independente enquanto pr\u00e1tica h\u00edbrida e de cria\u00e7\u00e3o de campos de v\u00ednculo, nomeadamente Caixa Negra (2020); Maria Mendon\u00e7a \u2014 curation and images tessellation (2021-2023). Tem tamb\u00e9m apresentando v\u00e1rias comunica\u00e7\u00f5es e palestras dando a ver o acontecer das constela\u00e7\u00f5es \u2013 enquanto acontecimentos figurativos do Ser. E\u00b4 co-autora com Maria Mendon\u00e7a do Livro de Artista de montagem TESSITURA (2023). Conta com cerca de 60 textos publicados. Encontra-se a desenvolver o projeto UM ATLAS COM CAMINHOS PARA QUE O MUNDO N\u00c3O SE FECHE, apoiado pela DG Artes.<\/p>\n<\/div>\n<\/div>\n\n\n\n<figure class=\"wp-container-5 wp-block-gallery-4 wp-block-gallery alignfull has-nested-images columns-default is-cropped\">\n<figure class=\"wp-block-image size-large\"><img loading=\"lazy\" width=\"960\" height=\"640\" data-id=\"33392\"  src=\"https:\/\/www.ipleiria.pt\/esadcr\/wp-content\/uploads\/sites\/17\/2025\/04\/25_04_Madalena_Folgado-13.jpg\" alt=\"\" class=\"wp-image-33392\" srcset=\"https:\/\/www.ipleiria.pt\/esadcr\/wp-content\/uploads\/sites\/17\/2025\/04\/25_04_Madalena_Folgado-13.jpg 960w, https:\/\/www.ipleiria.pt\/esadcr\/wp-content\/uploads\/sites\/17\/2025\/04\/25_04_Madalena_Folgado-13-300x200.jpg 300w, https:\/\/www.ipleiria.pt\/esadcr\/wp-content\/uploads\/sites\/17\/2025\/04\/25_04_Madalena_Folgado-13-150x100.jpg 150w, https:\/\/www.ipleiria.pt\/esadcr\/wp-content\/uploads\/sites\/17\/2025\/04\/25_04_Madalena_Folgado-13-768x512.jpg 768w, https:\/\/www.ipleiria.pt\/esadcr\/wp-content\/uploads\/sites\/17\/2025\/04\/25_04_Madalena_Folgado-13-390x260.jpg 390w, https:\/\/www.ipleiria.pt\/esadcr\/wp-content\/uploads\/sites\/17\/2025\/04\/25_04_Madalena_Folgado-13-810x540.jpg 810w, https:\/\/www.ipleiria.pt\/esadcr\/wp-content\/uploads\/sites\/17\/2025\/04\/25_04_Madalena_Folgado-13-413x275.jpg 413w, https:\/\/www.ipleiria.pt\/esadcr\/wp-content\/uploads\/sites\/17\/2025\/04\/25_04_Madalena_Folgado-13-195x130.jpg 195w\" sizes=\"(max-width: 960px) 100vw, 960px\" \/><\/figure>\n\n\n\n<figure class=\"wp-block-image size-large\"><img loading=\"lazy\" width=\"960\" height=\"640\" data-id=\"33391\"  src=\"https:\/\/www.ipleiria.pt\/esadcr\/wp-content\/uploads\/sites\/17\/2025\/04\/25_04_Madalena_Folgado-22.jpg\" alt=\"\" class=\"wp-image-33391\" srcset=\"https:\/\/www.ipleiria.pt\/esadcr\/wp-content\/uploads\/sites\/17\/2025\/04\/25_04_Madalena_Folgado-22.jpg 960w, https:\/\/www.ipleiria.pt\/esadcr\/wp-content\/uploads\/sites\/17\/2025\/04\/25_04_Madalena_Folgado-22-300x200.jpg 300w, https:\/\/www.ipleiria.pt\/esadcr\/wp-content\/uploads\/sites\/17\/2025\/04\/25_04_Madalena_Folgado-22-150x100.jpg 150w, https:\/\/www.ipleiria.pt\/esadcr\/wp-content\/uploads\/sites\/17\/2025\/04\/25_04_Madalena_Folgado-22-768x512.jpg 768w, https:\/\/www.ipleiria.pt\/esadcr\/wp-content\/uploads\/sites\/17\/2025\/04\/25_04_Madalena_Folgado-22-390x260.jpg 390w, https:\/\/www.ipleiria.pt\/esadcr\/wp-content\/uploads\/sites\/17\/2025\/04\/25_04_Madalena_Folgado-22-810x540.jpg 810w, https:\/\/www.ipleiria.pt\/esadcr\/wp-content\/uploads\/sites\/17\/2025\/04\/25_04_Madalena_Folgado-22-413x275.jpg 413w, https:\/\/www.ipleiria.pt\/esadcr\/wp-content\/uploads\/sites\/17\/2025\/04\/25_04_Madalena_Folgado-22-195x130.jpg 195w\" sizes=\"(max-width: 960px) 100vw, 960px\" \/><\/figure>\n<\/figure>\n","protected":false},"excerpt":{"rendered":"8 de abril de 2025","protected":false},"author":5,"featured_media":33295,"comment_status":"closed","ping_status":"closed","sticky":false,"template":"","format":"standard","meta":{"multilingual_post_translation":"{\"en-GB\":{\"url\":\"https:\/\/www.ipleiria.pt\/esadcr-en\/2025\/04\/01\/open-class-madalena-folgado\/\",\"postID\":null,\"postTitle\":\"\",\"siteID\":22,\"customURL\":true,\"languageInfo\":{\"multilingual_site_api_url\":\"https:\/\/www.ipleiria.pt\/esadcr-en\/wp-json\/\",\"name\":\"English\",\"locale\":\"en_GB\"}}}","custompostfields_banners":"","custompostfields_post-association_course-gallery":[],"custompostfields_titulo-homepage":"","custompostfields_event-date":"2025-04-01","custompostfields_event-end-date":"2025-04-01","custompostfields_front-page-gallery-thumbnails":""},"categories":[122,40],"tags":[],"_links":{"self":[{"href":"https:\/\/www.ipleiria.pt\/esadcr\/wp-json\/wp\/v2\/posts\/33293"}],"collection":[{"href":"https:\/\/www.ipleiria.pt\/esadcr\/wp-json\/wp\/v2\/posts"}],"about":[{"href":"https:\/\/www.ipleiria.pt\/esadcr\/wp-json\/wp\/v2\/types\/post"}],"author":[{"embeddable":true,"href":"https:\/\/www.ipleiria.pt\/esadcr\/wp-json\/wp\/v2\/users\/5"}],"replies":[{"embeddable":true,"href":"https:\/\/www.ipleiria.pt\/esadcr\/wp-json\/wp\/v2\/comments?post=33293"}],"version-history":[{"count":6,"href":"https:\/\/www.ipleiria.pt\/esadcr\/wp-json\/wp\/v2\/posts\/33293\/revisions"}],"predecessor-version":[{"id":33394,"href":"https:\/\/www.ipleiria.pt\/esadcr\/wp-json\/wp\/v2\/posts\/33293\/revisions\/33394"}],"wp:featuredmedia":[{"embeddable":true,"href":"https:\/\/www.ipleiria.pt\/esadcr\/wp-json\/wp\/v2\/media\/33295"}],"wp:attachment":[{"href":"https:\/\/www.ipleiria.pt\/esadcr\/wp-json\/wp\/v2\/media?parent=33293"}],"wp:term":[{"taxonomy":"category","embeddable":true,"href":"https:\/\/www.ipleiria.pt\/esadcr\/wp-json\/wp\/v2\/categories?post=33293"},{"taxonomy":"post_tag","embeddable":true,"href":"https:\/\/www.ipleiria.pt\/esadcr\/wp-json\/wp\/v2\/tags?post=33293"}],"curies":[{"name":"wp","href":"https:\/\/api.w.org\/{rel}","templated":true}]}}