{"id":33905,"date":"2025-05-11T12:24:44","date_gmt":"2025-05-11T12:24:44","guid":{"rendered":"https:\/\/www.ipleiria.pt\/esadcr\/?p=33905"},"modified":"2025-08-04T09:16:46","modified_gmt":"2025-08-04T09:16:46","slug":"conferencia-janneke-brouwers%ef%bf%bc","status":"publish","type":"post","link":"https:\/\/www.ipleiria.pt\/esadcr\/2025\/05\/11\/conferencia-janneke-brouwers%ef%bf%bc\/","title":{"rendered":"Confer\u00eancia &#8211; Janneke Brouwers\ufffc"},"content":{"rendered":"\n<div class=\"wp-container-3 wp-block-columns\">\n<div class=\"wp-container-1 wp-block-column\">\n<div style=\"height:37px\" aria-hidden=\"true\" class=\"wp-block-spacer\"><\/div>\n\n\n\n<figure class=\"wp-block-image size-full\"><img loading=\"lazy\" width=\"720\" height=\"881\" src=\"https:\/\/www.ipleiria.pt\/esadcr\/wp-content\/uploads\/sites\/17\/2025\/05\/imagem-Anna-den-drijver.png\" alt=\"\" class=\"wp-image-33906\" srcset=\"https:\/\/www.ipleiria.pt\/esadcr\/wp-content\/uploads\/sites\/17\/2025\/05\/imagem-Anna-den-drijver.png 720w, https:\/\/www.ipleiria.pt\/esadcr\/wp-content\/uploads\/sites\/17\/2025\/05\/imagem-Anna-den-drijver-245x300.png 245w, https:\/\/www.ipleiria.pt\/esadcr\/wp-content\/uploads\/sites\/17\/2025\/05\/imagem-Anna-den-drijver-123x150.png 123w, https:\/\/www.ipleiria.pt\/esadcr\/wp-content\/uploads\/sites\/17\/2025\/05\/imagem-Anna-den-drijver-300x367.png 300w, https:\/\/www.ipleiria.pt\/esadcr\/wp-content\/uploads\/sites\/17\/2025\/05\/imagem-Anna-den-drijver-319x390.png 319w, https:\/\/www.ipleiria.pt\/esadcr\/wp-content\/uploads\/sites\/17\/2025\/05\/imagem-Anna-den-drijver-441x540.png 441w, https:\/\/www.ipleiria.pt\/esadcr\/wp-content\/uploads\/sites\/17\/2025\/05\/imagem-Anna-den-drijver-225x275.png 225w, https:\/\/www.ipleiria.pt\/esadcr\/wp-content\/uploads\/sites\/17\/2025\/05\/imagem-Anna-den-drijver-159x195.png 159w\" sizes=\"(max-width: 720px) 100vw, 720px\" \/><\/figure>\n<\/div>\n\n\n\n<div class=\"wp-container-2 wp-block-column\">\n<h2><em>Pensamento Criativo e Inova\u00e7\u00e3o Social<\/em><\/h2>\n\n\n\n<h3>Janneke Brouwers<\/h3>\n\n\n\n<h4><strong>CONFER\u00caNCIA<\/strong><br>20 DE MAIO DE 2025, 17:30H<br>SALA 33 DO EP1 &#8211; ESAD.CR<\/h4>\n\n\n\n<p>Nesta confer\u00eancia, Janneke Brouwers ir\u00e1 explorar o potencial do pensamento criativo como ferramenta de transforma\u00e7\u00e3o social. A partir da sua experi\u00eancia como docente e mentora em contextos art\u00edsticos e institucionais, prop\u00f5e uma abordagem pr\u00e1tica e inspiradora \u00e0 inova\u00e7\u00e3o social, cruzando design thinking, processos colaborativos e desenvolvimento humano. Ser\u00e3o apresentados exemplos concretos de projetos que aliam criatividade e impacto comunit\u00e1rio, com especial enfoque em como ativar redes de afeto, imagina\u00e7\u00e3o e responsabilidade dentro das estruturas educativas e culturais.<\/p>\n\n\n\n<p><strong>Janneke Brouwers<\/strong><br><em>Ao longo dos anos, desenvolvi-me nas \u00e1reas do pensamento criativo, identidade de marca e inova\u00e7\u00e3o (social). Atualmente, acompanho estudantes na explora\u00e7\u00e3o da interse\u00e7\u00e3o entre arte, neg\u00f3cios e desafios sociais. Neste momento, com um foco especial no bem-estar, na lideran\u00e7a pessoal e na identidade visual.<\/em><\/p>\n\n\n\n<p><em>&#8220;Acredito que a capacidade de empatizar connosco pr\u00f3prios e com os outros \u00e9 uma compet\u00eancia humana essencial para o trabalho criativo orientado para o futuro.&#8221;<br>Uma oficina sobre criatividade, empatia e conex\u00e3o humana.<\/em><\/p>\n\n\n\n<p><strong>Janneke Brouwers<\/strong> \u00e9 coordenadora de curso, docente e coach na HKU \u2013 Universidade das Artes de Utrecht, nos Pa\u00edses Baixos, onde leciona na licenciatura em Arte e Economia. Com um percurso transdisciplinar entre o design estrat\u00e9gico, a inova\u00e7\u00e3o social e o coaching de talentos, trabalhou durante mais de uma d\u00e9cada em institui\u00e7\u00f5es como a Avans Hogeschool, o ArtEZ Institute of the Arts e a Coaching Academy International. \u00c9 especialista em pensamento criativo, design thinking, bem-estar no contexto educativo e inova\u00e7\u00e3o aplicada a processos de mudan\u00e7a. O seu trabalho combina pr\u00e1ticas de desenvolvimento pessoal com metodologias participativas e experimenta\u00e7\u00e3o art\u00edstica.<\/p>\n<\/div>\n<\/div>\n","protected":false},"excerpt":{"rendered":"20 de maio de 2025","protected":false},"author":5,"featured_media":33907,"comment_status":"closed","ping_status":"closed","sticky":false,"template":"","format":"standard","meta":{"multilingual_post_translation":"","custompostfields_banners":"","custompostfields_post-association_course-gallery":[],"custompostfields_titulo-homepage":"","custompostfields_event-date":"2025-05-14","custompostfields_event-end-date":"2025-05-14","custompostfields_front-page-gallery-thumbnails":""},"categories":[122,40],"tags":[],"_links":{"self":[{"href":"https:\/\/www.ipleiria.pt\/esadcr\/wp-json\/wp\/v2\/posts\/33905"}],"collection":[{"href":"https:\/\/www.ipleiria.pt\/esadcr\/wp-json\/wp\/v2\/posts"}],"about":[{"href":"https:\/\/www.ipleiria.pt\/esadcr\/wp-json\/wp\/v2\/types\/post"}],"author":[{"embeddable":true,"href":"https:\/\/www.ipleiria.pt\/esadcr\/wp-json\/wp\/v2\/users\/5"}],"replies":[{"embeddable":true,"href":"https:\/\/www.ipleiria.pt\/esadcr\/wp-json\/wp\/v2\/comments?post=33905"}],"version-history":[{"count":4,"href":"https:\/\/www.ipleiria.pt\/esadcr\/wp-json\/wp\/v2\/posts\/33905\/revisions"}],"predecessor-version":[{"id":34772,"href":"https:\/\/www.ipleiria.pt\/esadcr\/wp-json\/wp\/v2\/posts\/33905\/revisions\/34772"}],"wp:featuredmedia":[{"embeddable":true,"href":"https:\/\/www.ipleiria.pt\/esadcr\/wp-json\/wp\/v2\/media\/33907"}],"wp:attachment":[{"href":"https:\/\/www.ipleiria.pt\/esadcr\/wp-json\/wp\/v2\/media?parent=33905"}],"wp:term":[{"taxonomy":"category","embeddable":true,"href":"https:\/\/www.ipleiria.pt\/esadcr\/wp-json\/wp\/v2\/categories?post=33905"},{"taxonomy":"post_tag","embeddable":true,"href":"https:\/\/www.ipleiria.pt\/esadcr\/wp-json\/wp\/v2\/tags?post=33905"}],"curies":[{"name":"wp","href":"https:\/\/api.w.org\/{rel}","templated":true}]}}