{"id":34302,"date":"2025-06-11T08:56:11","date_gmt":"2025-06-11T08:56:11","guid":{"rendered":"https:\/\/www.ipleiria.pt\/esadcr\/?p=34302"},"modified":"2025-10-27T15:53:06","modified_gmt":"2025-10-27T15:53:06","slug":"bolsa-de-criacao-da-rama-2025","status":"publish","type":"post","link":"https:\/\/www.ipleiria.pt\/esadcr\/2025\/06\/11\/bolsa-de-criacao-da-rama-2025\/","title":{"rendered":"Bolsa de Cria\u00e7\u00e3o da RAMA 2025"},"content":{"rendered":"\n<div class=\"wp-container-3 wp-block-columns\">\n<div class=\"wp-container-1 wp-block-column\">\n<div style=\"height:37px\" aria-hidden=\"true\" class=\"wp-block-spacer\"><\/div>\n\n\n\n<figure class=\"wp-block-image size-full\"><img loading=\"lazy\" width=\"720\" height=\"900\" src=\"https:\/\/www.ipleiria.pt\/esadcr\/wp-content\/uploads\/sites\/17\/2025\/06\/BOLSA-CMTV2024_cposter_site.png\" alt=\"\" class=\"wp-image-34303\" srcset=\"https:\/\/www.ipleiria.pt\/esadcr\/wp-content\/uploads\/sites\/17\/2025\/06\/BOLSA-CMTV2024_cposter_site.png 720w, https:\/\/www.ipleiria.pt\/esadcr\/wp-content\/uploads\/sites\/17\/2025\/06\/BOLSA-CMTV2024_cposter_site-240x300.png 240w, https:\/\/www.ipleiria.pt\/esadcr\/wp-content\/uploads\/sites\/17\/2025\/06\/BOLSA-CMTV2024_cposter_site-120x150.png 120w, https:\/\/www.ipleiria.pt\/esadcr\/wp-content\/uploads\/sites\/17\/2025\/06\/BOLSA-CMTV2024_cposter_site-300x375.png 300w, https:\/\/www.ipleiria.pt\/esadcr\/wp-content\/uploads\/sites\/17\/2025\/06\/BOLSA-CMTV2024_cposter_site-312x390.png 312w, https:\/\/www.ipleiria.pt\/esadcr\/wp-content\/uploads\/sites\/17\/2025\/06\/BOLSA-CMTV2024_cposter_site-432x540.png 432w, https:\/\/www.ipleiria.pt\/esadcr\/wp-content\/uploads\/sites\/17\/2025\/06\/BOLSA-CMTV2024_cposter_site-220x275.png 220w, https:\/\/www.ipleiria.pt\/esadcr\/wp-content\/uploads\/sites\/17\/2025\/06\/BOLSA-CMTV2024_cposter_site-156x195.png 156w\" sizes=\"(max-width: 720px) 100vw, 720px\" \/><\/figure>\n<\/div>\n\n\n\n<div class=\"wp-container-2 wp-block-column\">\n<h2><strong><em>Bolsa de cria\u00e7\u00e3o \u201cTerrit\u00f3rio \u2013 Comunidade \u2013 Sustentabilidade\u201d 2025<\/em><\/strong><\/h2>\n\n\n\n<h4><strong>Regulamento<\/strong><\/h4>\n\n\n\n<p>A Bolsa de cria\u00e7\u00e3o da C\u00e2mara Municipal de Torres Vedras, para o apoio \u00e0 nova cria\u00e7\u00e3o e \u00e0 promo\u00e7\u00e3o da arte contempor\u00e2nea, tem por objetivo envolver as\/os alunos da ESAD.CR, Escola Superior de Artes e Design das Caldas da Rainha, com temas relacionados com a sustentabilidade e o conhecimento do territ\u00f3rio do Concelho de Torres Vedras, o patrim\u00f3nio, a cultura e a comunidade.<\/p>\n\n\n\n<p><strong>Esta Bolsa destina-se a alunas\/os finalistas de mestrado que frequentem a ESAD.CR durante o ano letivo 2024\/2025.<\/strong><\/p>\n\n\n\n<p>\u00c9 selecionada\/o uma\/um candidata\/o para frequentar as Resid\u00eancias Art\u00edsticas da RAMA- Resid\u00eancias Art\u00edsticas, durante tr\u00eas meses, de 1 de Julho a 30 de Setembro de 2025 e a participar numa exposi\u00e7\u00e3o final com o projeto realizado no \u00e2mbito da Resid\u00eancia, na Pa\u00e7os &#8211; Galeria Municipal de Torres Vedras.<\/p>\n\n\n\n<p>As candidaturas devem ser apresentadas at\u00e9 \u00e0s 24 horas do dia 18 de Junho de 2025, a\/o candidata\/o selecionado \u00e9 anunciado no dia 20 de Junho de 2025.<\/p>\n\n\n\n<p>As\/os artistas dever\u00e3o apresentar a candidatura em formato digital no qual ter\u00e1 de constar: Curriculum Vitae, um m\u00e1ximo de 10 imagens do trabalho e uma carta de inten\u00e7\u00f5es com os motivos da candidatura para uma resid\u00eancia na RAMA \u2013 Resid\u00eancias Art\u00edsticas que tem na sua miss\u00e3o como principais preocupa\u00e7\u00f5es a sustentabilidade, a rela\u00e7\u00e3o com a comunidade e a valoriza\u00e7\u00e3o do territ\u00f3rio.<\/p>\n\n\n\n<p>A entrega dos portfolios e documentos dever\u00e1 realizar-se por via eletr\u00f3nica, para o endere\u00e7o <strong>rama.maceira@gmail.com<\/strong>, indicado no an\u00fancio p\u00fablico e no site da RAMA.<\/p>\n\n\n\n<p>O n\u00e3o cumprimento deste Regulamento implica a n\u00e3o aceita\u00e7\u00e3o da candidatura.<\/p>\n\n\n\n<p>A organiza\u00e7\u00e3o da Bolsa reserva-se o direito de, a qualquer momento, solicitar informa\u00e7\u00f5es adicionais ou esclarecimentos aos artistas candidatos.<\/p>\n\n\n\n<p>A\/o candidata\/o selecionado ser\u00e1 informado pessoalmente pelo j\u00fari da Bolsa e o seu nome \u00e9 tornado p\u00fablico atrav\u00e9s do site da RAMA, e em publica\u00e7\u00f5es nas redes sociais da C\u00e2mara Municipal de Torres Vedras, da ESAD.CR e da RAMA.<\/p>\n\n\n\n<p>A\/o candidata\/o selecionado, receber\u00e1 uma Bolsa para frequentar a Resid\u00eancia Art\u00edstica da RAMA durante tr\u00eas meses, com in\u00edcio a 1 de Julho at\u00e9 30 de Setembro de 2025, que engloba o alojamento no espa\u00e7o da RAMA, em quarto individual e utiliza\u00e7\u00e3o de espa\u00e7os comuns e \u00e1rea de trabalho em atelier partilhado e equipado com mobili\u00e1rio, equipamentos v\u00eddeo, \u00e1udio, e ferramentas; bem como a participa\u00e7\u00e3o no programa de tutorias e studio visits com a equipa da Rama e com convidadas\/os.<\/p>\n\n\n\n<p>O trabalho desenvolvido pela\/o artista durante a Resid\u00eancia \u00e9 acompanhado por tutorias com a curadora da RAMA Ana Anacleto, pelo coordenador da RAMA, o artista Paulo Brighenti e por artistas convidados.<\/p>\n\n\n\n<p>A\/o bolseiro recebe 450\u20ac (quatrocentos e cinquenta euros) para alimenta\u00e7\u00e3o e desloca\u00e7\u00f5es e 1200\u20ac (mil e duzentos euros) para despesas de produ\u00e7\u00e3o de trabalho art\u00edstico;<\/p>\n\n\n\n<p>O programa da Bolsa culmina com a exposi\u00e7\u00e3o do projeto desenvolvido durante a Resid\u00eancia, na Pa\u00e7os &#8211; Galeria Municipal, Torres Vedras, incluindo cat\u00e1logo, texto e curadoria pela curadora da RAMA, Ana Anacleto (data sujeita a confirma\u00e7\u00e3o).<\/p>\n\n\n\n<p>Durante a exposi\u00e7\u00e3o s\u00e3o organizadas visitas e conversas com a\/o bolseiro, a curadora Ana Anacleto e convidadas\/os.<\/p>\n\n\n\n<p>No dia da inaugura\u00e7\u00e3o da exposi\u00e7\u00e3o, a\/o artista e a curadora oferecem uma visita guiada e uma conversa com os p\u00fablicos da galeria.<\/p>\n\n\n\n<p>Ser\u00e1 editado um cat\u00e1logo da exposi\u00e7\u00e3o com a reprodu\u00e7\u00e3o das obras da\/do bolseiro e informa\u00e7\u00e3o sobre as suas pesquisas realizadas na Resid\u00eancia Art\u00edstica e um texto da curadora Ana Anacleto.<\/p>\n\n\n\n<p>Em data a anunciar, \u00e9 organizado um encontro na Galeria Pa\u00e7os, para uma conversa presencial, gravada e transmitida online entre a\/o artista bolseiro e a curadora Ana Anacleto sobre o projeto e a exposi\u00e7\u00e3o.<\/p>\n\n\n\n<p>Ser\u00e1 colocado no website da RAMA, na p\u00e1gina Artistas Residentes, a biografia e a obra da\/o artista, incluindo uma grava\u00e7\u00e3o do testemunho da\/o bolseiro sobre a sua experi\u00eancia durante a Resid\u00eancia.<\/p>\n\n\n\n<p>O J\u00fari de Sele\u00e7\u00e3o \u00e9 composto por 3 (tr\u00eas) elementos, Ana Jo\u00e3o Romana Coordenadora do Curso de Mestrado em Artes Pl\u00e1sticas da ESAD.CR, Catarina Sobreiro, Chefe da Divis\u00e3o de Cultura, Patrim\u00f3nio Cultural e Turismo da C\u00e2mara Municipal de Torres Vedras, Ana Anacleto Curadora da Rama.<\/p>\n\n\n\n<p>As decis\u00f5es do J\u00fari n\u00e3o s\u00e3o pass\u00edveis de qualquer apelo ou recurso. Ser\u00e1 lavrada uma ata da reuni\u00e3o do j\u00fari.<\/p>\n\n\n\n<p>A\/o artista autoriza a C\u00e2mara Municipal de Torres Vedras e a RAMA, sem qualquer contrapartida, com car\u00e1ter n\u00e3o exclusivo e por tempo ilimitado, divulgar, publicar, utilizar e reproduzir imagens das obras que integram a exposi\u00e7\u00e3o nos seus cat\u00e1logos institucionais, ou em outros suportes de divulga\u00e7\u00e3o, sem necessidade de comunica\u00e7\u00e3o pr\u00e9via.<\/p>\n\n\n\n<p>Em caso de d\u00favidas sobre o Regulamento, dever\u00e1 contactar a organiza\u00e7\u00e3o atrav\u00e9s do email <strong>rama.maceira@gmail.com<\/strong>.<\/p>\n<\/div>\n<\/div>\n","protected":false},"excerpt":{"rendered":"Candidaturas at\u00e9 18 de junho de 2025","protected":false},"author":5,"featured_media":34304,"comment_status":"closed","ping_status":"closed","sticky":false,"template":"","format":"standard","meta":{"multilingual_post_translation":"","custompostfields_banners":"","custompostfields_post-association_course-gallery":[],"custompostfields_titulo-homepage":"","custompostfields_event-date":"2025-06-13","custompostfields_event-end-date":"2025-06-13","custompostfields_front-page-gallery-thumbnails":""},"categories":[122,40],"tags":[],"_links":{"self":[{"href":"https:\/\/www.ipleiria.pt\/esadcr\/wp-json\/wp\/v2\/posts\/34302"}],"collection":[{"href":"https:\/\/www.ipleiria.pt\/esadcr\/wp-json\/wp\/v2\/posts"}],"about":[{"href":"https:\/\/www.ipleiria.pt\/esadcr\/wp-json\/wp\/v2\/types\/post"}],"author":[{"embeddable":true,"href":"https:\/\/www.ipleiria.pt\/esadcr\/wp-json\/wp\/v2\/users\/5"}],"replies":[{"embeddable":true,"href":"https:\/\/www.ipleiria.pt\/esadcr\/wp-json\/wp\/v2\/comments?post=34302"}],"version-history":[{"count":4,"href":"https:\/\/www.ipleiria.pt\/esadcr\/wp-json\/wp\/v2\/posts\/34302\/revisions"}],"predecessor-version":[{"id":35297,"href":"https:\/\/www.ipleiria.pt\/esadcr\/wp-json\/wp\/v2\/posts\/34302\/revisions\/35297"}],"wp:featuredmedia":[{"embeddable":true,"href":"https:\/\/www.ipleiria.pt\/esadcr\/wp-json\/wp\/v2\/media\/34304"}],"wp:attachment":[{"href":"https:\/\/www.ipleiria.pt\/esadcr\/wp-json\/wp\/v2\/media?parent=34302"}],"wp:term":[{"taxonomy":"category","embeddable":true,"href":"https:\/\/www.ipleiria.pt\/esadcr\/wp-json\/wp\/v2\/categories?post=34302"},{"taxonomy":"post_tag","embeddable":true,"href":"https:\/\/www.ipleiria.pt\/esadcr\/wp-json\/wp\/v2\/tags?post=34302"}],"curies":[{"name":"wp","href":"https:\/\/api.w.org\/{rel}","templated":true}]}}