{"id":34412,"date":"2025-06-29T16:29:05","date_gmt":"2025-06-29T16:29:05","guid":{"rendered":"https:\/\/www.ipleiria.pt\/esadcr\/?p=34412"},"modified":"2026-01-16T09:31:58","modified_gmt":"2026-01-16T09:31:58","slug":"chamada-de-trabalhos-jornal-its-a-duck-10","status":"publish","type":"post","link":"https:\/\/www.ipleiria.pt\/esadcr\/2025\/06\/29\/chamada-de-trabalhos-jornal-its-a-duck-10\/","title":{"rendered":"JORNAL IT\u2019S A DUCK 10"},"content":{"rendered":"\n<div class=\"wp-container-3 wp-block-columns\">\n<div class=\"wp-container-1 wp-block-column\">\n<div style=\"height:37px\" aria-hidden=\"true\" class=\"wp-block-spacer\"><\/div>\n\n\n\n<figure class=\"wp-block-image size-large\"><img loading=\"lazy\" width=\"708\" height=\"1415\" src=\"https:\/\/www.ipleiria.pt\/esadcr\/wp-content\/uploads\/sites\/17\/2025\/07\/chamada-de-trabalhos2024_25_site_interior-708x1415.png\" alt=\"\" class=\"wp-image-34413\" srcset=\"https:\/\/www.ipleiria.pt\/esadcr\/wp-content\/uploads\/sites\/17\/2025\/07\/chamada-de-trabalhos2024_25_site_interior-708x1415.png 708w, https:\/\/www.ipleiria.pt\/esadcr\/wp-content\/uploads\/sites\/17\/2025\/07\/chamada-de-trabalhos2024_25_site_interior-150x300.png 150w, https:\/\/www.ipleiria.pt\/esadcr\/wp-content\/uploads\/sites\/17\/2025\/07\/chamada-de-trabalhos2024_25_site_interior-75x150.png 75w, https:\/\/www.ipleiria.pt\/esadcr\/wp-content\/uploads\/sites\/17\/2025\/07\/chamada-de-trabalhos2024_25_site_interior-210x420.png 210w, https:\/\/www.ipleiria.pt\/esadcr\/wp-content\/uploads\/sites\/17\/2025\/07\/chamada-de-trabalhos2024_25_site_interior-195x390.png 195w, https:\/\/www.ipleiria.pt\/esadcr\/wp-content\/uploads\/sites\/17\/2025\/07\/chamada-de-trabalhos2024_25_site_interior-270x540.png 270w, https:\/\/www.ipleiria.pt\/esadcr\/wp-content\/uploads\/sites\/17\/2025\/07\/chamada-de-trabalhos2024_25_site_interior-138x275.png 138w, https:\/\/www.ipleiria.pt\/esadcr\/wp-content\/uploads\/sites\/17\/2025\/07\/chamada-de-trabalhos2024_25_site_interior-98x195.png 98w, https:\/\/www.ipleiria.pt\/esadcr\/wp-content\/uploads\/sites\/17\/2025\/07\/chamada-de-trabalhos2024_25_site_interior.png 720w\" sizes=\"(max-width: 708px) 100vw, 708px\" \/><\/figure>\n<\/div>\n\n\n\n<div class=\"wp-container-2 wp-block-column\">\n<h2><em>JORNAL, if it walks like a duck and it talks like a duck it\u2019s a duck<\/em><\/h2>\n\n\n\n<h3><strong>CHAMADA&nbsp;DE&nbsp;TRABALHOS<\/strong><\/h3>\n\n\n\n<p><strong>JORNAL, if it walks like a duck and it talks like a duck it\u2019s a duck<\/strong> \u00e9 uma publica\u00e7\u00e3o peri\u00f3dica dedicada aos livros de artista e \u00e0 edi\u00e7\u00e3o independente. Visa divulgar a produ\u00e7\u00e3o cient\u00edfica acerca do que designamos como edi\u00e7\u00e3o de autor, e fomentar a colabora\u00e7\u00e3o entre artistas, editores e investigadores, estudantes e professores, que produzam ou que se debrucem sobre estes objectos, ou que estudem assuntos afins.&nbsp; A origem de Jornal, If it walks like a duck and it talks like a duck it\u2019s a duck tem como refer\u00eancia dois projectos editoriais desenvolvidos por escolas de refer\u00eancia, como o Journal of Artists\u2019 Books[1] (ed. Columbia College Chicago) e Sans Niveau Ni Metre[2] (Cabinet du Livre d\u2019Artiste\/Universidade Rennes 2).<\/p>\n\n\n\n<p><a rel=\"noreferrer noopener\" href=\"https:\/\/www.jornalitsaduck.pt\/\" target=\"_blank\">https:\/\/www.jornalitsaduck.pt\/<\/a><\/p>\n\n\n\n<h4><strong>Pr\u00e1ticas de Escuta como Ecologias Vision\u00e1rias<\/strong><br><strong><em>Listening Practices as Visionary Ecologies<\/em><\/strong><\/h4>\n\n\n\n<p>O que \u00e9 escutar? Escutar n\u00e3o \u00e9 apenas recep\u00e7\u00e3o passiva dos sinais sonoros do mundo e dos seres. \u00c9 uma rela\u00e7\u00e3o sens\u00edvel com o mundo e uma experi\u00eancia multidimensional de sensorialidade ext\u00e1tica e incarnada. Escutar \u00e9 entrar em conex\u00e3o com o mundo-mais-que-humano e expandir uma senci\u00eancia alargada, que nos coloca nos fluxos e refluxos dos entrela\u00e7amentos de entes viventes que se afectam mutuamente, que vibram e ressoam entre si. Escutar n\u00e3o \u00e9 apenas notar ou observar: \u00e9 uma pr\u00e1tica atencional implicada e sustentada, uma forma de sentir ampliante, que conecta o pensamento e a imagina\u00e7\u00e3o com a pulsa\u00e7\u00e3o da vida-em-movimento, em incessante transforma\u00e7\u00e3o. Escutar abre formas de conhecimento \u00fanicas, intuitivas e reciprocantes. A recetividade radical da escuta \u00e9 um gesto de aten\u00e7\u00e3o a exercitar e a afinar, uma aprendizagem infinita do diverso e do m\u00faltiplo co-habitante do planeta.&nbsp;<\/p>\n\n\n\n<p>A escuta radical como pr\u00e1tica podia ser o nome de um gesto de aten\u00e7\u00e3o ecossist\u00e9mica, uma forma de cuidado e considera\u00e7\u00e3o do mundo, profundamente transformadora e empenhada em imaginar outras formas de cohabita\u00e7\u00e3o eco-pol\u00edtica e de vida-em-colabora\u00e7\u00e3o. Escutar \u00e9 a afina\u00e7\u00e3o e a acuidade do modo ext\u00e1tico e alargado de consci\u00eancia, no qual cada ser e cada coisa s\u00e3o voz e presen\u00e7a, com os quais estamos em comunidade e em cont\u00ednua resson\u00e2ncia. Escutar, como uma pr\u00e1tica de senci\u00eancia alargada, promove formas in\u00e9ditas reconhecimento da diferen\u00e7a e da alteridade, de repara\u00e7\u00e3o e cuidado, uma escuta radical como pr\u00e1tica de reimagina\u00e7\u00e3o cosmopo\u00e9tica e pedagogia experimental do viver, em busca de outro modos de fazer comunidade e de entrar em resson\u00e2ncia. Escutar e ser escutado \u00e9 sempre encontro e liga\u00e7\u00e3o,&nbsp; desenha politicamente pr\u00e1ticas emancipat\u00f3rias e antag\u00f3nicas, alinhadas com uma \u00e9tica da resist\u00eancia e uma po\u00e9tica da hospitalidade face \u00e0 perpetua\u00e7\u00e3o das formas de injusti\u00e7a social do Capitaloceno. A escuta radical como ac\u00e7\u00e3o de conex\u00e3o com os territ\u00f3rios eco-ac\u00fasticos do presente e com as micro-paisagens sonoras da Terra, reconecta os humanos com o mais-que-humano, com a teia das vidas e o mundo dos elementares. Recombinando escritas ecopo\u00e9ticas e formas de pensamento especulativo, fic\u00e7\u00e3o e document\u00e1rio, poesia e cr\u00edtica, as artes e o pensamento conhecem renovadas alian\u00e7as e florescimentos inauditos, companheirismo inter-esp\u00e9cies in\u00e9ditos.<\/p>\n\n\n\n<p>Num mundo cada vez complexo e polarizado, atravessado por fracturas agravadas e zonas sinistradas, a escuta \u00e9 um modo de abrir relacionalidade e reciprocidade, de gerar di\u00e1logos e compreens\u00e3o para a transforma\u00e7\u00e3o humana e ecol\u00f3gica. Alargar as fronteiras do reconhecimento e dar voz a outros interlocutores, trabalha silenciosamente para um mundo mais igualit\u00e1rio e mais amplo, contribuindo destituir os pontos de vista hegem\u00f3nicos do extractismo neoliberal e do excepcionalismo humano. As culturas da escuta s\u00e3o ontologias regenerativas: olham para o mundo como um pluriverso polif\u00f3nico, como teia multidimensional entretecida de capacidades cr\u00edticas e relacionais de muito agentes e actantes. Cuidar das coexist\u00eancias e das coabita\u00e7\u00f5es tornou-se premente e urgente num mundo com cada vez mais consci\u00eancia das inextric\u00e1veis interdepend\u00eancias e interconex\u00f5es que o constituem. A pr\u00e1ticas da escuta s\u00e3o formas de ecologia vision\u00e1ria: ampliam os c\u00edrculos relacionais que o constituem intimamente, constituindo novas comunidades de resson\u00e2ncia e mapeando novos territ\u00f3rios eco-ac\u00fasticos.&nbsp;<\/p>\n\n\n\n<p>Com esta sintonia nas pr\u00e1ticas da escuta, acolhemos, para ler, ver e escutar, propostas de ensaios visuais, desenhos e imagens, exerc\u00edcios, protocolos e propostas experimentais, ensaios e textos te\u00f3ricos, fic\u00e7\u00f5es especulativas e escritas ecopo\u00e9ticas, tradu\u00e7\u00f5es e transmuta\u00e7\u00f5es em m\u00faltiplos formatos, que possam ser transpostas para publica\u00e7\u00e3o no Jornal.<\/p>\n\n\n\n<p class=\"has-text-align-right\">Rodrigo Silva<\/p>\n\n\n\n<h4><strong>CALEND\u00c1RIO:&nbsp;<\/strong><\/h4>\n\n\n\n<p><strong>15 de Setembro 2025&nbsp;\u2013&nbsp;Prazo para entrega de&nbsp;artigos.&nbsp;<br>Outubro de 2025&nbsp;\u2013 comunica\u00e7\u00e3o dos&nbsp;artigos&nbsp;selecionados<br>Novembro de 2025&nbsp;\u2013 lan\u00e7amento do jornal.&nbsp;<\/strong><\/p>\n\n\n\n<h4><strong><a href=\"https:\/\/www.jornalitsaduck.pt\/2022\/12\/25\/como-submeter\/\" target=\"_blank\" rel=\"noreferrer noopener\">COMO SUBMETER<\/a><\/strong><\/h4>\n\n\n\n<p><\/p>\n<\/div>\n<\/div>\n","protected":false},"excerpt":{"rendered":"Chamada de Trabalhos","protected":false},"author":5,"featured_media":34414,"comment_status":"closed","ping_status":"closed","sticky":false,"template":"","format":"standard","meta":{"multilingual_post_translation":"","custompostfields_banners":"","custompostfields_post-association_course-gallery":[],"custompostfields_titulo-homepage":"","custompostfields_event-date":"2025-07-01","custompostfields_event-end-date":"2025-07-01","custompostfields_front-page-gallery-thumbnails":""},"categories":[122,40],"tags":[],"_links":{"self":[{"href":"https:\/\/www.ipleiria.pt\/esadcr\/wp-json\/wp\/v2\/posts\/34412"}],"collection":[{"href":"https:\/\/www.ipleiria.pt\/esadcr\/wp-json\/wp\/v2\/posts"}],"about":[{"href":"https:\/\/www.ipleiria.pt\/esadcr\/wp-json\/wp\/v2\/types\/post"}],"author":[{"embeddable":true,"href":"https:\/\/www.ipleiria.pt\/esadcr\/wp-json\/wp\/v2\/users\/5"}],"replies":[{"embeddable":true,"href":"https:\/\/www.ipleiria.pt\/esadcr\/wp-json\/wp\/v2\/comments?post=34412"}],"version-history":[{"count":5,"href":"https:\/\/www.ipleiria.pt\/esadcr\/wp-json\/wp\/v2\/posts\/34412\/revisions"}],"predecessor-version":[{"id":34420,"href":"https:\/\/www.ipleiria.pt\/esadcr\/wp-json\/wp\/v2\/posts\/34412\/revisions\/34420"}],"wp:featuredmedia":[{"embeddable":true,"href":"https:\/\/www.ipleiria.pt\/esadcr\/wp-json\/wp\/v2\/media\/34414"}],"wp:attachment":[{"href":"https:\/\/www.ipleiria.pt\/esadcr\/wp-json\/wp\/v2\/media?parent=34412"}],"wp:term":[{"taxonomy":"category","embeddable":true,"href":"https:\/\/www.ipleiria.pt\/esadcr\/wp-json\/wp\/v2\/categories?post=34412"},{"taxonomy":"post_tag","embeddable":true,"href":"https:\/\/www.ipleiria.pt\/esadcr\/wp-json\/wp\/v2\/tags?post=34412"}],"curies":[{"name":"wp","href":"https:\/\/api.w.org\/{rel}","templated":true}]}}