{"id":34430,"date":"2025-07-02T16:53:52","date_gmt":"2025-07-02T16:53:52","guid":{"rendered":"https:\/\/www.ipleiria.pt\/esadcr\/?p=34430"},"modified":"2025-10-10T13:56:18","modified_gmt":"2025-10-10T13:56:18","slug":"mgc-sessao-de-esclarecimento","status":"publish","type":"post","link":"https:\/\/www.ipleiria.pt\/esadcr\/2025\/07\/02\/mgc-sessao-de-esclarecimento\/","title":{"rendered":"MGC &#8211; Sess\u00e3o de esclarecimento"},"content":{"rendered":"\n<div class=\"wp-container-3 wp-block-columns\">\n<div class=\"wp-container-1 wp-block-column\">\n<div style=\"height:37px\" aria-hidden=\"true\" class=\"wp-block-spacer\"><\/div>\n\n\n\n<figure class=\"wp-block-image size-full\"><img loading=\"lazy\" width=\"720\" height=\"1024\" src=\"https:\/\/www.ipleiria.pt\/esadcr\/wp-content\/uploads\/sites\/17\/2025\/07\/25_06_MGC_catalogo_crop.jpg\" alt=\"\" class=\"wp-image-34431\" srcset=\"https:\/\/www.ipleiria.pt\/esadcr\/wp-content\/uploads\/sites\/17\/2025\/07\/25_06_MGC_catalogo_crop.jpg 720w, https:\/\/www.ipleiria.pt\/esadcr\/wp-content\/uploads\/sites\/17\/2025\/07\/25_06_MGC_catalogo_crop-211x300.jpg 211w, https:\/\/www.ipleiria.pt\/esadcr\/wp-content\/uploads\/sites\/17\/2025\/07\/25_06_MGC_catalogo_crop-105x150.jpg 105w, https:\/\/www.ipleiria.pt\/esadcr\/wp-content\/uploads\/sites\/17\/2025\/07\/25_06_MGC_catalogo_crop-295x420.jpg 295w, https:\/\/www.ipleiria.pt\/esadcr\/wp-content\/uploads\/sites\/17\/2025\/07\/25_06_MGC_catalogo_crop-274x390.jpg 274w, https:\/\/www.ipleiria.pt\/esadcr\/wp-content\/uploads\/sites\/17\/2025\/07\/25_06_MGC_catalogo_crop-380x540.jpg 380w, https:\/\/www.ipleiria.pt\/esadcr\/wp-content\/uploads\/sites\/17\/2025\/07\/25_06_MGC_catalogo_crop-193x275.jpg 193w, https:\/\/www.ipleiria.pt\/esadcr\/wp-content\/uploads\/sites\/17\/2025\/07\/25_06_MGC_catalogo_crop-137x195.jpg 137w\" sizes=\"(max-width: 720px) 100vw, 720px\" \/><\/figure>\n<\/div>\n\n\n\n<div class=\"wp-container-2 wp-block-column\">\n<h2><em>Sess\u00e3o de esclarecimento \u2013 Mestrado em Gest\u00e3o Cultural<\/em><\/h2>\n\n\n\n<h3>Carla Cardoso, L\u00edgia Afonso e Telma Pereira<\/h3>\n\n\n\n<h4>7 DE JULHO DE 2025, 18H00<br>ONLINE<\/h4>\n\n\n\n<p>No pr\u00f3ximo dia 7 de Julho, \u00e0s 18h, ter\u00e1 lugar uma sess\u00e3o online de esclarecimento sobre o Mestrado em Gest\u00e3o Cultural da ESAD.CR.<br>A sess\u00e3o contar\u00e1 com a participa\u00e7\u00e3o de Carla Cardoso (coordenadora do mestrado), L\u00edgia Afonso (docente respons\u00e1vel por UC de Projecto e membro da Comiss\u00e3o Cient\u00edfica) e Telma Pereira (alumni do curso), que apresentar\u00e3o o processo de candidaturas, o plano de estudos, as metodologias de trabalho, as \u00e1reas de investiga\u00e7\u00e3o e as principais sa\u00eddas profissionais.<br>Esta sess\u00e3o destina-se a todas as pessoas interessadas em candidatar-se ao mestrado e ocorre a poucos dias do fim do prazo da 2.\u00aa fase de candidaturas, que termina a 14 de Julho.<br>Com dura\u00e7\u00e3o m\u00e1xima de uma hora, haver\u00e1 um espa\u00e7o final para perguntas e respostas.<br><strong>Participa, esclarece d\u00favidas e conhece melhor este mestrado que funciona em regime p\u00f3s-laboral.<\/strong><\/p>\n\n\n\n<p><strong><a href=\"https:\/\/eur02.safelinks.protection.outlook.com\/?url=https%3A%2F%2Fvideoconf-colibri.zoom.us%2Fj%2F96049356276&amp;data=05%7C02%7Cgcoe.esad%40ipleiria.pt%7C44b2df6b71d0479928b308ddb7ac35ed%7C536b85ada4484186a9afe3ccad3302c5%7C0%7C0%7C638868672593182610%7CUnknown%7CTWFpbGZsb3d8eyJFbXB0eU1hcGkiOnRydWUsIlYiOiIwLjAuMDAwMCIsIlAiOiJXaW4zMiIsIkFOIjoiTWFpbCIsIldUIjoyfQ%3D%3D%7C0%7C%7C%7C&amp;sdata=pwUdyllCadP3XTBaKoLb%2FP5Gvrbv2yUqvyLl%2BlV19dE%3D&amp;reserved=0\" target=\"_blank\" rel=\"noreferrer noopener\">LINK DE ACESSO<\/a><\/strong><\/p>\n<\/div>\n<\/div>\n","protected":false},"excerpt":{"rendered":"7 de julho de 2025","protected":false},"author":5,"featured_media":34432,"comment_status":"closed","ping_status":"closed","sticky":false,"template":"","format":"standard","meta":{"multilingual_post_translation":"{\"en-GB\":{\"url\":\"https:\/\/www.ipleiria.pt\/esadcr-en\/2025\/07\/02\/mcm-information-session\/\",\"postID\":null,\"postTitle\":\"\",\"siteID\":22,\"customURL\":true,\"languageInfo\":{\"multilingual_site_api_url\":\"https:\/\/www.ipleiria.pt\/esadcr-en\/wp-json\/\",\"name\":\"English\",\"locale\":\"en_GB\"}}}","custompostfields_banners":"","custompostfields_post-association_course-gallery":[],"custompostfields_titulo-homepage":"","custompostfields_event-date":"2025-07-02","custompostfields_event-end-date":"2025-07-02","custompostfields_front-page-gallery-thumbnails":""},"categories":[122,40],"tags":[],"_links":{"self":[{"href":"https:\/\/www.ipleiria.pt\/esadcr\/wp-json\/wp\/v2\/posts\/34430"}],"collection":[{"href":"https:\/\/www.ipleiria.pt\/esadcr\/wp-json\/wp\/v2\/posts"}],"about":[{"href":"https:\/\/www.ipleiria.pt\/esadcr\/wp-json\/wp\/v2\/types\/post"}],"author":[{"embeddable":true,"href":"https:\/\/www.ipleiria.pt\/esadcr\/wp-json\/wp\/v2\/users\/5"}],"replies":[{"embeddable":true,"href":"https:\/\/www.ipleiria.pt\/esadcr\/wp-json\/wp\/v2\/comments?post=34430"}],"version-history":[{"count":5,"href":"https:\/\/www.ipleiria.pt\/esadcr\/wp-json\/wp\/v2\/posts\/34430\/revisions"}],"predecessor-version":[{"id":35105,"href":"https:\/\/www.ipleiria.pt\/esadcr\/wp-json\/wp\/v2\/posts\/34430\/revisions\/35105"}],"wp:featuredmedia":[{"embeddable":true,"href":"https:\/\/www.ipleiria.pt\/esadcr\/wp-json\/wp\/v2\/media\/34432"}],"wp:attachment":[{"href":"https:\/\/www.ipleiria.pt\/esadcr\/wp-json\/wp\/v2\/media?parent=34430"}],"wp:term":[{"taxonomy":"category","embeddable":true,"href":"https:\/\/www.ipleiria.pt\/esadcr\/wp-json\/wp\/v2\/categories?post=34430"},{"taxonomy":"post_tag","embeddable":true,"href":"https:\/\/www.ipleiria.pt\/esadcr\/wp-json\/wp\/v2\/tags?post=34430"}],"curies":[{"name":"wp","href":"https:\/\/api.w.org\/{rel}","templated":true}]}}