{"id":34560,"date":"2025-07-08T13:38:07","date_gmt":"2025-07-08T13:38:07","guid":{"rendered":"https:\/\/www.ipleiria.pt\/esadcr\/?p=34560"},"modified":"2026-01-16T09:32:26","modified_gmt":"2026-01-16T09:32:26","slug":"dossier-da-mata-do-vimeiro","status":"publish","type":"post","link":"https:\/\/www.ipleiria.pt\/esadcr\/2025\/07\/08\/dossier-da-mata-do-vimeiro\/","title":{"rendered":"Dossier da Mata do Vimeiro"},"content":{"rendered":"\n<div class=\"wp-container-3 wp-block-columns\">\n<div class=\"wp-container-1 wp-block-column\">\n<div style=\"height:37px\" aria-hidden=\"true\" class=\"wp-block-spacer\"><\/div>\n\n\n\n<figure class=\"wp-block-image size-full\"><img loading=\"lazy\" width=\"720\" height=\"900\" src=\"https:\/\/www.ipleiria.pt\/esadcr\/wp-content\/uploads\/sites\/17\/2025\/07\/AF-SITE2-Expo-Natividade.jpg\" alt=\"\" class=\"wp-image-34561\" srcset=\"https:\/\/www.ipleiria.pt\/esadcr\/wp-content\/uploads\/sites\/17\/2025\/07\/AF-SITE2-Expo-Natividade.jpg 720w, https:\/\/www.ipleiria.pt\/esadcr\/wp-content\/uploads\/sites\/17\/2025\/07\/AF-SITE2-Expo-Natividade-240x300.jpg 240w, https:\/\/www.ipleiria.pt\/esadcr\/wp-content\/uploads\/sites\/17\/2025\/07\/AF-SITE2-Expo-Natividade-120x150.jpg 120w, https:\/\/www.ipleiria.pt\/esadcr\/wp-content\/uploads\/sites\/17\/2025\/07\/AF-SITE2-Expo-Natividade-300x375.jpg 300w, https:\/\/www.ipleiria.pt\/esadcr\/wp-content\/uploads\/sites\/17\/2025\/07\/AF-SITE2-Expo-Natividade-312x390.jpg 312w, https:\/\/www.ipleiria.pt\/esadcr\/wp-content\/uploads\/sites\/17\/2025\/07\/AF-SITE2-Expo-Natividade-432x540.jpg 432w, https:\/\/www.ipleiria.pt\/esadcr\/wp-content\/uploads\/sites\/17\/2025\/07\/AF-SITE2-Expo-Natividade-220x275.jpg 220w, https:\/\/www.ipleiria.pt\/esadcr\/wp-content\/uploads\/sites\/17\/2025\/07\/AF-SITE2-Expo-Natividade-156x195.jpg 156w\" sizes=\"(max-width: 720px) 100vw, 720px\" \/><\/figure>\n<\/div>\n\n\n\n<div class=\"wp-container-2 wp-block-column\">\n<h2><em>Dossier da Mata do Vimeiro. Um tributo a Joaquim Vieira Natividade.<\/em><\/h2>\n\n\n\n<h3>Anderson de Azevedo Alves, Anita Baldaia, Carolina Brites, Cristina Mour\u00e3o, In\u00eas Dias, Jo\u00e3o Nunes,  Kateryna Oleshchenko, Laura Santos, Priyal Vassaramo, Sim\u00e3o Cruz, Sofia Puglielli Crist\u00f3v\u00e3o, Tom\u00e1s Augusto<\/h3>\n\n\n\n<h4><strong>EXPOSI\u00c7\u00c3O<\/strong><br>DE 17 DE JULHO A 26 DE OUTUBRO DE 2025<br>ARMAZ\u00c9M DAS ARTES &#8211; ALCOBA\u00c7A<\/h4>\n\n\n\n<p>A exposi\u00e7\u00e3o &#8220;Dossier da Mata (&#8230;)&#8221; apresenta fotografias e texto que reflectem distintos olhares, de cerca de 15 estudantes, sobre a Mata Nacional do Vimeiro. Olhares que tiveram como ponto de partida as pesquisas realizadas pelo Professor Joaquim Vieira Natividade \u2014 Investigador, e ent\u00e3o, aspirante a Engenheiro Silvicultor \u2014 nesta Mata, entre 1929 e o in\u00edcio da d\u00e9cada de 1950.<\/p>\n\n\n\n<p>Se o pequeno grupo de fotografias que cada estudante apresenta, revela a subjectividade da sua resposta po\u00e9tica \u00e0 Mata contempor\u00e2nea, o conjunto de todas as fotografias assim como o texto colaborativo, constituem-se como um testemunho colectivo e contempor\u00e2neo sobre a diversidade bot\u00e2nica, sobre o apelo est\u00e9tico do arvoredo, e, em certa medida, sobre a hist\u00f3ria desta Mata. Mata da qual Natividade foi fot\u00f3grafo, narrador, planeador e cuidador.<\/p>\n\n\n\n<p>Os trabalhos \u2013fotografia e texto- prov\u00eam das respostas aos exerc\u00edcios propostos na UC Laborat\u00f3rio de Cria\u00e7\u00e3o I: fotografia -1\u00ba ano MASI.<\/p>\n\n\n\n<p>As desloca\u00e7\u00f5es \u00e0 Mata do Vimeiro durante as aulas, foram feitas com o apoio do Armaz\u00e9m das Artes \/ C\u00e2mara Municipal de Alcoba\u00e7a. A exposi\u00e7\u00e3o est\u00e1 articulada com um projecto de investiga\u00e7\u00e3o, sobre fotografia e desenho na obra de Joaquim Vieira Natividade (ainda em fase de prepara\u00e7\u00e3o, para o LiDA).<\/p>\n<\/div>\n<\/div>\n","protected":false},"excerpt":{"rendered":"17 de julho a 26 de outubro de 2025","protected":false},"author":5,"featured_media":34562,"comment_status":"closed","ping_status":"closed","sticky":false,"template":"","format":"standard","meta":{"multilingual_post_translation":"{\"en-GB\":{\"url\":\"https:\/\/www.ipleiria.pt\/esadcr-en\/2025\/07\/11\/dossier-da-mata-do-vimeiro\/\",\"postID\":null,\"postTitle\":\"\",\"siteID\":22,\"customURL\":true,\"languageInfo\":{\"multilingual_site_api_url\":\"https:\/\/www.ipleiria.pt\/esadcr-en\/wp-json\/\",\"name\":\"English\",\"locale\":\"en_GB\"}}}","custompostfields_banners":"","custompostfields_post-association_course-gallery":[],"custompostfields_titulo-homepage":"","custompostfields_event-date":"2025-07-11","custompostfields_event-end-date":"2025-07-11","custompostfields_front-page-gallery-thumbnails":""},"categories":[122,40],"tags":[],"_links":{"self":[{"href":"https:\/\/www.ipleiria.pt\/esadcr\/wp-json\/wp\/v2\/posts\/34560"}],"collection":[{"href":"https:\/\/www.ipleiria.pt\/esadcr\/wp-json\/wp\/v2\/posts"}],"about":[{"href":"https:\/\/www.ipleiria.pt\/esadcr\/wp-json\/wp\/v2\/types\/post"}],"author":[{"embeddable":true,"href":"https:\/\/www.ipleiria.pt\/esadcr\/wp-json\/wp\/v2\/users\/5"}],"replies":[{"embeddable":true,"href":"https:\/\/www.ipleiria.pt\/esadcr\/wp-json\/wp\/v2\/comments?post=34560"}],"version-history":[{"count":5,"href":"https:\/\/www.ipleiria.pt\/esadcr\/wp-json\/wp\/v2\/posts\/34560\/revisions"}],"predecessor-version":[{"id":34568,"href":"https:\/\/www.ipleiria.pt\/esadcr\/wp-json\/wp\/v2\/posts\/34560\/revisions\/34568"}],"wp:featuredmedia":[{"embeddable":true,"href":"https:\/\/www.ipleiria.pt\/esadcr\/wp-json\/wp\/v2\/media\/34562"}],"wp:attachment":[{"href":"https:\/\/www.ipleiria.pt\/esadcr\/wp-json\/wp\/v2\/media?parent=34560"}],"wp:term":[{"taxonomy":"category","embeddable":true,"href":"https:\/\/www.ipleiria.pt\/esadcr\/wp-json\/wp\/v2\/categories?post=34560"},{"taxonomy":"post_tag","embeddable":true,"href":"https:\/\/www.ipleiria.pt\/esadcr\/wp-json\/wp\/v2\/tags?post=34560"}],"curies":[{"name":"wp","href":"https:\/\/api.w.org\/{rel}","templated":true}]}}