{"id":34784,"date":"2025-08-25T09:30:07","date_gmt":"2025-08-25T09:30:07","guid":{"rendered":"https:\/\/www.ipleiria.pt\/esadcr\/?p=34784"},"modified":"2025-10-10T13:55:23","modified_gmt":"2025-10-10T13:55:23","slug":"ppc-sessao-de-esclarecimento","status":"publish","type":"post","link":"https:\/\/www.ipleiria.pt\/esadcr\/2025\/08\/25\/ppc-sessao-de-esclarecimento\/","title":{"rendered":"PPC &#8211; Sess\u00e3o de esclarecimento"},"content":{"rendered":"\n<div class=\"wp-container-3 wp-block-columns\">\n<div class=\"wp-container-1 wp-block-column\">\n<div style=\"height:37px\" aria-hidden=\"true\" class=\"wp-block-spacer\"><\/div>\n\n\n\n<figure class=\"wp-block-image size-full\"><img loading=\"lazy\" width=\"720\" height=\"480\" src=\"https:\/\/www.ipleiria.pt\/esadcr\/wp-content\/uploads\/sites\/17\/2025\/08\/ppc-foto-esclarecimento.jpg\" alt=\"\" class=\"wp-image-34785\" srcset=\"https:\/\/www.ipleiria.pt\/esadcr\/wp-content\/uploads\/sites\/17\/2025\/08\/ppc-foto-esclarecimento.jpg 720w, https:\/\/www.ipleiria.pt\/esadcr\/wp-content\/uploads\/sites\/17\/2025\/08\/ppc-foto-esclarecimento-300x200.jpg 300w, https:\/\/www.ipleiria.pt\/esadcr\/wp-content\/uploads\/sites\/17\/2025\/08\/ppc-foto-esclarecimento-150x100.jpg 150w, https:\/\/www.ipleiria.pt\/esadcr\/wp-content\/uploads\/sites\/17\/2025\/08\/ppc-foto-esclarecimento-390x260.jpg 390w, https:\/\/www.ipleiria.pt\/esadcr\/wp-content\/uploads\/sites\/17\/2025\/08\/ppc-foto-esclarecimento-413x275.jpg 413w, https:\/\/www.ipleiria.pt\/esadcr\/wp-content\/uploads\/sites\/17\/2025\/08\/ppc-foto-esclarecimento-195x130.jpg 195w\" sizes=\"(max-width: 720px) 100vw, 720px\" \/><\/figure>\n<\/div>\n\n\n\n<div class=\"wp-container-2 wp-block-column\">\n<h2><em>O que \u00e9 a Programa\u00e7\u00e3o e Produ\u00e7\u00e3o Cultural?<\/em> <strong>Pergunta-nos tudo!<\/strong><\/h2>\n\n\n\n<h3><strong>L\u00edgia Afonso<\/strong>, <strong>Leonor Lima<\/strong>, <strong>Abigail Raposo<\/strong><\/h3>\n\n\n\n<h4><strong>SESS\u00c3O DE ESCLARECIMENTO<\/strong><br>29 DE AGOSTO DE 2025, 17H <br>ONLINE<\/h4>\n\n\n\n<p>Gostas de cultura? Queres organizar festivais,&nbsp;exposi\u00e7\u00f5es e eventos art\u00edsticos? Queres criar e gerir projetos art\u00edsticos e associativos? Fazer programa\u00e7\u00e3o cultural em museus e autarquias?&nbsp;&nbsp;<br>No pr\u00f3xima sexta-feira, dia 29 de Agosto, \u00e0s 17h, ter\u00e1 lugar uma sess\u00e3o online de esclarecimento sobre a licenciatura em Programa\u00e7\u00e3o e Produ\u00e7\u00e3o Cultural da&nbsp;ESAD.CR&nbsp;e destina-se a conhecer o que podes fazer com o este curso.&nbsp;&nbsp;<br>A sess\u00e3o contar\u00e1 com a participa\u00e7\u00e3o de <strong>L\u00edgia Afonso<\/strong> &#8211; coordenadora da licenciatura, <strong>Leonor Lima<\/strong> \u2013 delegada do curso e estudante do 3\u00ba ano e <strong>Abigail Raposo <\/strong>&#8211; ex-aluna e profissional&nbsp;da \u00e1rea da programa\u00e7\u00e3o e produ\u00e7\u00e3o cultural, que apresentar\u00e3o a escola, o plano de estudos, as diferentes unidades curriculares, alguns projetos,&nbsp;os est\u00e1gios e as principais sa\u00eddas profissionais. Ter\u00e1 a dura\u00e7\u00e3o m\u00e1xima de 40 minutos e espa\u00e7o para perguntas e respostas, e ocorre a poucos dias do fim do prazo da 2.\u00aa fase de candidaturas.&nbsp;<\/p>\n\n\n\n<h5>Dia 29 \u00e0s 17h, marca j\u00e1 na agenda! &nbsp;<\/h5>\n\n\n\n<p><a rel=\"noreferrer noopener\" href=\"https:\/\/videoconf-colibri.zoom.us\/j\/96431187539\" target=\"_blank\"><strong>LINK ZOOM<\/strong><\/a><\/p>\n\n\n\n<p>Participa, esclarece as tuas d\u00favidas e descobre se esta licenciatura \u00e9 para ti!&nbsp;<\/p>\n\n\n\n<p><strong>Candidaturas \u00e0 2.\u00aa fase at\u00e9 3 de setembro!&nbsp;<\/strong><\/p>\n<\/div>\n<\/div>\n","protected":false},"excerpt":{"rendered":"29 de agosto de 2025 ","protected":false},"author":5,"featured_media":34786,"comment_status":"closed","ping_status":"closed","sticky":false,"template":"","format":"standard","meta":{"multilingual_post_translation":"","custompostfields_banners":"","custompostfields_post-association_course-gallery":[],"custompostfields_titulo-homepage":"","custompostfields_event-date":"2025-08-27","custompostfields_event-end-date":"2025-08-27","custompostfields_front-page-gallery-thumbnails":""},"categories":[122,40],"tags":[],"_links":{"self":[{"href":"https:\/\/www.ipleiria.pt\/esadcr\/wp-json\/wp\/v2\/posts\/34784"}],"collection":[{"href":"https:\/\/www.ipleiria.pt\/esadcr\/wp-json\/wp\/v2\/posts"}],"about":[{"href":"https:\/\/www.ipleiria.pt\/esadcr\/wp-json\/wp\/v2\/types\/post"}],"author":[{"embeddable":true,"href":"https:\/\/www.ipleiria.pt\/esadcr\/wp-json\/wp\/v2\/users\/5"}],"replies":[{"embeddable":true,"href":"https:\/\/www.ipleiria.pt\/esadcr\/wp-json\/wp\/v2\/comments?post=34784"}],"version-history":[{"count":4,"href":"https:\/\/www.ipleiria.pt\/esadcr\/wp-json\/wp\/v2\/posts\/34784\/revisions"}],"predecessor-version":[{"id":34790,"href":"https:\/\/www.ipleiria.pt\/esadcr\/wp-json\/wp\/v2\/posts\/34784\/revisions\/34790"}],"wp:featuredmedia":[{"embeddable":true,"href":"https:\/\/www.ipleiria.pt\/esadcr\/wp-json\/wp\/v2\/media\/34786"}],"wp:attachment":[{"href":"https:\/\/www.ipleiria.pt\/esadcr\/wp-json\/wp\/v2\/media?parent=34784"}],"wp:term":[{"taxonomy":"category","embeddable":true,"href":"https:\/\/www.ipleiria.pt\/esadcr\/wp-json\/wp\/v2\/categories?post=34784"},{"taxonomy":"post_tag","embeddable":true,"href":"https:\/\/www.ipleiria.pt\/esadcr\/wp-json\/wp\/v2\/tags?post=34784"}],"curies":[{"name":"wp","href":"https:\/\/api.w.org\/{rel}","templated":true}]}}