{"id":4053,"date":"2019-07-18T17:07:53","date_gmt":"2019-07-18T16:07:53","guid":{"rendered":"https:\/\/www.ipleiria.pt\/esadcr\/?p=4053"},"modified":"2021-11-02T10:00:22","modified_gmt":"2021-11-02T10:00:22","slug":"alunos-da-esad-cr-participam-em-residencia-artistica-de-ilustracao-na-batalha","status":"publish","type":"post","link":"https:\/\/www.ipleiria.pt\/esadcr\/2019\/07\/18\/alunos-da-esad-cr-participam-em-residencia-artistica-de-ilustracao-na-batalha\/","title":{"rendered":"Alunos da ESAD.CR participam em resid\u00eancia art\u00edstica de ilustra\u00e7\u00e3o na Batalha"},"content":{"rendered":"\n<h2>Alunos da ESAD.CR participam em resid\u00eancia art\u00edstica de ilustra\u00e7\u00e3o na Batalha<\/h2>\n\n\n\n<div style=\"height:84px\" aria-hidden=\"true\" class=\"wp-block-spacer\"><\/div>\n\n\n\n<div class=\"wp-container-3 wp-block-columns has-2-columns\">\n<div class=\"wp-container-1 wp-block-column col-md-8\">\n<figure class=\"wp-block-image size-large\"><img loading=\"lazy\" width=\"1024\" height=\"682\" src=\"https:\/\/www.ipleiria.pt\/esadcr\/wp-content\/uploads\/sites\/17\/2019\/07\/mosteiro-batalha-1024x682.jpg\" alt=\"\" class=\"wp-image-4054\" srcset=\"https:\/\/www.ipleiria.pt\/esadcr\/wp-content\/uploads\/sites\/17\/2019\/07\/mosteiro-batalha-1024x682.jpg 1024w, https:\/\/www.ipleiria.pt\/esadcr\/wp-content\/uploads\/sites\/17\/2019\/07\/mosteiro-batalha-300x200.jpg 300w, https:\/\/www.ipleiria.pt\/esadcr\/wp-content\/uploads\/sites\/17\/2019\/07\/mosteiro-batalha-768x512.jpg 768w, https:\/\/www.ipleiria.pt\/esadcr\/wp-content\/uploads\/sites\/17\/2019\/07\/mosteiro-batalha-365x243.jpg 365w, https:\/\/www.ipleiria.pt\/esadcr\/wp-content\/uploads\/sites\/17\/2019\/07\/mosteiro-batalha-390x260.jpg 390w, https:\/\/www.ipleiria.pt\/esadcr\/wp-content\/uploads\/sites\/17\/2019\/07\/mosteiro-batalha-811x540.jpg 811w, https:\/\/www.ipleiria.pt\/esadcr\/wp-content\/uploads\/sites\/17\/2019\/07\/mosteiro-batalha-413x275.jpg 413w, https:\/\/www.ipleiria.pt\/esadcr\/wp-content\/uploads\/sites\/17\/2019\/07\/mosteiro-batalha-195x130.jpg 195w, https:\/\/www.ipleiria.pt\/esadcr\/wp-content\/uploads\/sites\/17\/2019\/07\/mosteiro-batalha.jpg 1600w\" sizes=\"(max-width: 1024px) 100vw, 1024px\" \/><figcaption>Imagem retirada a 18\/07\/2019 da p\u00e1gina:  <a href=\"https:\/\/www.facebook.com\/Mosteiro-da-Batalha\">https:\/\/www.facebook.com\/Mosteiro-da-Batalha<\/a> <\/figcaption><\/figure>\n<\/div>\n\n\n\n<div class=\"wp-container-2 wp-block-column col-md-4\">\n<p> A iniciativa envolve a concretiza\u00e7\u00e3o de uma parceria entre o Polit\u00e9cnico de Leiria, atrav\u00e9s da ESAD.CR, o Mosteiro da Batalha \/ Dire\u00e7\u00e3o Geral do Patrim\u00f3nio Cultural e a C\u00e2mara Municipal da Batalha, visa facultar aos alunos compet\u00eancias e experi\u00eancias associadas \u00e0 ilustra\u00e7\u00e3o cient\u00edfica e ao desenho t\u00e9cnico, com especial incid\u00eancia ao Mosteiro da Batalha e aos seus motivos arquitet\u00f3nicos e t\u00e9cnicos. <\/p>\n\n\n\n<p>Os estudantes explorar\u00e3o, tamb\u00e9m, diversos espa\u00e7os urbanos e naturais do concelho da Batalha.  <\/p>\n\n\n\n<p>Os trabalhos dos alunos ter\u00e3o a orienta\u00e7\u00e3o do docente Marco Correia.<\/p>\n<\/div>\n<\/div>\n\n\n\n<p><\/p>\n","protected":false},"excerpt":{"rendered":"14 alunos da ESAD.CR participam de 22 a 27 de julho, na Batalha, numa resid\u00eancia art\u00edstica.","protected":false},"author":12,"featured_media":4054,"comment_status":"closed","ping_status":"closed","sticky":false,"template":"","format":"standard","meta":{"multilingual_post_translation":"","custompostfields_banners":"","custompostfields_post-association_course-gallery":[],"custompostfields_titulo-homepage":"","custompostfields_event-date":"2019-07-18","custompostfields_event-end-date":"now","custompostfields_front-page-gallery-thumbnails":""},"categories":[122,40],"tags":[],"_links":{"self":[{"href":"https:\/\/www.ipleiria.pt\/esadcr\/wp-json\/wp\/v2\/posts\/4053"}],"collection":[{"href":"https:\/\/www.ipleiria.pt\/esadcr\/wp-json\/wp\/v2\/posts"}],"about":[{"href":"https:\/\/www.ipleiria.pt\/esadcr\/wp-json\/wp\/v2\/types\/post"}],"author":[{"embeddable":true,"href":"https:\/\/www.ipleiria.pt\/esadcr\/wp-json\/wp\/v2\/users\/12"}],"replies":[{"embeddable":true,"href":"https:\/\/www.ipleiria.pt\/esadcr\/wp-json\/wp\/v2\/comments?post=4053"}],"version-history":[{"count":4,"href":"https:\/\/www.ipleiria.pt\/esadcr\/wp-json\/wp\/v2\/posts\/4053\/revisions"}],"predecessor-version":[{"id":13645,"href":"https:\/\/www.ipleiria.pt\/esadcr\/wp-json\/wp\/v2\/posts\/4053\/revisions\/13645"}],"wp:featuredmedia":[{"embeddable":true,"href":"https:\/\/www.ipleiria.pt\/esadcr\/wp-json\/wp\/v2\/media\/4054"}],"wp:attachment":[{"href":"https:\/\/www.ipleiria.pt\/esadcr\/wp-json\/wp\/v2\/media?parent=4053"}],"wp:term":[{"taxonomy":"category","embeddable":true,"href":"https:\/\/www.ipleiria.pt\/esadcr\/wp-json\/wp\/v2\/categories?post=4053"},{"taxonomy":"post_tag","embeddable":true,"href":"https:\/\/www.ipleiria.pt\/esadcr\/wp-json\/wp\/v2\/tags?post=4053"}],"curies":[{"name":"wp","href":"https:\/\/api.w.org\/{rel}","templated":true}]}}