{"id":4062,"date":"2019-07-22T14:19:40","date_gmt":"2019-07-22T13:19:40","guid":{"rendered":"https:\/\/www.ipleiria.pt\/esadcr\/?p=4062"},"modified":"2021-11-02T10:00:19","modified_gmt":"2021-11-02T10:00:19","slug":"exposicao-ilustres-18-19","status":"publish","type":"post","link":"https:\/\/www.ipleiria.pt\/esadcr\/2019\/07\/22\/exposicao-ilustres-18-19\/","title":{"rendered":"Exposi\u00e7\u00e3o Ilustres 18.19"},"content":{"rendered":"\n<h2>exposi\u00e7\u00e3o ilustres 18.19<\/h2>\n\n\n\n<div style=\"height:20px\" aria-hidden=\"true\" class=\"wp-block-spacer\"><\/div>\n\n\n\n<div class=\"wp-container-3 wp-block-columns has-2-columns\">\n<div class=\"wp-container-1 wp-block-column col-md-8\" style=\"flex-basis:50%\">\n<figure class=\"wp-block-image size-large\"><img loading=\"lazy\" width=\"819\" height=\"1024\" src=\"https:\/\/www.ipleiria.pt\/esadcr\/wp-content\/uploads\/sites\/17\/2019\/07\/ilustres1819-post-instagram-facebook-819x1024.jpg\" alt=\"\" class=\"wp-image-4059\" srcset=\"https:\/\/www.ipleiria.pt\/esadcr\/wp-content\/uploads\/sites\/17\/2019\/07\/ilustres1819-post-instagram-facebook-819x1024.jpg 819w, https:\/\/www.ipleiria.pt\/esadcr\/wp-content\/uploads\/sites\/17\/2019\/07\/ilustres1819-post-instagram-facebook-240x300.jpg 240w, https:\/\/www.ipleiria.pt\/esadcr\/wp-content\/uploads\/sites\/17\/2019\/07\/ilustres1819-post-instagram-facebook-768x960.jpg 768w, https:\/\/www.ipleiria.pt\/esadcr\/wp-content\/uploads\/sites\/17\/2019\/07\/ilustres1819-post-instagram-facebook-204x255.jpg 204w, https:\/\/www.ipleiria.pt\/esadcr\/wp-content\/uploads\/sites\/17\/2019\/07\/ilustres1819-post-instagram-facebook-312x390.jpg 312w, https:\/\/www.ipleiria.pt\/esadcr\/wp-content\/uploads\/sites\/17\/2019\/07\/ilustres1819-post-instagram-facebook-432x540.jpg 432w, https:\/\/www.ipleiria.pt\/esadcr\/wp-content\/uploads\/sites\/17\/2019\/07\/ilustres1819-post-instagram-facebook-220x275.jpg 220w, https:\/\/www.ipleiria.pt\/esadcr\/wp-content\/uploads\/sites\/17\/2019\/07\/ilustres1819-post-instagram-facebook-156x195.jpg 156w, https:\/\/www.ipleiria.pt\/esadcr\/wp-content\/uploads\/sites\/17\/2019\/07\/ilustres1819-post-instagram-facebook.jpg 1080w\" sizes=\"(max-width: 819px) 100vw, 819px\" \/><\/figure>\n\n\n\n<p><\/p>\n\n\n\n<p><a href=\"https:\/\/www.ipleiria.pt\/esadcr\/wp-content\/uploads\/sites\/17\/2019\/12\/Brochura-TeSP-IPG-Ilustres1819.pdf\" target=\"_blank\" rel=\"noreferrer noopener\" aria-label=\" (opens in a new tab)\">Descarregar cat\u00e1logo<\/a> <\/p>\n<\/div>\n\n\n\n<div class=\"wp-container-2 wp-block-column col-md-4\" style=\"flex-basis:50%\">\n<p class=\"has-text-align-left\">Exposi\u00e7\u00e3o de trabalhos dos alunos do curso TeSP em Ilustra\u00e7\u00e3o e Produ\u00e7\u00e3o Gr\u00e1fica, da Escola Superior de Artes e Design de Caldas da Rainha,  na Galeria Manuel Artur dos Santos, no Mercado de Sant&#8217;Ana em Leiria. <\/p>\n\n\n\n<p class=\"has-text-align-left\">No pr\u00f3ximo s\u00e1bado 27 de julho pelas 18:30 inaugura na Galeria Manuel Artur dos Santos, no Mercado de Sant&#8217;Ana em Leiria, a exposi\u00e7\u00e3o de trabalhos dos alunos do curso TeSP em Ilustra\u00e7\u00e3o e Produ\u00e7\u00e3o Gr\u00e1fica, da Escola Superior de Artes e Design de Caldas da Rainha.<br> A maioria dos trabalhos em exposi\u00e7\u00e3o foi desenvolvida durante o ano lectivo 2018-19, e os mesmos s\u00e3o paradigm\u00e1ticos da forma\u00e7\u00e3o criativa e t\u00e9cnica dos alunos e do trabalho realizado em contexto formativo. Estes resultados abrangem v\u00e1rias vertentes da ilustra\u00e7\u00e3o \u2014 infanto juvenil, ilustra\u00e7\u00e3o editorial e de produto e ilustra\u00e7\u00e3o cient\u00edfica \u2014 entre outras disciplinas que caracterizam o plano curricular do curso: anima\u00e7\u00e3o multim\u00e9dia, projeto final e<br> produ\u00e7\u00e3o gr\u00e1fica s\u00e3o alguns exemplos.<br> Os trabalhos em exposi\u00e7\u00e3o reflectem a diversidade da criatividade dos alunos e demonstram a sua capacidade em conceber tanto para t\u00e9cnicas tradicionais de impress\u00e3o \u2014 serigrafia, gravura, entre outras \u2014 como para os<br> meios digitais.<br> Poder\u00e1 ver caricaturas de pol\u00edticos, ilustra\u00e7\u00f5es inspiradas em contos, bd e outros tipos de registo gr\u00e1fico at\u00e9 7 de outubro de 2019 no Mercado de Sant&#8217;Ana em Leiria.<\/p>\n<\/div>\n<\/div>\n\n\n\n<p><\/p>\n","protected":false},"excerpt":{"rendered":"Exposi\u00e7\u00e3o de trabalhos dos alunos do curso TeSP no Mercado de Sant&#8217;Ana em Leiria","protected":false},"author":12,"featured_media":0,"comment_status":"closed","ping_status":"closed","sticky":false,"template":"","format":"standard","meta":{"multilingual_post_translation":"","custompostfields_banners":"","custompostfields_post-association_course-gallery":[],"custompostfields_titulo-homepage":"","custompostfields_event-date":"2019-07-27","custompostfields_event-end-date":"2019-10-07","custompostfields_front-page-gallery-thumbnails":""},"categories":[122,10],"tags":[],"_links":{"self":[{"href":"https:\/\/www.ipleiria.pt\/esadcr\/wp-json\/wp\/v2\/posts\/4062"}],"collection":[{"href":"https:\/\/www.ipleiria.pt\/esadcr\/wp-json\/wp\/v2\/posts"}],"about":[{"href":"https:\/\/www.ipleiria.pt\/esadcr\/wp-json\/wp\/v2\/types\/post"}],"author":[{"embeddable":true,"href":"https:\/\/www.ipleiria.pt\/esadcr\/wp-json\/wp\/v2\/users\/12"}],"replies":[{"embeddable":true,"href":"https:\/\/www.ipleiria.pt\/esadcr\/wp-json\/wp\/v2\/comments?post=4062"}],"version-history":[{"count":10,"href":"https:\/\/www.ipleiria.pt\/esadcr\/wp-json\/wp\/v2\/posts\/4062\/revisions"}],"predecessor-version":[{"id":13644,"href":"https:\/\/www.ipleiria.pt\/esadcr\/wp-json\/wp\/v2\/posts\/4062\/revisions\/13644"}],"wp:attachment":[{"href":"https:\/\/www.ipleiria.pt\/esadcr\/wp-json\/wp\/v2\/media?parent=4062"}],"wp:term":[{"taxonomy":"category","embeddable":true,"href":"https:\/\/www.ipleiria.pt\/esadcr\/wp-json\/wp\/v2\/categories?post=4062"},{"taxonomy":"post_tag","embeddable":true,"href":"https:\/\/www.ipleiria.pt\/esadcr\/wp-json\/wp\/v2\/tags?post=4062"}],"curies":[{"name":"wp","href":"https:\/\/api.w.org\/{rel}","templated":true}]}}