{"id":4515,"date":"2019-09-12T13:41:17","date_gmt":"2019-09-12T12:41:17","guid":{"rendered":"https:\/\/www.ipleiria.pt\/esadcr\/?p=4515"},"modified":"2021-11-02T10:02:48","modified_gmt":"2021-11-02T10:02:48","slug":"exposicao-de-finalistas-da-licenciatura-de-artes-plasticas","status":"publish","type":"post","link":"https:\/\/www.ipleiria.pt\/esadcr\/2019\/09\/12\/exposicao-de-finalistas-da-licenciatura-de-artes-plasticas\/","title":{"rendered":"Exposi\u00e7\u00e3o de finalistas da licenciatura de Artes Pl\u00e1sticas"},"content":{"rendered":"\n<h2> Exposi\u00e7\u00e3o de finalistas da licenciatura de Artes Pl\u00e1sticas <\/h2>\n\n\n\n<div class=\"wp-container-3 wp-block-columns\">\n<div class=\"wp-container-1 wp-block-column\" style=\"flex-basis:55%\">\n<figure class=\"wp-block-image size-large\"><a href=\"https:\/\/www.ipleiria.pt\/esadcr\/wp-content\/uploads\/sites\/17\/2019\/09\/Folha_Sala_ESAD_EXPOAP.pdf\"><img loading=\"lazy\" width=\"799\" height=\"1024\" src=\"https:\/\/www.ipleiria.pt\/esadcr\/wp-content\/uploads\/sites\/17\/2019\/09\/CARTAZ-EXPO-AP_-site-NOVO_-ESAD_grande-799x1024.jpg\" alt=\"\" class=\"wp-image-4516\" srcset=\"https:\/\/www.ipleiria.pt\/esadcr\/wp-content\/uploads\/sites\/17\/2019\/09\/CARTAZ-EXPO-AP_-site-NOVO_-ESAD_grande-799x1024.jpg 799w, https:\/\/www.ipleiria.pt\/esadcr\/wp-content\/uploads\/sites\/17\/2019\/09\/CARTAZ-EXPO-AP_-site-NOVO_-ESAD_grande-117x150.jpg 117w, https:\/\/www.ipleiria.pt\/esadcr\/wp-content\/uploads\/sites\/17\/2019\/09\/CARTAZ-EXPO-AP_-site-NOVO_-ESAD_grande-234x300.jpg 234w, https:\/\/www.ipleiria.pt\/esadcr\/wp-content\/uploads\/sites\/17\/2019\/09\/CARTAZ-EXPO-AP_-site-NOVO_-ESAD_grande-768x984.jpg 768w, https:\/\/www.ipleiria.pt\/esadcr\/wp-content\/uploads\/sites\/17\/2019\/09\/CARTAZ-EXPO-AP_-site-NOVO_-ESAD_grande-199x255.jpg 199w, https:\/\/www.ipleiria.pt\/esadcr\/wp-content\/uploads\/sites\/17\/2019\/09\/CARTAZ-EXPO-AP_-site-NOVO_-ESAD_grande-304x390.jpg 304w, https:\/\/www.ipleiria.pt\/esadcr\/wp-content\/uploads\/sites\/17\/2019\/09\/CARTAZ-EXPO-AP_-site-NOVO_-ESAD_grande-421x540.jpg 421w, https:\/\/www.ipleiria.pt\/esadcr\/wp-content\/uploads\/sites\/17\/2019\/09\/CARTAZ-EXPO-AP_-site-NOVO_-ESAD_grande-215x275.jpg 215w, https:\/\/www.ipleiria.pt\/esadcr\/wp-content\/uploads\/sites\/17\/2019\/09\/CARTAZ-EXPO-AP_-site-NOVO_-ESAD_grande-152x195.jpg 152w, https:\/\/www.ipleiria.pt\/esadcr\/wp-content\/uploads\/sites\/17\/2019\/09\/CARTAZ-EXPO-AP_-site-NOVO_-ESAD_grande.jpg 1100w\" sizes=\"(max-width: 799px) 100vw, 799px\" \/><\/a><\/figure>\n\n\n\n<p><a href=\"https:\/\/www.ipleiria.pt\/esadcr\/wp-content\/uploads\/sites\/17\/2019\/09\/Folha_Sala_ESAD_EXPOAP.pdf\">Folha de Sala<\/a><\/p>\n\n\n\n<p><a href=\"https:\/\/gazetacaldas.com\/actualidade\/finalistas-da-esad-mostram-os-seus-trabalhos-no-ccc\/\" target=\"_blank\" rel=\"noreferrer noopener\" aria-label=\" (opens in a new tab)\">Not\u00edcia Gazeta das Caldas<\/a><\/p>\n<\/div>\n\n\n\n<div class=\"wp-container-2 wp-block-column\" style=\"flex-basis:45%\">\n<p>A Escola Superior de Artes e Design de Caldas da Rainha do Polit\u00e9cnico\nde Leiria (ESAD.CR) celebra 30 anos de desenvolvimento de um projeto novo e\ndistinto no campo do ensino das Artes, do Design e da Cultura, reconhecido\nnacional e internacionalmente. <\/p>\n\n\n\n<p>Os seus diplomados t\u00eam sido protagonistas de relevo no circuito\nprofissional das artes contempor\u00e2neas, das artes performativas e da imagem,\nassim como do design gr\u00e1fico, do produto e ambientes. <\/p>\n\n\n\n<p>O curso de licenciatura em Artes Pl\u00e1sticas da ESAD.CR celebra 30 anos com\na Escola. 30 anos a promover transforma\u00e7\u00e3o e a transgredir fronteiras \u2013\nmateriais, virtuais, geogr\u00e1ficas ou emocionais \u2013 ajudando a fazer a Escola que\ntemos hoje. Apoiado numa pr\u00e1tica pedag\u00f3gica, transversal \u00e0 Escola, baseada no\nprojeto individual que assume in\u00fameras formas ao longo do percurso acad\u00e9mico \u2013\nevolutivo, apoia-se em processos de ensino-aprendizagem pr\u00e1ticos, cr\u00edticos e de\nnatureza experimental, intermediados por intensos debates te\u00f3ricos e transdisciplinares sobre\na cultura contempor\u00e2nea e as suas m\u00faltiplas formas de express\u00e3o que visam a\nmaterializa\u00e7\u00e3o de uma pot\u00eancia autoral, livre e com o mundo.<\/p>\n\n\n\n<p>Esta exposi\u00e7\u00e3o marca outra fronteira, sobre a maturidade art\u00edstica de\ncada um, sobre a continua\u00e7\u00e3o de estudos no Mestrado em Artes Pl\u00e1sticas e tamb\u00e9m\nsobre o desejo e sobre a realidade<\/p>\n\n\n\n<p>Esta exposi\u00e7\u00e3o representa a pr\u00f3xima transgress\u00e3o. <\/p>\n\n\n\n<p>O melhor para todos.<\/p>\n\n\n\n<p>Jo\u00e3o dos Santos<\/p>\n\n\n\n<p>(Diretor da ESAD.CR)<\/p>\n<\/div>\n<\/div>\n","protected":false},"excerpt":{"rendered":"De 14 de Setembro a 14 de Outubro, no Centro Cultural e de Congressos das Caldas da Rainha.","protected":false},"author":14,"featured_media":0,"comment_status":"closed","ping_status":"closed","sticky":false,"template":"","format":"standard","meta":{"multilingual_post_translation":"","custompostfields_banners":"","custompostfields_post-association_course-gallery":[],"custompostfields_titulo-homepage":"","custompostfields_event-date":"2019-09-14","custompostfields_event-end-date":"now","custompostfields_front-page-gallery-thumbnails":""},"categories":[122,10],"tags":[113],"_links":{"self":[{"href":"https:\/\/www.ipleiria.pt\/esadcr\/wp-json\/wp\/v2\/posts\/4515"}],"collection":[{"href":"https:\/\/www.ipleiria.pt\/esadcr\/wp-json\/wp\/v2\/posts"}],"about":[{"href":"https:\/\/www.ipleiria.pt\/esadcr\/wp-json\/wp\/v2\/types\/post"}],"author":[{"embeddable":true,"href":"https:\/\/www.ipleiria.pt\/esadcr\/wp-json\/wp\/v2\/users\/14"}],"replies":[{"embeddable":true,"href":"https:\/\/www.ipleiria.pt\/esadcr\/wp-json\/wp\/v2\/comments?post=4515"}],"version-history":[{"count":11,"href":"https:\/\/www.ipleiria.pt\/esadcr\/wp-json\/wp\/v2\/posts\/4515\/revisions"}],"predecessor-version":[{"id":13680,"href":"https:\/\/www.ipleiria.pt\/esadcr\/wp-json\/wp\/v2\/posts\/4515\/revisions\/13680"}],"wp:attachment":[{"href":"https:\/\/www.ipleiria.pt\/esadcr\/wp-json\/wp\/v2\/media?parent=4515"}],"wp:term":[{"taxonomy":"category","embeddable":true,"href":"https:\/\/www.ipleiria.pt\/esadcr\/wp-json\/wp\/v2\/categories?post=4515"},{"taxonomy":"post_tag","embeddable":true,"href":"https:\/\/www.ipleiria.pt\/esadcr\/wp-json\/wp\/v2\/tags?post=4515"}],"curies":[{"name":"wp","href":"https:\/\/api.w.org\/{rel}","templated":true}]}}