{"id":4579,"date":"2019-09-18T17:40:59","date_gmt":"2019-09-18T16:40:59","guid":{"rendered":"https:\/\/www.ipleiria.pt\/esadcr\/?p=4579"},"modified":"2021-11-02T10:02:33","modified_gmt":"2021-11-02T10:02:33","slug":"assinatura-do-protocolo-de-cedencia-da-antiga-escola-eb1-do-parque","status":"publish","type":"post","link":"https:\/\/www.ipleiria.pt\/esadcr\/2019\/09\/18\/assinatura-do-protocolo-de-cedencia-da-antiga-escola-eb1-do-parque\/","title":{"rendered":"Assinatura do protocolo de ced\u00eancia da antiga Escola EB1 do Parque."},"content":{"rendered":"\n<h2>Assinatura do protocolo de ced\u00eancia da antiga Escola EB1 do Parque.<\/h2>\n\n\n\n<div class=\"wp-container-3 wp-block-columns\">\n<div class=\"wp-container-1 wp-block-column\" style=\"flex-basis:66.66%\">\n<figure class=\"wp-block-image size-large\"><img loading=\"lazy\" width=\"800\" height=\"613\" src=\"https:\/\/www.ipleiria.pt\/esadcr\/wp-content\/uploads\/sites\/17\/2019\/09\/ESAD_20190918_0506_grande.jpg\" alt=\"\" class=\"wp-image-4580\" srcset=\"https:\/\/www.ipleiria.pt\/esadcr\/wp-content\/uploads\/sites\/17\/2019\/09\/ESAD_20190918_0506_grande.jpg 800w, https:\/\/www.ipleiria.pt\/esadcr\/wp-content\/uploads\/sites\/17\/2019\/09\/ESAD_20190918_0506_grande-150x115.jpg 150w, https:\/\/www.ipleiria.pt\/esadcr\/wp-content\/uploads\/sites\/17\/2019\/09\/ESAD_20190918_0506_grande-300x230.jpg 300w, https:\/\/www.ipleiria.pt\/esadcr\/wp-content\/uploads\/sites\/17\/2019\/09\/ESAD_20190918_0506_grande-768x588.jpg 768w, https:\/\/www.ipleiria.pt\/esadcr\/wp-content\/uploads\/sites\/17\/2019\/09\/ESAD_20190918_0506_grande-333x255.jpg 333w, https:\/\/www.ipleiria.pt\/esadcr\/wp-content\/uploads\/sites\/17\/2019\/09\/ESAD_20190918_0506_grande-390x299.jpg 390w, https:\/\/www.ipleiria.pt\/esadcr\/wp-content\/uploads\/sites\/17\/2019\/09\/ESAD_20190918_0506_grande-705x540.jpg 705w, https:\/\/www.ipleiria.pt\/esadcr\/wp-content\/uploads\/sites\/17\/2019\/09\/ESAD_20190918_0506_grande-359x275.jpg 359w, https:\/\/www.ipleiria.pt\/esadcr\/wp-content\/uploads\/sites\/17\/2019\/09\/ESAD_20190918_0506_grande-195x149.jpg 195w\" sizes=\"(max-width: 800px) 100vw, 800px\" \/><\/figure>\n<\/div>\n\n\n\n<div class=\"wp-container-2 wp-block-column\" style=\"flex-basis:33.33%\">\n<p>No dia 18 de setembro foi celebrada a assinatura do protocolo de ced\u00eancia da antiga Escola EB1 do Parque ao Polit\u00e9cnico de Leiria \u2013 ESAD.CR, entre o Presidente do Polit\u00e9cnico de Leiria, Rui Pedrosa e o Presidente da C\u00e2mara Municipal das Caldas da Rainha, Fernando Tinta Ferreira, para a instala\u00e7\u00e3o do futuro Laborat\u00f3rio de Experimenta\u00e7\u00e3o e Criatividade da ESAD.CR.<\/p>\n\n\n\n<p><a rel=\"noreferrer noopener\" aria-label=\"Not\u00edcia RTP (opens in a new tab)\" href=\"https:\/\/www.rtp.pt\/noticias\/cultura\/antiga-escola-das-caldas-da-rainha-transformada-em-laboratorio-de-criatividade_n1173810\" target=\"_blank\">Not\u00edcia RTP<\/a><\/p>\n<\/div>\n<\/div>\n","protected":false},"excerpt":{"rendered":"Protocolo para a instala\u00e7\u00e3o do futuro Laborat\u00f3rio de Experimenta\u00e7\u00e3o e Criatividade da ESAD.CR.","protected":false},"author":14,"featured_media":0,"comment_status":"closed","ping_status":"closed","sticky":false,"template":"","format":"standard","meta":{"multilingual_post_translation":"","custompostfields_banners":"","custompostfields_post-association_course-gallery":[],"custompostfields_titulo-homepage":"","custompostfields_event-date":"2019-09-18","custompostfields_event-end-date":"now","custompostfields_front-page-gallery-thumbnails":""},"categories":[122,40],"tags":[],"_links":{"self":[{"href":"https:\/\/www.ipleiria.pt\/esadcr\/wp-json\/wp\/v2\/posts\/4579"}],"collection":[{"href":"https:\/\/www.ipleiria.pt\/esadcr\/wp-json\/wp\/v2\/posts"}],"about":[{"href":"https:\/\/www.ipleiria.pt\/esadcr\/wp-json\/wp\/v2\/types\/post"}],"author":[{"embeddable":true,"href":"https:\/\/www.ipleiria.pt\/esadcr\/wp-json\/wp\/v2\/users\/14"}],"replies":[{"embeddable":true,"href":"https:\/\/www.ipleiria.pt\/esadcr\/wp-json\/wp\/v2\/comments?post=4579"}],"version-history":[{"count":11,"href":"https:\/\/www.ipleiria.pt\/esadcr\/wp-json\/wp\/v2\/posts\/4579\/revisions"}],"predecessor-version":[{"id":13677,"href":"https:\/\/www.ipleiria.pt\/esadcr\/wp-json\/wp\/v2\/posts\/4579\/revisions\/13677"}],"wp:attachment":[{"href":"https:\/\/www.ipleiria.pt\/esadcr\/wp-json\/wp\/v2\/media?parent=4579"}],"wp:term":[{"taxonomy":"category","embeddable":true,"href":"https:\/\/www.ipleiria.pt\/esadcr\/wp-json\/wp\/v2\/categories?post=4579"},{"taxonomy":"post_tag","embeddable":true,"href":"https:\/\/www.ipleiria.pt\/esadcr\/wp-json\/wp\/v2\/tags?post=4579"}],"curies":[{"name":"wp","href":"https:\/\/api.w.org\/{rel}","templated":true}]}}