{"id":4736,"date":"2019-09-27T17:31:04","date_gmt":"2019-09-27T16:31:04","guid":{"rendered":"https:\/\/www.ipleiria.pt\/esadcr\/?p=4736"},"modified":"2021-11-02T10:02:30","modified_gmt":"2021-11-02T10:02:30","slug":"exposicao-de-design-equipamento-urbano","status":"publish","type":"post","link":"https:\/\/www.ipleiria.pt\/esadcr\/2019\/09\/27\/exposicao-de-design-equipamento-urbano\/","title":{"rendered":"Exposi\u00e7\u00e3o de Design Equipamento Urbano"},"content":{"rendered":"\n<h2>Exposi\u00e7\u00e3o de Design Equipamento Urbano<\/h2>\n\n\n\n<div style=\"height:20px\" aria-hidden=\"true\" class=\"wp-block-spacer\"><\/div>\n\n\n\n<div class=\"wp-container-3 wp-block-columns\">\n<div class=\"wp-container-1 wp-block-column\" style=\"flex-basis:66.66%\">\n<figure class=\"wp-block-image size-large\"><img loading=\"lazy\" width=\"775\" height=\"1024\" src=\"https:\/\/www.ipleiria.pt\/esadcr\/wp-content\/uploads\/sites\/17\/2019\/09\/EXPO_design-de-equip-urbanos_G-775x1024.jpg\" alt=\"\" class=\"wp-image-4734\" srcset=\"https:\/\/www.ipleiria.pt\/esadcr\/wp-content\/uploads\/sites\/17\/2019\/09\/EXPO_design-de-equip-urbanos_G-775x1024.jpg 775w, https:\/\/www.ipleiria.pt\/esadcr\/wp-content\/uploads\/sites\/17\/2019\/09\/EXPO_design-de-equip-urbanos_G-114x150.jpg 114w, https:\/\/www.ipleiria.pt\/esadcr\/wp-content\/uploads\/sites\/17\/2019\/09\/EXPO_design-de-equip-urbanos_G-227x300.jpg 227w, https:\/\/www.ipleiria.pt\/esadcr\/wp-content\/uploads\/sites\/17\/2019\/09\/EXPO_design-de-equip-urbanos_G-768x1014.jpg 768w, https:\/\/www.ipleiria.pt\/esadcr\/wp-content\/uploads\/sites\/17\/2019\/09\/EXPO_design-de-equip-urbanos_G-193x255.jpg 193w, https:\/\/www.ipleiria.pt\/esadcr\/wp-content\/uploads\/sites\/17\/2019\/09\/EXPO_design-de-equip-urbanos_G-295x390.jpg 295w, https:\/\/www.ipleiria.pt\/esadcr\/wp-content\/uploads\/sites\/17\/2019\/09\/EXPO_design-de-equip-urbanos_G-409x540.jpg 409w, https:\/\/www.ipleiria.pt\/esadcr\/wp-content\/uploads\/sites\/17\/2019\/09\/EXPO_design-de-equip-urbanos_G-208x275.jpg 208w, https:\/\/www.ipleiria.pt\/esadcr\/wp-content\/uploads\/sites\/17\/2019\/09\/EXPO_design-de-equip-urbanos_G-148x195.jpg 148w, https:\/\/www.ipleiria.pt\/esadcr\/wp-content\/uploads\/sites\/17\/2019\/09\/EXPO_design-de-equip-urbanos_G.jpg 833w\" sizes=\"(max-width: 775px) 100vw, 775px\" \/><\/figure>\n<\/div>\n\n\n\n<div class=\"wp-container-2 wp-block-column\" style=\"flex-basis:33.33%\">\n<p>Exposi\u00e7\u00e3o de Design Equipamento Urbano, no Centro Interpretativo da Atouguia da Baleia, de 28 de Setembro a 19 de Outubro e de 22 de Outubro a 1 de Dezembro, no Museu da Renda de Bilros de Peniche.<br>A Exposi\u00e7\u00e3o resulta da parceria entre a Licenciatura de Design de Produto &#8211; Cer\u00e2mica e Vidro da ESAD.CR do Polit\u00e9cnico de Leiria e a C\u00e2mara Municipal de Peniche<\/p>\n<\/div>\n<\/div>\n","protected":false},"excerpt":{"rendered":"Exposi\u00e7\u00e3o integrada nas Jornadas Europeias do Patrim\u00f3nio","protected":false},"author":14,"featured_media":0,"comment_status":"closed","ping_status":"closed","sticky":false,"template":"","format":"standard","meta":{"multilingual_post_translation":"","custompostfields_banners":"","custompostfields_post-association_course-gallery":[],"custompostfields_titulo-homepage":"","custompostfields_event-date":"2019-10-22","custompostfields_event-end-date":"2019-12-01","custompostfields_front-page-gallery-thumbnails":""},"categories":[122,89,10,90],"tags":[],"_links":{"self":[{"href":"https:\/\/www.ipleiria.pt\/esadcr\/wp-json\/wp\/v2\/posts\/4736"}],"collection":[{"href":"https:\/\/www.ipleiria.pt\/esadcr\/wp-json\/wp\/v2\/posts"}],"about":[{"href":"https:\/\/www.ipleiria.pt\/esadcr\/wp-json\/wp\/v2\/types\/post"}],"author":[{"embeddable":true,"href":"https:\/\/www.ipleiria.pt\/esadcr\/wp-json\/wp\/v2\/users\/14"}],"replies":[{"embeddable":true,"href":"https:\/\/www.ipleiria.pt\/esadcr\/wp-json\/wp\/v2\/comments?post=4736"}],"version-history":[{"count":11,"href":"https:\/\/www.ipleiria.pt\/esadcr\/wp-json\/wp\/v2\/posts\/4736\/revisions"}],"predecessor-version":[{"id":13676,"href":"https:\/\/www.ipleiria.pt\/esadcr\/wp-json\/wp\/v2\/posts\/4736\/revisions\/13676"}],"wp:attachment":[{"href":"https:\/\/www.ipleiria.pt\/esadcr\/wp-json\/wp\/v2\/media?parent=4736"}],"wp:term":[{"taxonomy":"category","embeddable":true,"href":"https:\/\/www.ipleiria.pt\/esadcr\/wp-json\/wp\/v2\/categories?post=4736"},{"taxonomy":"post_tag","embeddable":true,"href":"https:\/\/www.ipleiria.pt\/esadcr\/wp-json\/wp\/v2\/tags?post=4736"}],"curies":[{"name":"wp","href":"https:\/\/api.w.org\/{rel}","templated":true}]}}