{"id":5015,"date":"2019-10-11T09:42:37","date_gmt":"2019-10-11T08:42:37","guid":{"rendered":"https:\/\/www.ipleiria.pt\/esadcr\/?p=5015"},"modified":"2021-11-02T10:01:30","modified_gmt":"2021-11-02T10:01:30","slug":"estudantes-e-docentes-da-esad-cr-participam-na-exposicao-de-artes-plasticas-o-medo-dos-medos-no-tempo","status":"publish","type":"post","link":"https:\/\/www.ipleiria.pt\/esadcr\/2019\/10\/11\/estudantes-e-docentes-da-esad-cr-participam-na-exposicao-de-artes-plasticas-o-medo-dos-medos-no-tempo\/","title":{"rendered":"Estudantes e docentes da ESAD.CR participam na exposi\u00e7\u00e3o de artes pl\u00e1sticas \u201c O medo dos medos no tempo\u201d"},"content":{"rendered":"\n<div style=\"height:20px\" aria-hidden=\"true\" class=\"wp-block-spacer\"><\/div>\n\n\n\n<div class=\"wp-container-3 wp-block-columns\">\n<div class=\"wp-container-1 wp-block-column\" style=\"flex-basis:66.66%\">\n<figure class=\"wp-block-image size-large\"><img loading=\"lazy\" width=\"1024\" height=\"574\" src=\"https:\/\/www.ipleiria.pt\/esadcr\/wp-content\/uploads\/sites\/17\/2019\/10\/Exposic\u0327a\u0303o-O-Medo-dos-Medos-no-Tempo-1024x574.png\" alt=\"\" class=\"wp-image-5016\" srcset=\"https:\/\/www.ipleiria.pt\/esadcr\/wp-content\/uploads\/sites\/17\/2019\/10\/Exposic\u0327a\u0303o-O-Medo-dos-Medos-no-Tempo-1024x574.png 1024w, https:\/\/www.ipleiria.pt\/esadcr\/wp-content\/uploads\/sites\/17\/2019\/10\/Exposic\u0327a\u0303o-O-Medo-dos-Medos-no-Tempo-150x84.png 150w, https:\/\/www.ipleiria.pt\/esadcr\/wp-content\/uploads\/sites\/17\/2019\/10\/Exposic\u0327a\u0303o-O-Medo-dos-Medos-no-Tempo-300x168.png 300w, https:\/\/www.ipleiria.pt\/esadcr\/wp-content\/uploads\/sites\/17\/2019\/10\/Exposic\u0327a\u0303o-O-Medo-dos-Medos-no-Tempo-768x430.png 768w, https:\/\/www.ipleiria.pt\/esadcr\/wp-content\/uploads\/sites\/17\/2019\/10\/Exposic\u0327a\u0303o-O-Medo-dos-Medos-no-Tempo-365x205.png 365w, https:\/\/www.ipleiria.pt\/esadcr\/wp-content\/uploads\/sites\/17\/2019\/10\/Exposic\u0327a\u0303o-O-Medo-dos-Medos-no-Tempo-390x219.png 390w, https:\/\/www.ipleiria.pt\/esadcr\/wp-content\/uploads\/sites\/17\/2019\/10\/Exposic\u0327a\u0303o-O-Medo-dos-Medos-no-Tempo-960x538.png 960w, https:\/\/www.ipleiria.pt\/esadcr\/wp-content\/uploads\/sites\/17\/2019\/10\/Exposic\u0327a\u0303o-O-Medo-dos-Medos-no-Tempo-491x275.png 491w, https:\/\/www.ipleiria.pt\/esadcr\/wp-content\/uploads\/sites\/17\/2019\/10\/Exposic\u0327a\u0303o-O-Medo-dos-Medos-no-Tempo-195x109.png 195w, https:\/\/www.ipleiria.pt\/esadcr\/wp-content\/uploads\/sites\/17\/2019\/10\/Exposic\u0327a\u0303o-O-Medo-dos-Medos-no-Tempo.png 1076w\" sizes=\"(max-width: 1024px) 100vw, 1024px\" \/><\/figure>\n<\/div>\n\n\n\n<div class=\"wp-container-2 wp-block-column\" style=\"flex-basis:33.33%\">\n<h4>Estudantes e docentes da ESAD.CR participam na exposi\u00e7\u00e3o de artes pl\u00e1sticas \u201c O medo dos medos no tempo\u201d<\/h4>\n\n\n\n<p>O museu \u00e9 lugar de mem\u00f3ria que se reafirma pela descoberta de um \u201cnovo\u201d observar.<br> As obras cl\u00e1ssicas do acervo do Museu Municipal seduzem os artistas para a constru\u00e7\u00e3o de uma abordagem dialogante.<br> Surgem sonoridades e vocabul\u00e1rios pl\u00e1sticos que provocam e inquietam este lugar.<\/p>\n\n\n\n<p><\/p>\n\n\n\n<p>A Exposi\u00e7\u00e3o &#8220;O Medo dos Medos no Tempo&#8221;, integrada no FOLIO 2019, estar\u00e1 patente no Museu Municipal de \u00d3bidos,  de 10 a 20 de Outubro, e poder\u00e1 ser visitada das 10h00 \u00e0s 20h00.<\/p>\n\n\n\n<p>Estudantes e docentes de Artes Pl\u00e1sticas da ESAD.CR participantes na exposi\u00e7\u00e3o:<br>Catarina Leit\u00e3o \/ Cristina Ata\u00edde \/ Ivo Andrade \/ Jos\u00e9 Aur\u00e9lio \/  Marta Soares \/ Rafaela Ferreira \/ Samuel Rama \/ Sebasti\u00e3o Casanova<br> <strong>Curadoria<\/strong>: Ana Maria Cal\u00e7ada<\/p>\n\n\n\n<p><a href=\"http:\/\/foliofestival.com\/exposicoes\/o-medo-dos-medos-no-tempo\/\" target=\"_blank\" rel=\"noreferrer noopener\" aria-label=\"+ info: (opens in a new tab)\">+ info:<\/a><\/p>\n<\/div>\n<\/div>\n","protected":false},"excerpt":{"rendered":"Em \u00d3bidos, de 10 a 20 de Outubro.","protected":false},"author":14,"featured_media":5016,"comment_status":"closed","ping_status":"closed","sticky":false,"template":"","format":"standard","meta":{"multilingual_post_translation":"","custompostfields_banners":"","custompostfields_post-association_course-gallery":[],"custompostfields_titulo-homepage":"","custompostfields_event-date":"2019-10-10","custompostfields_event-end-date":"2019-10-20","custompostfields_front-page-gallery-thumbnails":""},"categories":[122,89,10],"tags":[],"_links":{"self":[{"href":"https:\/\/www.ipleiria.pt\/esadcr\/wp-json\/wp\/v2\/posts\/5015"}],"collection":[{"href":"https:\/\/www.ipleiria.pt\/esadcr\/wp-json\/wp\/v2\/posts"}],"about":[{"href":"https:\/\/www.ipleiria.pt\/esadcr\/wp-json\/wp\/v2\/types\/post"}],"author":[{"embeddable":true,"href":"https:\/\/www.ipleiria.pt\/esadcr\/wp-json\/wp\/v2\/users\/14"}],"replies":[{"embeddable":true,"href":"https:\/\/www.ipleiria.pt\/esadcr\/wp-json\/wp\/v2\/comments?post=5015"}],"version-history":[{"count":8,"href":"https:\/\/www.ipleiria.pt\/esadcr\/wp-json\/wp\/v2\/posts\/5015\/revisions"}],"predecessor-version":[{"id":13664,"href":"https:\/\/www.ipleiria.pt\/esadcr\/wp-json\/wp\/v2\/posts\/5015\/revisions\/13664"}],"wp:featuredmedia":[{"embeddable":true,"href":"https:\/\/www.ipleiria.pt\/esadcr\/wp-json\/wp\/v2\/media\/5016"}],"wp:attachment":[{"href":"https:\/\/www.ipleiria.pt\/esadcr\/wp-json\/wp\/v2\/media?parent=5015"}],"wp:term":[{"taxonomy":"category","embeddable":true,"href":"https:\/\/www.ipleiria.pt\/esadcr\/wp-json\/wp\/v2\/categories?post=5015"},{"taxonomy":"post_tag","embeddable":true,"href":"https:\/\/www.ipleiria.pt\/esadcr\/wp-json\/wp\/v2\/tags?post=5015"}],"curies":[{"name":"wp","href":"https:\/\/api.w.org\/{rel}","templated":true}]}}