{"id":6258,"date":"2020-01-21T10:30:00","date_gmt":"2020-01-21T10:30:00","guid":{"rendered":"https:\/\/www.ipleiria.pt\/esadcr\/?p=6258"},"modified":"2020-03-10T16:24:26","modified_gmt":"2020-03-10T16:24:26","slug":"espetaculo-manual-de-instrucoes","status":"publish","type":"post","link":"https:\/\/www.ipleiria.pt\/esadcr\/2020\/01\/21\/espetaculo-manual-de-instrucoes\/","title":{"rendered":"Espet\u00e1culo &#8220;Manual de Instru\u00e7\u00f5es&#8221;"},"content":{"rendered":"\n<div class=\"wp-container-3 wp-block-columns\">\n<div class=\"wp-container-1 wp-block-column\" style=\"flex-basis:50%\">\n<div style=\"height:36px\" aria-hidden=\"true\" class=\"wp-block-spacer\"><\/div>\n\n\n\n<figure class=\"wp-block-image size-large\"><img loading=\"lazy\" width=\"532\" height=\"752\" src=\"https:\/\/www.ipleiria.pt\/esadcr\/wp-content\/uploads\/sites\/17\/2020\/01\/image001_2.jpg\" alt=\"\" class=\"wp-image-6259\" srcset=\"https:\/\/www.ipleiria.pt\/esadcr\/wp-content\/uploads\/sites\/17\/2020\/01\/image001_2.jpg 532w, https:\/\/www.ipleiria.pt\/esadcr\/wp-content\/uploads\/sites\/17\/2020\/01\/image001_2-212x300.jpg 212w, https:\/\/www.ipleiria.pt\/esadcr\/wp-content\/uploads\/sites\/17\/2020\/01\/image001_2-106x150.jpg 106w, https:\/\/www.ipleiria.pt\/esadcr\/wp-content\/uploads\/sites\/17\/2020\/01\/image001_2-180x255.jpg 180w, https:\/\/www.ipleiria.pt\/esadcr\/wp-content\/uploads\/sites\/17\/2020\/01\/image001_2-276x390.jpg 276w, https:\/\/www.ipleiria.pt\/esadcr\/wp-content\/uploads\/sites\/17\/2020\/01\/image001_2-382x540.jpg 382w, https:\/\/www.ipleiria.pt\/esadcr\/wp-content\/uploads\/sites\/17\/2020\/01\/image001_2-195x275.jpg 195w, https:\/\/www.ipleiria.pt\/esadcr\/wp-content\/uploads\/sites\/17\/2020\/01\/image001_2-138x195.jpg 138w\" sizes=\"(max-width: 532px) 100vw, 532px\" \/><\/figure>\n<\/div>\n\n\n\n<div class=\"wp-container-2 wp-block-column\" style=\"flex-basis:50%\">\n<h2>Espet\u00e1culo &#8220;Manual de Instru\u00e7\u00f5es&#8221;<\/h2>\n\n\n\n<p>Em Janeiro no dias 24 \u00e0s 21h30 e 26 pelas 16h30  no Pequeno Audit\u00f3rio do CCC.<\/p>\n\n\n\n<p><\/p>\n\n\n\n<p>Este \u00e9 um espet\u00e1culo de teatro e n\u00e3o um livro. Essa \u00e9 a primeira coisa a dizer.<br> Manual de Instru\u00e7\u00f5es para o que temos que aprender.<br> Manual de Instru\u00e7\u00f5es que nos ensine a conseguir, a n\u00e3o falhar, a chegar l\u00e1.<br> N\u00e3o se preocupem, n\u00f3s lemos o manual e vai ficar tudo bem, porque percebemos exatamente o que era esperado de n\u00f3s.<\/p>\n\n\n\n<p>Foi a partir destas ideias que trabalh\u00e1mos nesta nova cria\u00e7\u00e3o dos alunos finalistas da Licenciatura em Teatro da ESAD.CR: regras e como quebr\u00e1-las; como viver no mundo e com o mundo; como fazer uma revolu\u00e7\u00e3o que o transforme mesmo. A prop\u00f3sito, j\u00e1 viram quantas revolu\u00e7\u00f5es est\u00e3o a eclodir por esse mundo fora, quase todas come\u00e7adas por jovens?<br>\nMal vestidos para a meteorologia do momento, apanhados entre um Ver\u00e3o que n\u00e3o acabava e um Outono que tardava e que, quando chegou j\u00e1 era Inverno, eles e elas olham perplexos e maravilhados a queda das folhas e declaram-se prontos, declaram-se Aqui. Presentes.<\/p>\n\n\n\n<p>Um texto original de Joana Craveiro sobre as inquieta\u00e7\u00f5es de uma gera\u00e7\u00e3o que quer saber como se faz para se ser feliz.<\/p>\n\n\n\n<div style=\"height:20px\" aria-hidden=\"true\" class=\"wp-block-spacer\"><\/div>\n\n\n\n<p><strong>Texto e Direc\u00e7\u00e3o<\/strong>: Joana Craveiro<br><strong> Co-cria\u00e7\u00e3o e Interpreta\u00e7\u00e3o:<\/strong> David dos Santos; In\u00eas Monteiro; Carolina Vouga; Micael Coelho; Sabrina Santos; F\u00e1bio Dias; Andr\u00e9 Mexia; Fabian Bravo; In\u00eas Mendes; In\u00eas In\u00e1cio <br><strong> Assist\u00eancia| Opera\u00e7\u00e3o de Som:<\/strong> Jos\u00e9 Torrado; Mafalda Pereira; Ricardo Jer\u00f3nimo<br> <strong>Desenho e Opera\u00e7\u00e3o de Luz:<\/strong> Leoc\u00e1dia Silva<br><strong> Cartaz: <\/strong>Carolina Cipriano<br> <strong>Penteados:<\/strong> Ana Farinho<br><strong> Apoios:<\/strong> Ana Farinho Cabeleireiro; FX Roadlights; Teatro do Vestido<\/p>\n<\/div>\n<\/div>\n","protected":false},"excerpt":{"rendered":"24 e 26 de Janeiro no CCC","protected":false},"author":14,"featured_media":6259,"comment_status":"closed","ping_status":"closed","sticky":false,"template":"","format":"standard","meta":{"multilingual_post_translation":"","custompostfields_banners":"","custompostfields_post-association_course-gallery":[],"custompostfields_titulo-homepage":"","custompostfields_event-date":"2020-01-24","custompostfields_event-end-date":"2020-01-25","custompostfields_front-page-gallery-thumbnails":"6470"},"categories":[10],"tags":[],"_links":{"self":[{"href":"https:\/\/www.ipleiria.pt\/esadcr\/wp-json\/wp\/v2\/posts\/6258"}],"collection":[{"href":"https:\/\/www.ipleiria.pt\/esadcr\/wp-json\/wp\/v2\/posts"}],"about":[{"href":"https:\/\/www.ipleiria.pt\/esadcr\/wp-json\/wp\/v2\/types\/post"}],"author":[{"embeddable":true,"href":"https:\/\/www.ipleiria.pt\/esadcr\/wp-json\/wp\/v2\/users\/14"}],"replies":[{"embeddable":true,"href":"https:\/\/www.ipleiria.pt\/esadcr\/wp-json\/wp\/v2\/comments?post=6258"}],"version-history":[{"count":7,"href":"https:\/\/www.ipleiria.pt\/esadcr\/wp-json\/wp\/v2\/posts\/6258\/revisions"}],"predecessor-version":[{"id":6270,"href":"https:\/\/www.ipleiria.pt\/esadcr\/wp-json\/wp\/v2\/posts\/6258\/revisions\/6270"}],"wp:featuredmedia":[{"embeddable":true,"href":"https:\/\/www.ipleiria.pt\/esadcr\/wp-json\/wp\/v2\/media\/6259"}],"wp:attachment":[{"href":"https:\/\/www.ipleiria.pt\/esadcr\/wp-json\/wp\/v2\/media?parent=6258"}],"wp:term":[{"taxonomy":"category","embeddable":true,"href":"https:\/\/www.ipleiria.pt\/esadcr\/wp-json\/wp\/v2\/categories?post=6258"},{"taxonomy":"post_tag","embeddable":true,"href":"https:\/\/www.ipleiria.pt\/esadcr\/wp-json\/wp\/v2\/tags?post=6258"}],"curies":[{"name":"wp","href":"https:\/\/api.w.org\/{rel}","templated":true}]}}