{"id":9203,"date":"2020-09-12T14:39:54","date_gmt":"2020-09-12T13:39:54","guid":{"rendered":"https:\/\/www.ipleiria.pt\/esadcr\/?p=9203"},"modified":"2021-10-15T09:33:48","modified_gmt":"2021-10-15T08:33:48","slug":"recem-licenciada-de-som-e-imagem-vence-premio-do-indielisboa","status":"publish","type":"post","link":"https:\/\/www.ipleiria.pt\/esadcr\/2020\/09\/12\/recem-licenciada-de-som-e-imagem-vence-premio-do-indielisboa\/","title":{"rendered":"Rec\u00e9m-licenciada na ESAD.CR vence pr\u00e9mio"},"content":{"rendered":"\n<div class=\"wp-container-3 wp-block-columns\">\n<div class=\"wp-container-1 wp-block-column\">\n<div style=\"height:38px\" aria-hidden=\"true\" class=\"wp-block-spacer\"><\/div>\n\n\n\n<figure class=\"wp-block-image size-large\"><img src=\"https:\/\/www.ipleiria.pt\/esadcr\/wp-content\/uploads\/sites\/17\/2020\/09\/contrafogo_Foto.jpg\" alt=\"\" class=\"wp-image-9204\" height=\"NaN\" srcset=\"https:\/\/www.ipleiria.pt\/esadcr\/wp-content\/uploads\/sites\/17\/2020\/09\/contrafogo_Foto.jpg 720w, https:\/\/www.ipleiria.pt\/esadcr\/wp-content\/uploads\/sites\/17\/2020\/09\/contrafogo_Foto-200x300.jpg 200w, https:\/\/www.ipleiria.pt\/esadcr\/wp-content\/uploads\/sites\/17\/2020\/09\/contrafogo_Foto-100x150.jpg 100w, https:\/\/www.ipleiria.pt\/esadcr\/wp-content\/uploads\/sites\/17\/2020\/09\/contrafogo_Foto-280x420.jpg 280w, https:\/\/www.ipleiria.pt\/esadcr\/wp-content\/uploads\/sites\/17\/2020\/09\/contrafogo_Foto-260x390.jpg 260w, https:\/\/www.ipleiria.pt\/esadcr\/wp-content\/uploads\/sites\/17\/2020\/09\/contrafogo_Foto-360x540.jpg 360w, https:\/\/www.ipleiria.pt\/esadcr\/wp-content\/uploads\/sites\/17\/2020\/09\/contrafogo_Foto-183x275.jpg 183w, https:\/\/www.ipleiria.pt\/esadcr\/wp-content\/uploads\/sites\/17\/2020\/09\/contrafogo_Foto-130x195.jpg 130w\" sizes=\"(max-width: 720px) 100vw, 720px\" \/><\/figure>\n<\/div>\n\n\n\n<div class=\"wp-container-2 wp-block-column\">\n<h2>Rec\u00e9m-licenciada de Som e Imagem vence pr\u00e9mio do IndieLisboa<\/h2>\n\n\n\n<p>Carolina Viera, rec\u00e9m-licenciada no curso de Som Imagem da Escola Superior de Artes e Design das Caldas da Rainha, do Polit\u00e9cnico de Leiria, acaba de ganhar o pr\u00e9mio Nov\u00edssimos do IndieLisboa 2020, com o filme \u2018Contrafogo\u2019 &#8211; 10\u2019 realizado na disciplina de Projecto Final.<\/p>\n\n\n\n<p>O j\u00fari foi unanime na atribui\u00e7\u00e3o do pr\u00e9mio dizendo: \u2018Por ser um filme que re\u00fane de forma doce, bem-humorada e delicadamente cr\u00edtica, sensa\u00e7\u00f5es que atravessam este dif\u00edcil ano de 2020, e que deixa no ar um sentimento de bem-estar e reflex\u00e3o sobre a vida, sobre o tempo, sobre as rela\u00e7\u00f5es familiares, e sobre o pr\u00f3prio sentido do cinema, o j\u00fari escolheu para receber o Pr\u00e9mio Nov\u00edssimos o filme CONTRAFOGO, de Carolina Vieira.\u201d<\/p>\n\n\n\n<p>A ESAD.CR congratula-se com o pr\u00e9mio atribu\u00eddo ao filme, conseguido nas circunst\u00e2ncias de confinamento. Carolina Vieira mostra-nos que \u00e9 poss\u00edvel encontrar um tempo para refletir e praticar no meio de uma aparente suspens\u00e3o. \u00c9 com uma grande alegria que a ESAD.CR d\u00e1 os parab\u00e9ns a Carolina Vieira pela concretiza\u00e7\u00e3o do seu peculiar e sens\u00edvel filme Contrafogo e pelo pr\u00e9mio recebido.<\/p>\n\n\n\n<p>Parab\u00e9ns Carolina.<\/p>\n<\/div>\n<\/div>\n","protected":false},"excerpt":{"rendered":"Not\u00edcia","protected":false},"author":16,"featured_media":0,"comment_status":"closed","ping_status":"closed","sticky":false,"template":"","format":"standard","meta":{"multilingual_post_translation":"","custompostfields_banners":"","custompostfields_post-association_course-gallery":[],"custompostfields_titulo-homepage":"","custompostfields_event-date":"2020-09-07","custompostfields_event-end-date":"2020-09-07","custompostfields_front-page-gallery-thumbnails":"9205"},"categories":[40,77],"tags":[],"_links":{"self":[{"href":"https:\/\/www.ipleiria.pt\/esadcr\/wp-json\/wp\/v2\/posts\/9203"}],"collection":[{"href":"https:\/\/www.ipleiria.pt\/esadcr\/wp-json\/wp\/v2\/posts"}],"about":[{"href":"https:\/\/www.ipleiria.pt\/esadcr\/wp-json\/wp\/v2\/types\/post"}],"author":[{"embeddable":true,"href":"https:\/\/www.ipleiria.pt\/esadcr\/wp-json\/wp\/v2\/users\/16"}],"replies":[{"embeddable":true,"href":"https:\/\/www.ipleiria.pt\/esadcr\/wp-json\/wp\/v2\/comments?post=9203"}],"version-history":[{"count":14,"href":"https:\/\/www.ipleiria.pt\/esadcr\/wp-json\/wp\/v2\/posts\/9203\/revisions"}],"predecessor-version":[{"id":12857,"href":"https:\/\/www.ipleiria.pt\/esadcr\/wp-json\/wp\/v2\/posts\/9203\/revisions\/12857"}],"wp:attachment":[{"href":"https:\/\/www.ipleiria.pt\/esadcr\/wp-json\/wp\/v2\/media?parent=9203"}],"wp:term":[{"taxonomy":"category","embeddable":true,"href":"https:\/\/www.ipleiria.pt\/esadcr\/wp-json\/wp\/v2\/categories?post=9203"},{"taxonomy":"post_tag","embeddable":true,"href":"https:\/\/www.ipleiria.pt\/esadcr\/wp-json\/wp\/v2\/tags?post=9203"}],"curies":[{"name":"wp","href":"https:\/\/api.w.org\/{rel}","templated":true}]}}