{"id":9924,"date":"2020-11-08T09:30:42","date_gmt":"2020-11-08T09:30:42","guid":{"rendered":"https:\/\/www.ipleiria.pt\/esadcr\/?p=9924"},"modified":"2022-02-08T14:47:40","modified_gmt":"2022-02-08T14:47:40","slug":"arte-do-encontro-conversas-sobre-mediacao-cultural","status":"publish","type":"post","link":"https:\/\/www.ipleiria.pt\/esadcr\/2020\/11\/08\/arte-do-encontro-conversas-sobre-mediacao-cultural\/","title":{"rendered":"Arte do Encontro: Conversas sobre Media\u00e7\u00e3o Cultural"},"content":{"rendered":"\n<div class=\"wp-container-3 wp-block-columns\">\n<div class=\"wp-container-1 wp-block-column\">\n<div style=\"height:20px\" aria-hidden=\"true\" class=\"wp-block-spacer\"><\/div>\n\n\n\n<figure class=\"wp-block-image size-large\"><img src=\"https:\/\/www.ipleiria.pt\/esadcr\/wp-content\/uploads\/sites\/17\/2020\/11\/Conversas-sobre-Mediac\u0327a\u0303o-Cultural-SITE-PT-2.jpg\" alt=\"\" class=\"wp-image-9925\" height=\"NaN\" srcset=\"https:\/\/www.ipleiria.pt\/esadcr\/wp-content\/uploads\/sites\/17\/2020\/11\/Conversas-sobre-Mediac\u0327a\u0303o-Cultural-SITE-PT-2.jpg 720w, https:\/\/www.ipleiria.pt\/esadcr\/wp-content\/uploads\/sites\/17\/2020\/11\/Conversas-sobre-Mediac\u0327a\u0303o-Cultural-SITE-PT-2-228x300.jpg 228w, https:\/\/www.ipleiria.pt\/esadcr\/wp-content\/uploads\/sites\/17\/2020\/11\/Conversas-sobre-Mediac\u0327a\u0303o-Cultural-SITE-PT-2-114x150.jpg 114w, https:\/\/www.ipleiria.pt\/esadcr\/wp-content\/uploads\/sites\/17\/2020\/11\/Conversas-sobre-Mediac\u0327a\u0303o-Cultural-SITE-PT-2-300x394.jpg 300w, https:\/\/www.ipleiria.pt\/esadcr\/wp-content\/uploads\/sites\/17\/2020\/11\/Conversas-sobre-Mediac\u0327a\u0303o-Cultural-SITE-PT-2-297x390.jpg 297w, https:\/\/www.ipleiria.pt\/esadcr\/wp-content\/uploads\/sites\/17\/2020\/11\/Conversas-sobre-Mediac\u0327a\u0303o-Cultural-SITE-PT-2-411x540.jpg 411w, https:\/\/www.ipleiria.pt\/esadcr\/wp-content\/uploads\/sites\/17\/2020\/11\/Conversas-sobre-Mediac\u0327a\u0303o-Cultural-SITE-PT-2-209x275.jpg 209w, https:\/\/www.ipleiria.pt\/esadcr\/wp-content\/uploads\/sites\/17\/2020\/11\/Conversas-sobre-Mediac\u0327a\u0303o-Cultural-SITE-PT-2-148x195.jpg 148w\" sizes=\"(max-width: 720px) 100vw, 720px\" \/><\/figure>\n<\/div>\n\n\n\n<div class=\"wp-container-2 wp-block-column\">\n<h2>Arte do Encontro: Conversas sobre Media\u00e7\u00e3o Cultural<\/h2>\n\n\n\n<p><strong>Ser\u00e1 a Media\u00e7\u00e3o Cultural a&nbsp;<em>Arte do Encontro<\/em>? Encontros de qu\u00ea, com quem, em que contextos, com que finalidades? Que projectos de media\u00e7\u00e3o art\u00edstica e cultural t\u00eam sido promotores de bons encontros? Que desafios os mediadores culturais t\u00eam vivido no presente e o que tra\u00e7am para o Futuro? Neste ciclo conversas tem\u00e1ticas online, convid\u00e1mos v\u00e1rios\/as artistas e profissionais da media\u00e7\u00e3o cultural para uma partilha de ideias sobre estas quest\u00f5es e sobre os projetos que t\u00eam desenvolvido no terreno e com a comunidade. \u00c9 uma aula aberta e todos\/as os interessados\/as s\u00e3o bem-vindos.&nbsp;&nbsp;Solicitar link atrav\u00e9s do email:&nbsp;<\/strong><a href=\"mailto:silvia.moreira@ipleiria.pt\" target=\"_blank\" rel=\"noreferrer noopener\"><strong>silvia.moreira@ipleiria.pt<\/strong><\/a><\/p>\n<\/div>\n<\/div>\n","protected":false},"excerpt":{"rendered":"Aula Aberta &#8211; Online","protected":false},"author":16,"featured_media":0,"comment_status":"closed","ping_status":"closed","sticky":false,"template":"","format":"standard","meta":{"multilingual_post_translation":"{\"en-GB\":{\"url\":\"https:\/\/www.ipleiria.pt\/esadcr-en\/?p=6362\",\"postID\":null,\"postTitle\":\"\",\"siteID\":22,\"customURL\":true,\"languageInfo\":{\"multilingual_site_api_url\":\"https:\/\/www.ipleiria.pt\/esadcr-en\/wp-json\/\",\"name\":\"English\",\"locale\":\"en_GB\"}}}","custompostfields_banners":"","custompostfields_post-association_course-gallery":[],"custompostfields_titulo-homepage":"","custompostfields_event-date":"2020-11-19","custompostfields_event-end-date":"2020-12-10","custompostfields_front-page-gallery-thumbnails":"9926"},"categories":[122,10],"tags":[],"_links":{"self":[{"href":"https:\/\/www.ipleiria.pt\/esadcr\/wp-json\/wp\/v2\/posts\/9924"}],"collection":[{"href":"https:\/\/www.ipleiria.pt\/esadcr\/wp-json\/wp\/v2\/posts"}],"about":[{"href":"https:\/\/www.ipleiria.pt\/esadcr\/wp-json\/wp\/v2\/types\/post"}],"author":[{"embeddable":true,"href":"https:\/\/www.ipleiria.pt\/esadcr\/wp-json\/wp\/v2\/users\/16"}],"replies":[{"embeddable":true,"href":"https:\/\/www.ipleiria.pt\/esadcr\/wp-json\/wp\/v2\/comments?post=9924"}],"version-history":[{"count":5,"href":"https:\/\/www.ipleiria.pt\/esadcr\/wp-json\/wp\/v2\/posts\/9924\/revisions"}],"predecessor-version":[{"id":10335,"href":"https:\/\/www.ipleiria.pt\/esadcr\/wp-json\/wp\/v2\/posts\/9924\/revisions\/10335"}],"wp:attachment":[{"href":"https:\/\/www.ipleiria.pt\/esadcr\/wp-json\/wp\/v2\/media?parent=9924"}],"wp:term":[{"taxonomy":"category","embeddable":true,"href":"https:\/\/www.ipleiria.pt\/esadcr\/wp-json\/wp\/v2\/categories?post=9924"},{"taxonomy":"post_tag","embeddable":true,"href":"https:\/\/www.ipleiria.pt\/esadcr\/wp-json\/wp\/v2\/tags?post=9924"}],"curies":[{"name":"wp","href":"https:\/\/api.w.org\/{rel}","templated":true}]}}