{"id":10670,"date":"2022-03-03T14:02:00","date_gmt":"2022-03-03T14:02:00","guid":{"rendered":"https:\/\/www.ipleiria.pt\/estg\/?p=10670"},"modified":"2025-05-21T14:02:38","modified_gmt":"2025-05-21T14:02:38","slug":"bens-para-doar-a-ucrania","status":"publish","type":"post","link":"https:\/\/www.ipleiria.pt\/estg\/2022\/03\/03\/bens-para-doar-a-ucrania\/","title":{"rendered":"Bens para doar \u00e0 Ucr\u00e2nia"},"content":{"rendered":"\n<p>Foram entregues no dia 4 de mar\u00e7o, ao&nbsp;<a href=\"https:\/\/www.facebook.com\/municipioleiria\/?__cft__[0]=AZWyckPiKoguEEoIdVjjynMmXaAnXivqdWc1hbbrcq5rh8OExXf7HG8091nVuun2l6y1NRZDgOkibA0qO8DOZuoPUE-Fn_taqvF2Jax_C28ZlIA514a1ruTRdlX8Q1QYyM6xtvDb5o7pA0G1UWFCGvfK4sGS2bM-wdRKvAyd3VHzTiM8v_P6dxFAWmrhVkeBgt4&amp;__tn__=kK-R\">Munic\u00edpio de Leiria<\/a>, os primeiros bens recolhidos na&nbsp;<a href=\"https:\/\/www.facebook.com\/ESTGLeiria\/?__cft__[0]=AZWyckPiKoguEEoIdVjjynMmXaAnXivqdWc1hbbrcq5rh8OExXf7HG8091nVuun2l6y1NRZDgOkibA0qO8DOZuoPUE-Fn_taqvF2Jax_C28ZlIA514a1ruTRdlX8Q1QYyM6xtvDb5o7pA0G1UWFCGvfK4sGS2bM-wdRKvAyd3VHzTiM8v_P6dxFAWmrhVkeBgt4&amp;__tn__=kK-R\">ESTG-Leiria<\/a>&nbsp;para doar \u00e0 Ucr\u00e2nia. A ESTG continuar\u00e1 a disponibilizar um ponto de recolha de bens (\u00e1trio do Edif\u00edcio D), salientando que, de acordo com informa\u00e7\u00e3o do&nbsp;<a href=\"https:\/\/www.facebook.com\/municipioleiria\/?__cft__[0]=AZWyckPiKoguEEoIdVjjynMmXaAnXivqdWc1hbbrcq5rh8OExXf7HG8091nVuun2l6y1NRZDgOkibA0qO8DOZuoPUE-Fn_taqvF2Jax_C28ZlIA514a1ruTRdlX8Q1QYyM6xtvDb5o7pA0G1UWFCGvfK4sGS2bM-wdRKvAyd3VHzTiM8v_P6dxFAWmrhVkeBgt4&amp;__tn__=kK-R\">Munic\u00edpio de Leiria<\/a>, e devido ao elevado volume de roupa j\u00e1 doada, apela-se \u00e0 doa\u00e7\u00e3o priorit\u00e1ria dos seguintes produtos:<\/p>\n\n\n<div class=\"wp-block-image\">\n<figure class=\"aligncenter size-full\"><img loading=\"lazy\" width=\"1024\" height=\"768\" src=\"https:\/\/www.ipleiria.pt\/estg\/wp-content\/uploads\/sites\/32\/2025\/05\/275110670_10159493333471855_785814748348136125_n-1024x768-1.jpg\" alt=\"\" class=\"wp-image-10671\" srcset=\"https:\/\/www.ipleiria.pt\/estg\/wp-content\/uploads\/sites\/32\/2025\/05\/275110670_10159493333471855_785814748348136125_n-1024x768-1.jpg 1024w, https:\/\/www.ipleiria.pt\/estg\/wp-content\/uploads\/sites\/32\/2025\/05\/275110670_10159493333471855_785814748348136125_n-1024x768-1-300x225.jpg 300w, https:\/\/www.ipleiria.pt\/estg\/wp-content\/uploads\/sites\/32\/2025\/05\/275110670_10159493333471855_785814748348136125_n-1024x768-1-768x576.jpg 768w\" sizes=\"(max-width: 1024px) 100vw, 1024px\" \/><\/figure><\/div>\n\n\n<p>PRODUTOS DE HIGIENE<\/p>\n\n\n\n<p>Desinfetantes, fraldas para crian\u00e7as e idosos, e outros artigos de higiene pessoal<\/p>\n\n\n\n<p>ARTIGOS DE SA\u00daDE<\/p>\n\n\n\n<p>Medicamentos, kits de primeiros socorros, ligaduras, pensos, betadine, soro fisiol\u00f3gico, seringas, luvas<\/p>\n\n\n\n<p>ACESS\u00d3RIOS<\/p>\n\n\n\n<p>Lanternas, powerbanks, pilhas, r\u00e1dios.<\/p>\n\n\n\n<p>Pontos de Recolha: Quart\u00e9is de Bombeiros do Concelho, Topo Norte do Est\u00e1dio Municipal de Leiria (17:00 \u00e0s 22:00) e Juntas de Freguesia.<\/p>\n","protected":false},"excerpt":{"rendered":"Foram entregues no dia 4 de mar\u00e7o, ao&nbsp;Munic\u00edpio de Leiria, os primeiros bens recolhidos na&nbsp;ESTG-Leiria&nbsp;para doar \u00e0 Ucr\u00e2nia. A ESTG continuar\u00e1 a disponibilizar um ponto de recolha de bens (\u00e1trio do Edif\u00edcio D), salientando que, de acordo com informa\u00e7\u00e3o do&nbsp;Munic\u00edpio de Leiria, e devido ao elevado volume de roupa j\u00e1 doada, apela-se \u00e0 doa\u00e7\u00e3o priorit\u00e1ria [&hellip;]","protected":false},"author":116,"featured_media":0,"comment_status":"closed","ping_status":"closed","sticky":false,"template":"","format":"standard","meta":{"custompostfields_banners":"","custompostfields_front-page-gallery-thumbnails":"","post_post-custom-url":"","post_post-custom-url-target":""},"categories":[1],"tags":[],"_links":{"self":[{"href":"https:\/\/www.ipleiria.pt\/estg\/wp-json\/wp\/v2\/posts\/10670"}],"collection":[{"href":"https:\/\/www.ipleiria.pt\/estg\/wp-json\/wp\/v2\/posts"}],"about":[{"href":"https:\/\/www.ipleiria.pt\/estg\/wp-json\/wp\/v2\/types\/post"}],"author":[{"embeddable":true,"href":"https:\/\/www.ipleiria.pt\/estg\/wp-json\/wp\/v2\/users\/116"}],"replies":[{"embeddable":true,"href":"https:\/\/www.ipleiria.pt\/estg\/wp-json\/wp\/v2\/comments?post=10670"}],"version-history":[{"count":1,"href":"https:\/\/www.ipleiria.pt\/estg\/wp-json\/wp\/v2\/posts\/10670\/revisions"}],"predecessor-version":[{"id":10672,"href":"https:\/\/www.ipleiria.pt\/estg\/wp-json\/wp\/v2\/posts\/10670\/revisions\/10672"}],"wp:attachment":[{"href":"https:\/\/www.ipleiria.pt\/estg\/wp-json\/wp\/v2\/media?parent=10670"}],"wp:term":[{"taxonomy":"category","embeddable":true,"href":"https:\/\/www.ipleiria.pt\/estg\/wp-json\/wp\/v2\/categories?post=10670"},{"taxonomy":"post_tag","embeddable":true,"href":"https:\/\/www.ipleiria.pt\/estg\/wp-json\/wp\/v2\/tags?post=10670"}],"curies":[{"name":"wp","href":"https:\/\/api.w.org\/{rel}","templated":true}]}}