{"id":12945,"date":"2026-03-27T11:57:40","date_gmt":"2026-03-27T11:57:40","guid":{"rendered":"https:\/\/www.ipleiria.pt\/estg\/?p=12945"},"modified":"2026-04-14T08:16:20","modified_gmt":"2026-04-14T08:16:20","slug":"aula-aberta-regionalizacao-descentralizar-para-cumprir-abrir","status":"publish","type":"post","link":"https:\/\/www.ipleiria.pt\/estg\/2026\/03\/27\/aula-aberta-regionalizacao-descentralizar-para-cumprir-abrir\/","title":{"rendered":"Aula Aberta: Regionaliza\u00e7\u00e3o: Descentralizar para cumprir?"},"content":{"rendered":"\n<p class=\"is-style-theme-title-inherit-color\">Aula Aberta: Regionaliza\u00e7\u00e3o: Descentralizar para cumprir abril?<\/p>\n\n\n\n<div class=\"wp-container-3 wp-block-columns\">\n<div class=\"wp-container-1 wp-block-column\">\n<p>No \u00e2mbito da unidade curricular de Pol\u00edticas P\u00fablicas, da Licenciatura em Administra\u00e7\u00e3o P\u00fablica, realiza-se a Aula aberta subordinada ao tema:<\/p>\n\n\n\n<p><strong>&#8220;Regionaliza\u00e7\u00e3o: Descentralizar para cumprir abrir&#8221;?<\/strong><\/p>\n\n\n\n<p><img loading=\"lazy\" height=\"16\" width=\"16\" alt=\"\ud83d\udcdd\" src=\"https:\/\/static.xx.fbcdn.net\/images\/emoji.php\/v9\/tcc\/1\/16\/1f4dd.png\">13 de abril<\/p>\n\n\n\n<p><img loading=\"lazy\" height=\"16\" width=\"16\" alt=\"\u23f0\" src=\"https:\/\/static.xx.fbcdn.net\/images\/emoji.php\/v9\/t34\/1\/16\/23f0.png\">10h30-12h00<\/p>\n\n\n\n<p><img loading=\"lazy\" height=\"16\" width=\"16\" alt=\"\ud83d\udccd\" src=\"https:\/\/static.xx.fbcdn.net\/images\/emoji.php\/v9\/t2d\/1\/16\/1f4cd.png\">Anfiteatro 2, Edif\u00edcio A<\/p>\n\n\n\n<p>O evento ter\u00e1 como orador convidado \u00c1lvaro Beleza, m\u00e9dico e professor da Faculdade de Medicina da Universidade de Lisboa.<\/p>\n<\/div>\n\n\n\n<div class=\"wp-container-2 wp-block-column\">\n<figure class=\"wp-block-image size-large\"><img loading=\"lazy\" width=\"1024\" height=\"576\" src=\"https:\/\/www.ipleiria.pt\/estg\/wp-content\/uploads\/sites\/32\/2026\/03\/aula-aberta-13042026-1024x576.jpg\" alt=\"\" class=\"wp-image-12946\" srcset=\"https:\/\/www.ipleiria.pt\/estg\/wp-content\/uploads\/sites\/32\/2026\/03\/aula-aberta-13042026-1024x576.jpg 1024w, https:\/\/www.ipleiria.pt\/estg\/wp-content\/uploads\/sites\/32\/2026\/03\/aula-aberta-13042026-300x169.jpg 300w, https:\/\/www.ipleiria.pt\/estg\/wp-content\/uploads\/sites\/32\/2026\/03\/aula-aberta-13042026-768x432.jpg 768w, https:\/\/www.ipleiria.pt\/estg\/wp-content\/uploads\/sites\/32\/2026\/03\/aula-aberta-13042026.jpg 1280w\" sizes=\"(max-width: 1024px) 100vw, 1024px\" \/><\/figure>\n<\/div>\n<\/div>\n\n\n\n<figure class=\"wp-block-image\"><img alt=\"\"\/><\/figure>\n","protected":false},"excerpt":{"rendered":"Aula Aberta: Regionaliza\u00e7\u00e3o: Descentralizar para cumprir abril? No \u00e2mbito da unidade curricular de Pol\u00edticas P\u00fablicas, da Licenciatura em Administra\u00e7\u00e3o P\u00fablica, realiza-se a Aula aberta subordinada ao tema: &#8220;Regionaliza\u00e7\u00e3o: Descentralizar para cumprir abrir&#8221;? 13 de abril 10h30-12h00 Anfiteatro 2, Edif\u00edcio A O evento ter\u00e1 como orador convidado \u00c1lvaro Beleza, m\u00e9dico e professor da Faculdade de Medicina [&hellip;]","protected":false},"author":116,"featured_media":0,"comment_status":"closed","ping_status":"closed","sticky":false,"template":"","format":"standard","meta":{"custompostfields_banners":"","custompostfields_front-page-gallery-thumbnails":"","post_post-custom-url":"","post_post-custom-url-target":""},"categories":[43,1],"tags":[],"_links":{"self":[{"href":"https:\/\/www.ipleiria.pt\/estg\/wp-json\/wp\/v2\/posts\/12945"}],"collection":[{"href":"https:\/\/www.ipleiria.pt\/estg\/wp-json\/wp\/v2\/posts"}],"about":[{"href":"https:\/\/www.ipleiria.pt\/estg\/wp-json\/wp\/v2\/types\/post"}],"author":[{"embeddable":true,"href":"https:\/\/www.ipleiria.pt\/estg\/wp-json\/wp\/v2\/users\/116"}],"replies":[{"embeddable":true,"href":"https:\/\/www.ipleiria.pt\/estg\/wp-json\/wp\/v2\/comments?post=12945"}],"version-history":[{"count":3,"href":"https:\/\/www.ipleiria.pt\/estg\/wp-json\/wp\/v2\/posts\/12945\/revisions"}],"predecessor-version":[{"id":13171,"href":"https:\/\/www.ipleiria.pt\/estg\/wp-json\/wp\/v2\/posts\/12945\/revisions\/13171"}],"wp:attachment":[{"href":"https:\/\/www.ipleiria.pt\/estg\/wp-json\/wp\/v2\/media?parent=12945"}],"wp:term":[{"taxonomy":"category","embeddable":true,"href":"https:\/\/www.ipleiria.pt\/estg\/wp-json\/wp\/v2\/categories?post=12945"},{"taxonomy":"post_tag","embeddable":true,"href":"https:\/\/www.ipleiria.pt\/estg\/wp-json\/wp\/v2\/tags?post=12945"}],"curies":[{"name":"wp","href":"https:\/\/api.w.org\/{rel}","templated":true}]}}