{"id":12950,"date":"2026-03-27T16:40:44","date_gmt":"2026-03-27T16:40:44","guid":{"rendered":"https:\/\/www.ipleiria.pt\/estg\/?p=12950"},"modified":"2026-04-10T09:07:54","modified_gmt":"2026-04-10T09:07:54","slug":"xxxi-conferencia-de-fiscalidade-e-contabilidade-9-de-abril","status":"publish","type":"post","link":"https:\/\/www.ipleiria.pt\/estg\/2026\/03\/27\/xxxi-conferencia-de-fiscalidade-e-contabilidade-9-de-abril\/","title":{"rendered":"XXXI Confer\u00eancia de Fiscalidade e Contabilidade | 9 de abril"},"content":{"rendered":"\n<p class=\"is-style-theme-title-inherit-color\">XXXI Confer\u00eancia de Fiscalidade e Contabilidade | 9 de abril <\/p>\n\n\n\n<p><\/p>\n\n\n\n<div class=\"wp-container-3 wp-block-columns\">\n<div class=\"wp-container-1 wp-block-column\">\n<p>O Departamento de Gest\u00e3o e Economia da ESTG e a Ordem dos Contabilistas Certificados (OCC) organizam, dia 9 de abril, a \ud835\udc17\ud835\udc17\ud835\udc17\ud835\udc08 \ud835\udc02\ud835\udc28\ud835\udc27\ud835\udc1f\ud835\udc1e\ud835\udc2b\ud835\udc1e\u0302\ud835\udc27\ud835\udc1c\ud835\udc22\ud835\udc1a \ud835\udc1d\ud835\udc1e \ud835\udc05\ud835\udc22\ud835\udc2c\ud835\udc1c\ud835\udc1a\ud835\udc25\ud835\udc22\ud835\udc1d\ud835\udc1a\ud835\udc1d\ud835\udc1e \ud835\udc1e \ud835\udc02\ud835\udc28\ud835\udc27\ud835\udc2d\ud835\udc1a\ud835\udc1b\ud835\udc22\ud835\udc25\ud835\udc22\ud835\udc1d\ud835\udc1a\ud835\udc1d\ud835\udc1e, tendo como tema: \ud835\udc04\ud835\udc27\ud835\udc2d\ud835\udc2b\ud835\udc1e \ud835\udc1a \ud835\udc22\ud835\udc27\ud835\udc2d\ud835\udc1e\ud835\udc25\ud835\udc22\ud835\udc20\ud835\udc1e\u0302\ud835\udc27\ud835\udc1c\ud835\udc22\ud835\udc1a \ud835\udc1a\ud835\udc2b\ud835\udc2d\ud835\udc22\ud835\udc1f\ud835\udc22\ud835\udc1c\ud835\udc22\ud835\udc1a\ud835\udc25 \ud835\udc1e \ud835\udc28\ud835\udc2c \ud835\udc22\ud835\udc26\ud835\udc29\ud835\udc28\ud835\udc2c\ud835\udc2d\ud835\udc28\ud835\udc2c: \ud835\udc28 \ud835\udc29\ud835\udc1a\ud835\udc29\ud835\udc1e\ud835\udc25 \ud835\udc1d\ud835\udc28 \ud835\udc1c\ud835\udc28\ud835\udc27\ud835\udc2d\ud835\udc1a\ud835\udc1b\ud835\udc22\ud835\udc25\ud835\udc22\ud835\udc2c\ud835\udc2d\ud835\udc1a\u00bb. O evento ter\u00e1 lugar, a partir das 14h00, no Audit\u00f3rio 1, do Edif\u00edcio B. <\/p>\n\n\n\n<p>O impacto da intelig\u00eancia artificial na profiss\u00e3o de contabilista certificado ocupar\u00e1 a primeira parte desta iniciativa que, h\u00e1 cerca de d\u00e9cada e meia vem juntando, anualmente, a Ordem e a academia. Um tema que ficar\u00e1 a cargo de H\u00e9lio Silva, M\u00e1rcia Rafaela Santos e Ana Mascarenhas.<\/p>\n\n\n\n<p>A segunda parte da confer\u00eancia envereda exclusivamente pela \u00e1rea fiscal, propondo um tema com o seu qu\u00ea de provocat\u00f3rio: \u00abEconomizar impostos pode sair caro!\u00bb, contando para tal com dois fiscalistas (Tiago Caiado Guerreiro e Lu\u00eds L\u00e9on) e com a vis\u00e3o de quem passou muitos anos ligados \u00e0 administra\u00e7\u00e3o fiscal (Jos\u00e9 Gante).<\/p>\n\n\n\n<p>Inscri\u00e7\u00e3o: <a href=\"https:\/\/www.occ.pt\/pt-pt\/noticias\/xxxi-conferencia-de-fiscalidade-e-contabilidade-leiria-9-de-abril-de-2026\" target=\"_blank\" rel=\"noreferrer noopener\">https:\/\/www.occ.pt\/pt-pt\/noticias\/xxxi-conferencia-de-fiscalidade-e-contabilidade-leiria-9-de-abril-de-2026<\/a><\/p>\n<\/div>\n\n\n\n<div class=\"wp-container-2 wp-block-column\">\n<figure class=\"wp-block-image size-large\"><img loading=\"lazy\" width=\"768\" height=\"1024\" src=\"https:\/\/www.ipleiria.pt\/estg\/wp-content\/uploads\/sites\/32\/2026\/03\/Conf.-conta-768x1024.jpeg\" alt=\"\" class=\"wp-image-12951\" srcset=\"https:\/\/www.ipleiria.pt\/estg\/wp-content\/uploads\/sites\/32\/2026\/03\/Conf.-conta-768x1024.jpeg 768w, https:\/\/www.ipleiria.pt\/estg\/wp-content\/uploads\/sites\/32\/2026\/03\/Conf.-conta-225x300.jpeg 225w, https:\/\/www.ipleiria.pt\/estg\/wp-content\/uploads\/sites\/32\/2026\/03\/Conf.-conta.jpeg 1081w\" sizes=\"(max-width: 768px) 100vw, 768px\" \/><\/figure>\n<\/div>\n<\/div>\n","protected":false},"excerpt":{"rendered":"XXXI Confer\u00eancia de Fiscalidade e Contabilidade | 9 de abril O Departamento de Gest\u00e3o e Economia da ESTG e a Ordem dos Contabilistas Certificados (OCC) organizam, dia 9 de abril, a \ud835\udc17\ud835\udc17\ud835\udc17\ud835\udc08 \ud835\udc02\ud835\udc28\ud835\udc27\ud835\udc1f\ud835\udc1e\ud835\udc2b\ud835\udc1e\u0302\ud835\udc27\ud835\udc1c\ud835\udc22\ud835\udc1a \ud835\udc1d\ud835\udc1e \ud835\udc05\ud835\udc22\ud835\udc2c\ud835\udc1c\ud835\udc1a\ud835\udc25\ud835\udc22\ud835\udc1d\ud835\udc1a\ud835\udc1d\ud835\udc1e \ud835\udc1e \ud835\udc02\ud835\udc28\ud835\udc27\ud835\udc2d\ud835\udc1a\ud835\udc1b\ud835\udc22\ud835\udc25\ud835\udc22\ud835\udc1d\ud835\udc1a\ud835\udc1d\ud835\udc1e, tendo como tema: \ud835\udc04\ud835\udc27\ud835\udc2d\ud835\udc2b\ud835\udc1e \ud835\udc1a \ud835\udc22\ud835\udc27\ud835\udc2d\ud835\udc1e\ud835\udc25\ud835\udc22\ud835\udc20\ud835\udc1e\u0302\ud835\udc27\ud835\udc1c\ud835\udc22\ud835\udc1a \ud835\udc1a\ud835\udc2b\ud835\udc2d\ud835\udc22\ud835\udc1f\ud835\udc22\ud835\udc1c\ud835\udc22\ud835\udc1a\ud835\udc25 \ud835\udc1e \ud835\udc28\ud835\udc2c \ud835\udc22\ud835\udc26\ud835\udc29\ud835\udc28\ud835\udc2c\ud835\udc2d\ud835\udc28\ud835\udc2c: \ud835\udc28 \ud835\udc29\ud835\udc1a\ud835\udc29\ud835\udc1e\ud835\udc25 \ud835\udc1d\ud835\udc28 \ud835\udc1c\ud835\udc28\ud835\udc27\ud835\udc2d\ud835\udc1a\ud835\udc1b\ud835\udc22\ud835\udc25\ud835\udc22\ud835\udc2c\ud835\udc2d\ud835\udc1a\u00bb. O evento ter\u00e1 lugar, [&hellip;]","protected":false},"author":116,"featured_media":0,"comment_status":"closed","ping_status":"closed","sticky":false,"template":"","format":"standard","meta":{"custompostfields_banners":"","custompostfields_front-page-gallery-thumbnails":"13005","post_post-custom-url":"","post_post-custom-url-target":""},"categories":[43,23],"tags":[],"_links":{"self":[{"href":"https:\/\/www.ipleiria.pt\/estg\/wp-json\/wp\/v2\/posts\/12950"}],"collection":[{"href":"https:\/\/www.ipleiria.pt\/estg\/wp-json\/wp\/v2\/posts"}],"about":[{"href":"https:\/\/www.ipleiria.pt\/estg\/wp-json\/wp\/v2\/types\/post"}],"author":[{"embeddable":true,"href":"https:\/\/www.ipleiria.pt\/estg\/wp-json\/wp\/v2\/users\/116"}],"replies":[{"embeddable":true,"href":"https:\/\/www.ipleiria.pt\/estg\/wp-json\/wp\/v2\/comments?post=12950"}],"version-history":[{"count":3,"href":"https:\/\/www.ipleiria.pt\/estg\/wp-json\/wp\/v2\/posts\/12950\/revisions"}],"predecessor-version":[{"id":13182,"href":"https:\/\/www.ipleiria.pt\/estg\/wp-json\/wp\/v2\/posts\/12950\/revisions\/13182"}],"wp:attachment":[{"href":"https:\/\/www.ipleiria.pt\/estg\/wp-json\/wp\/v2\/media?parent=12950"}],"wp:term":[{"taxonomy":"category","embeddable":true,"href":"https:\/\/www.ipleiria.pt\/estg\/wp-json\/wp\/v2\/categories?post=12950"},{"taxonomy":"post_tag","embeddable":true,"href":"https:\/\/www.ipleiria.pt\/estg\/wp-json\/wp\/v2\/tags?post=12950"}],"curies":[{"name":"wp","href":"https:\/\/api.w.org\/{rel}","templated":true}]}}