{"id":13229,"date":"2026-04-14T11:03:55","date_gmt":"2026-04-14T11:03:55","guid":{"rendered":"https:\/\/www.ipleiria.pt\/estg\/?p=13229"},"modified":"2026-04-14T11:09:49","modified_gmt":"2026-04-14T11:09:49","slug":"aula-aberta-leiriaverde-atuacao-do-muncipio-de-leiria","status":"publish","type":"post","link":"https:\/\/www.ipleiria.pt\/estg\/2026\/04\/14\/aula-aberta-leiriaverde-atuacao-do-muncipio-de-leiria\/","title":{"rendered":"Aula Aberta: Leiria+Verde &#8211; AtuA\u00e7\u00e3o do Munc\u00edpio de Leiria"},"content":{"rendered":"\n<p class=\"is-style-theme-title-inherit-color\">Aula Aberta: Leiria+Verde &#8211; AtuA\u00e7\u00e3o do Munc\u00edpio de Leiria<\/p>\n\n\n\n<p><\/p>\n\n\n\n<p><\/p>\n\n\n\n<p><\/p>\n\n\n\n<div class=\"wp-container-3 wp-block-columns\">\n<div class=\"wp-container-1 wp-block-column\">\n<p>No \u00e2mbito da UC de Semin\u00e1rio das licenciaturas de Engenharia Civil e de Engenharia da Energia e do Ambiente, realiza-se, dia 26 de maio, a Aula Aberta: \ud835\udc0b\ud835\udc1e\ud835\udc22\ud835\udc2b\ud835\udc22\ud835\udc1a+\ud835\udc15\ud835\udc1e\ud835\udc2b\ud835\udc1d\ud835\udc1e &#8211; \ud835\udc00\ud835\udc2d\ud835\udc2e\ud835\udc00\ud835\udc1c\u0327\ud835\udc1a\u0303\ud835\udc28 \ud835\udc1d\ud835\udc28 \ud835\udc0c\ud835\udc2e\ud835\udc27\ud835\udc1c\ud835\udc22\u0301\ud835\udc29\ud835\udc22\ud835\udc28 \ud835\udc1d\ud835\udc1e \ud835\udc0b\ud835\udc1e\ud835\udc22\ud835\udc2b\ud835\udc22\ud835\udc1a.  Ter\u00e1 como oradora Daniela Dias. <\/p>\n\n\n\n<p><img loading=\"lazy\" height=\"16\" width=\"16\" alt=\"\u23f0\" src=\"https:\/\/static.xx.fbcdn.net\/images\/emoji.php\/v9\/t34\/1\/16\/23f0.png\"> 13h00<\/p>\n\n\n\n<p><img loading=\"lazy\" height=\"16\" width=\"16\" src=\"https:\/\/static.xx.fbcdn.net\/images\/emoji.php\/v9\/t2d\/1\/16\/1f4cd.png\" alt=\"\ud83d\udccd\"> Sala A.S. 1.13, Edif\u00edcio A<\/p>\n<\/div>\n\n\n\n<div class=\"wp-container-2 wp-block-column\">\n<figure class=\"wp-block-image size-large\"><img loading=\"lazy\" width=\"1024\" height=\"1024\" src=\"https:\/\/www.ipleiria.pt\/estg\/wp-content\/uploads\/sites\/32\/2026\/04\/AulaAberta_Daniela_26Maio26-1024x1024.jpg\" alt=\"\" class=\"wp-image-13230\" srcset=\"https:\/\/www.ipleiria.pt\/estg\/wp-content\/uploads\/sites\/32\/2026\/04\/AulaAberta_Daniela_26Maio26-1024x1024.jpg 1024w, https:\/\/www.ipleiria.pt\/estg\/wp-content\/uploads\/sites\/32\/2026\/04\/AulaAberta_Daniela_26Maio26-300x300.jpg 300w, https:\/\/www.ipleiria.pt\/estg\/wp-content\/uploads\/sites\/32\/2026\/04\/AulaAberta_Daniela_26Maio26-150x150.jpg 150w, https:\/\/www.ipleiria.pt\/estg\/wp-content\/uploads\/sites\/32\/2026\/04\/AulaAberta_Daniela_26Maio26-768x768.jpg 768w, https:\/\/www.ipleiria.pt\/estg\/wp-content\/uploads\/sites\/32\/2026\/04\/AulaAberta_Daniela_26Maio26-1536x1536.jpg 1536w, https:\/\/www.ipleiria.pt\/estg\/wp-content\/uploads\/sites\/32\/2026\/04\/AulaAberta_Daniela_26Maio26-2048x2048.jpg 2048w\" sizes=\"(max-width: 1024px) 100vw, 1024px\" \/><\/figure>\n<\/div>\n<\/div>\n","protected":false},"excerpt":{"rendered":"Aula Aberta: Leiria+Verde &#8211; AtuA\u00e7\u00e3o do Munc\u00edpio de Leiria No \u00e2mbito da UC de Semin\u00e1rio das licenciaturas de Engenharia Civil e de Engenharia da Energia e do Ambiente, realiza-se, dia 26 de maio, a Aula Aberta: \ud835\udc0b\ud835\udc1e\ud835\udc22\ud835\udc2b\ud835\udc22\ud835\udc1a+\ud835\udc15\ud835\udc1e\ud835\udc2b\ud835\udc1d\ud835\udc1e &#8211; \ud835\udc00\ud835\udc2d\ud835\udc2e\ud835\udc00\ud835\udc1c\u0327\ud835\udc1a\u0303\ud835\udc28 \ud835\udc1d\ud835\udc28 \ud835\udc0c\ud835\udc2e\ud835\udc27\ud835\udc1c\ud835\udc22\u0301\ud835\udc29\ud835\udc22\ud835\udc28 \ud835\udc1d\ud835\udc1e \ud835\udc0b\ud835\udc1e\ud835\udc22\ud835\udc2b\ud835\udc22\ud835\udc1a. Ter\u00e1 como oradora Daniela Dias. 13h00 Sala A.S. 1.13, Edif\u00edcio A","protected":false},"author":116,"featured_media":0,"comment_status":"closed","ping_status":"closed","sticky":true,"template":"","format":"standard","meta":{"custompostfields_banners":"","custompostfields_front-page-gallery-thumbnails":"","post_post-custom-url":"","post_post-custom-url-target":""},"categories":[42,43,1],"tags":[],"_links":{"self":[{"href":"https:\/\/www.ipleiria.pt\/estg\/wp-json\/wp\/v2\/posts\/13229"}],"collection":[{"href":"https:\/\/www.ipleiria.pt\/estg\/wp-json\/wp\/v2\/posts"}],"about":[{"href":"https:\/\/www.ipleiria.pt\/estg\/wp-json\/wp\/v2\/types\/post"}],"author":[{"embeddable":true,"href":"https:\/\/www.ipleiria.pt\/estg\/wp-json\/wp\/v2\/users\/116"}],"replies":[{"embeddable":true,"href":"https:\/\/www.ipleiria.pt\/estg\/wp-json\/wp\/v2\/comments?post=13229"}],"version-history":[{"count":2,"href":"https:\/\/www.ipleiria.pt\/estg\/wp-json\/wp\/v2\/posts\/13229\/revisions"}],"predecessor-version":[{"id":13233,"href":"https:\/\/www.ipleiria.pt\/estg\/wp-json\/wp\/v2\/posts\/13229\/revisions\/13233"}],"wp:attachment":[{"href":"https:\/\/www.ipleiria.pt\/estg\/wp-json\/wp\/v2\/media?parent=13229"}],"wp:term":[{"taxonomy":"category","embeddable":true,"href":"https:\/\/www.ipleiria.pt\/estg\/wp-json\/wp\/v2\/categories?post=13229"},{"taxonomy":"post_tag","embeddable":true,"href":"https:\/\/www.ipleiria.pt\/estg\/wp-json\/wp\/v2\/tags?post=13229"}],"curies":[{"name":"wp","href":"https:\/\/api.w.org\/{rel}","templated":true}]}}