{"id":13250,"date":"2026-04-16T09:54:32","date_gmt":"2026-04-16T09:54:32","guid":{"rendered":"https:\/\/www.ipleiria.pt\/estg\/?p=13250"},"modified":"2026-04-28T09:01:16","modified_gmt":"2026-04-28T09:01:16","slug":"provas-m23-2026-2027-inscricoes-abertas-ate-24-de-abril","status":"publish","type":"post","link":"https:\/\/www.ipleiria.pt\/estg\/2026\/04\/16\/provas-m23-2026-2027-inscricoes-abertas-ate-24-de-abril\/","title":{"rendered":"Provas M23 2026\/2027 | Inscri\u00e7\u00f5es abertas at\u00e9 24 de abril"},"content":{"rendered":"\n<p class=\"is-style-theme-title-inherit-color\">Provas M23 2026\/2027 | Inscri\u00e7\u00f5es abertas at\u00e9 24 de abril<\/p>\n\n\n\n<p><\/p>\n\n\n\n<p><\/p>\n\n\n\n<div class=\"wp-container-3 wp-block-columns\">\n<div class=\"wp-container-1 wp-block-column\">\n<p>A realiza\u00e7\u00e3o das Provas especialmente adequadas destinadas a avaliar a capacidade para a frequ\u00eancia dos Cursos Superiores do Instituto&nbsp;Polit\u00e9cnico de Leiria dos<strong> Maiores de 23 Anos<\/strong> (<strong>Provas M23<\/strong>). As <strong>inscri\u00e7\u00f5es est\u00e3o abertas <\/strong>at\u00e9 dia <strong>24 de abril<\/strong>. <\/p>\n\n\n\n<p><a href=\"https:\/\/www.ipleiria.pt\/estudar\/candidaturas\/provas-m23\/\">Mais informa\u00e7\u00e3o: <\/a><a href=\"https:\/\/www.ipleiria.pt\/estudar\/candidaturas\/provas-m23\/\" target=\"_blank\" rel=\"noreferrer noopener\">https:\/\/www.ipleiria.pt\/estudar\/candidaturas\/provas-m23\/<\/a><\/p>\n<\/div>\n\n\n\n<div class=\"wp-container-2 wp-block-column\">\n<figure class=\"wp-block-image size-large\"><img loading=\"lazy\" width=\"576\" height=\"1024\" src=\"https:\/\/www.ipleiria.pt\/estg\/wp-content\/uploads\/sites\/32\/2026\/04\/banner-576x1024.png\" alt=\"\" class=\"wp-image-13251\" srcset=\"https:\/\/www.ipleiria.pt\/estg\/wp-content\/uploads\/sites\/32\/2026\/04\/banner-576x1024.png 576w, https:\/\/www.ipleiria.pt\/estg\/wp-content\/uploads\/sites\/32\/2026\/04\/banner-169x300.png 169w, https:\/\/www.ipleiria.pt\/estg\/wp-content\/uploads\/sites\/32\/2026\/04\/banner-768x1365.png 768w, https:\/\/www.ipleiria.pt\/estg\/wp-content\/uploads\/sites\/32\/2026\/04\/banner-864x1536.png 864w, https:\/\/www.ipleiria.pt\/estg\/wp-content\/uploads\/sites\/32\/2026\/04\/banner.png 1080w\" sizes=\"(max-width: 576px) 100vw, 576px\" \/><\/figure>\n<\/div>\n<\/div>\n","protected":false},"excerpt":{"rendered":"Provas M23 2026\/2027 | Inscri\u00e7\u00f5es abertas at\u00e9 24 de abril A realiza\u00e7\u00e3o das Provas especialmente adequadas destinadas a avaliar a capacidade para a frequ\u00eancia dos Cursos Superiores do Instituto&nbsp;Polit\u00e9cnico de Leiria dos Maiores de 23 Anos (Provas M23). As inscri\u00e7\u00f5es est\u00e3o abertas at\u00e9 dia 24 de abril. Mais informa\u00e7\u00e3o: https:\/\/www.ipleiria.pt\/estudar\/candidaturas\/provas-m23\/","protected":false},"author":116,"featured_media":0,"comment_status":"closed","ping_status":"closed","sticky":false,"template":"","format":"standard","meta":{"custompostfields_banners":"","custompostfields_front-page-gallery-thumbnails":"13252","post_post-custom-url":"","post_post-custom-url-target":""},"categories":[43,23],"tags":[],"_links":{"self":[{"href":"https:\/\/www.ipleiria.pt\/estg\/wp-json\/wp\/v2\/posts\/13250"}],"collection":[{"href":"https:\/\/www.ipleiria.pt\/estg\/wp-json\/wp\/v2\/posts"}],"about":[{"href":"https:\/\/www.ipleiria.pt\/estg\/wp-json\/wp\/v2\/types\/post"}],"author":[{"embeddable":true,"href":"https:\/\/www.ipleiria.pt\/estg\/wp-json\/wp\/v2\/users\/116"}],"replies":[{"embeddable":true,"href":"https:\/\/www.ipleiria.pt\/estg\/wp-json\/wp\/v2\/comments?post=13250"}],"version-history":[{"count":4,"href":"https:\/\/www.ipleiria.pt\/estg\/wp-json\/wp\/v2\/posts\/13250\/revisions"}],"predecessor-version":[{"id":13256,"href":"https:\/\/www.ipleiria.pt\/estg\/wp-json\/wp\/v2\/posts\/13250\/revisions\/13256"}],"wp:attachment":[{"href":"https:\/\/www.ipleiria.pt\/estg\/wp-json\/wp\/v2\/media?parent=13250"}],"wp:term":[{"taxonomy":"category","embeddable":true,"href":"https:\/\/www.ipleiria.pt\/estg\/wp-json\/wp\/v2\/categories?post=13250"},{"taxonomy":"post_tag","embeddable":true,"href":"https:\/\/www.ipleiria.pt\/estg\/wp-json\/wp\/v2\/tags?post=13250"}],"curies":[{"name":"wp","href":"https:\/\/api.w.org\/{rel}","templated":true}]}}