{"id":13289,"date":"2026-04-17T10:52:49","date_gmt":"2026-04-17T10:52:49","guid":{"rendered":"https:\/\/www.ipleiria.pt\/estg\/?p=13289"},"modified":"2026-04-17T10:52:50","modified_gmt":"2026-04-17T10:52:50","slug":"xvi-trofeu-de-karting-do-politecnico-de-leiria-inscricoes-abertas","status":"publish","type":"post","link":"https:\/\/www.ipleiria.pt\/estg\/2026\/04\/17\/xvi-trofeu-de-karting-do-politecnico-de-leiria-inscricoes-abertas\/","title":{"rendered":"XVI Trof\u00e9u de Karting do Polit\u00e9cnico de Leiria | Inscri\u00e7\u00f5es abertas"},"content":{"rendered":"\n<p class=\"is-style-theme-title-inherit-color\"><strong>XVI Trof\u00e9u de Karting do Polit\u00e9cnico de Leiria<\/strong> | Inscri\u00e7\u00f5es abertas<\/p>\n\n\n\n<div class=\"wp-container-3 wp-block-columns\">\n<div class=\"wp-container-1 wp-block-column\">\n<p>O Polit\u00e9cnico de Leiria est\u00e1 a organizar o\u00a0<strong>XVI Trof\u00e9u de Karting<\/strong>, destinado a todos os estudantes desta institui\u00e7\u00e3o. A prova decorre no dia\u00a0<strong>6 de maio (9h30-13h), no\u00a0<a rel=\"noreferrer noopener\" href=\"https:\/\/euroindy.pt\/\" target=\"_blank\">Kart\u00f3dromo da Batalha \u2013 Euroindy<\/a><\/strong>.<\/p>\n\n\n\n<p>Mais informa\u00e7\u00e3o: <a href=\"https:\/\/www.ipleiria.pt\/trofeu-de-karting-2026-6-de-maio-inscricoes-abertas\/\" target=\"_blank\" rel=\"noreferrer noopener\">https:\/\/www.ipleiria.pt\/trofeu-de-karting-2026-6-de-maio-inscricoes-abertas\/<\/a><\/p>\n<\/div>\n\n\n\n<div class=\"wp-container-2 wp-block-column\">\n<figure class=\"wp-block-image size-full\"><img loading=\"lazy\" width=\"720\" height=\"400\" src=\"https:\/\/www.ipleiria.pt\/estg\/wp-content\/uploads\/sites\/32\/2026\/04\/DESTAQUE.png\" alt=\"\" class=\"wp-image-13290\" srcset=\"https:\/\/www.ipleiria.pt\/estg\/wp-content\/uploads\/sites\/32\/2026\/04\/DESTAQUE.png 720w, https:\/\/www.ipleiria.pt\/estg\/wp-content\/uploads\/sites\/32\/2026\/04\/DESTAQUE-300x167.png 300w\" sizes=\"(max-width: 720px) 100vw, 720px\" \/><\/figure>\n<\/div>\n<\/div>\n","protected":false},"excerpt":{"rendered":"XVI Trof\u00e9u de Karting do Polit\u00e9cnico de Leiria | Inscri\u00e7\u00f5es abertas O Polit\u00e9cnico de Leiria est\u00e1 a organizar o\u00a0XVI Trof\u00e9u de Karting, destinado a todos os estudantes desta institui\u00e7\u00e3o. A prova decorre no dia\u00a06 de maio (9h30-13h), no\u00a0Kart\u00f3dromo da Batalha \u2013 Euroindy. Mais informa\u00e7\u00e3o: https:\/\/www.ipleiria.pt\/trofeu-de-karting-2026-6-de-maio-inscricoes-abertas\/","protected":false},"author":116,"featured_media":0,"comment_status":"closed","ping_status":"closed","sticky":true,"template":"","format":"standard","meta":{"custompostfields_banners":"","custompostfields_front-page-gallery-thumbnails":"13291","post_post-custom-url":"","post_post-custom-url-target":""},"categories":[43,23],"tags":[],"_links":{"self":[{"href":"https:\/\/www.ipleiria.pt\/estg\/wp-json\/wp\/v2\/posts\/13289"}],"collection":[{"href":"https:\/\/www.ipleiria.pt\/estg\/wp-json\/wp\/v2\/posts"}],"about":[{"href":"https:\/\/www.ipleiria.pt\/estg\/wp-json\/wp\/v2\/types\/post"}],"author":[{"embeddable":true,"href":"https:\/\/www.ipleiria.pt\/estg\/wp-json\/wp\/v2\/users\/116"}],"replies":[{"embeddable":true,"href":"https:\/\/www.ipleiria.pt\/estg\/wp-json\/wp\/v2\/comments?post=13289"}],"version-history":[{"count":1,"href":"https:\/\/www.ipleiria.pt\/estg\/wp-json\/wp\/v2\/posts\/13289\/revisions"}],"predecessor-version":[{"id":13292,"href":"https:\/\/www.ipleiria.pt\/estg\/wp-json\/wp\/v2\/posts\/13289\/revisions\/13292"}],"wp:attachment":[{"href":"https:\/\/www.ipleiria.pt\/estg\/wp-json\/wp\/v2\/media?parent=13289"}],"wp:term":[{"taxonomy":"category","embeddable":true,"href":"https:\/\/www.ipleiria.pt\/estg\/wp-json\/wp\/v2\/categories?post=13289"},{"taxonomy":"post_tag","embeddable":true,"href":"https:\/\/www.ipleiria.pt\/estg\/wp-json\/wp\/v2\/tags?post=13289"}],"curies":[{"name":"wp","href":"https:\/\/api.w.org\/{rel}","templated":true}]}}