{"id":13293,"date":"2026-04-17T13:39:07","date_gmt":"2026-04-17T13:39:07","guid":{"rendered":"https:\/\/www.ipleiria.pt\/estg\/?p=13293"},"modified":"2026-04-23T08:54:39","modified_gmt":"2026-04-23T08:54:39","slug":"7a-edicao-do-clube-de-debate-22-de-abril","status":"publish","type":"post","link":"https:\/\/www.ipleiria.pt\/estg\/2026\/04\/17\/7a-edicao-do-clube-de-debate-22-de-abril\/","title":{"rendered":"7\u00aa edi\u00e7\u00e3o do Clube de Debate"},"content":{"rendered":"\n<p class=\"is-style-theme-title-inherit-color\">7\u00aa edi\u00e7\u00e3o do Clube de Debate <\/p>\n\n\n\n<div class=\"wp-container-3 wp-block-columns\">\n<div class=\"wp-container-1 wp-block-column\">\n<p>Realiza-se, dia 22 de abril, pelas 15h00, a primeira sess\u00e3o da 7\u00aa edi\u00e7\u00e3o do \ud835\udc02\ud835\udc25\ud835\udc2e\ud835\udc1b\ud835\udc1e \ud835\udc1d\ud835\udc1e \ud835\udc03\ud835\udc1e\ud835\udc1b\ud835\udc1a\ud835\udc2d\ud835\udc1e. Ter\u00e1 lugar na sala D.S. 01.01, do Edif\u00edcio D.<\/p>\n<\/div>\n\n\n\n<div class=\"wp-container-2 wp-block-column\">\n<figure class=\"wp-block-image size-large\"><img loading=\"lazy\" width=\"725\" height=\"1024\" src=\"https:\/\/www.ipleiria.pt\/estg\/wp-content\/uploads\/sites\/32\/2026\/04\/CLUBE-DE-DEBATE-1a-sessao-2026.26_page-0001-725x1024.jpg\" alt=\"\" class=\"wp-image-13294\" srcset=\"https:\/\/www.ipleiria.pt\/estg\/wp-content\/uploads\/sites\/32\/2026\/04\/CLUBE-DE-DEBATE-1a-sessao-2026.26_page-0001-725x1024.jpg 725w, https:\/\/www.ipleiria.pt\/estg\/wp-content\/uploads\/sites\/32\/2026\/04\/CLUBE-DE-DEBATE-1a-sessao-2026.26_page-0001-212x300.jpg 212w, https:\/\/www.ipleiria.pt\/estg\/wp-content\/uploads\/sites\/32\/2026\/04\/CLUBE-DE-DEBATE-1a-sessao-2026.26_page-0001-768x1085.jpg 768w, https:\/\/www.ipleiria.pt\/estg\/wp-content\/uploads\/sites\/32\/2026\/04\/CLUBE-DE-DEBATE-1a-sessao-2026.26_page-0001-1087x1536.jpg 1087w, https:\/\/www.ipleiria.pt\/estg\/wp-content\/uploads\/sites\/32\/2026\/04\/CLUBE-DE-DEBATE-1a-sessao-2026.26_page-0001.jpg 1241w\" sizes=\"(max-width: 725px) 100vw, 725px\" \/><\/figure>\n<\/div>\n<\/div>\n","protected":false},"excerpt":{"rendered":"7\u00aa edi\u00e7\u00e3o do Clube de Debate Realiza-se, dia 22 de abril, pelas 15h00, a primeira sess\u00e3o da 7\u00aa edi\u00e7\u00e3o do \ud835\udc02\ud835\udc25\ud835\udc2e\ud835\udc1b\ud835\udc1e \ud835\udc1d\ud835\udc1e \ud835\udc03\ud835\udc1e\ud835\udc1b\ud835\udc1a\ud835\udc2d\ud835\udc1e. Ter\u00e1 lugar na sala D.S. 01.01, do Edif\u00edcio D.","protected":false},"author":116,"featured_media":0,"comment_status":"closed","ping_status":"closed","sticky":false,"template":"","format":"standard","meta":{"custompostfields_banners":"","custompostfields_front-page-gallery-thumbnails":"","post_post-custom-url":"","post_post-custom-url-target":""},"categories":[43,1],"tags":[],"_links":{"self":[{"href":"https:\/\/www.ipleiria.pt\/estg\/wp-json\/wp\/v2\/posts\/13293"}],"collection":[{"href":"https:\/\/www.ipleiria.pt\/estg\/wp-json\/wp\/v2\/posts"}],"about":[{"href":"https:\/\/www.ipleiria.pt\/estg\/wp-json\/wp\/v2\/types\/post"}],"author":[{"embeddable":true,"href":"https:\/\/www.ipleiria.pt\/estg\/wp-json\/wp\/v2\/users\/116"}],"replies":[{"embeddable":true,"href":"https:\/\/www.ipleiria.pt\/estg\/wp-json\/wp\/v2\/comments?post=13293"}],"version-history":[{"count":2,"href":"https:\/\/www.ipleiria.pt\/estg\/wp-json\/wp\/v2\/posts\/13293\/revisions"}],"predecessor-version":[{"id":13334,"href":"https:\/\/www.ipleiria.pt\/estg\/wp-json\/wp\/v2\/posts\/13293\/revisions\/13334"}],"wp:attachment":[{"href":"https:\/\/www.ipleiria.pt\/estg\/wp-json\/wp\/v2\/media?parent=13293"}],"wp:term":[{"taxonomy":"category","embeddable":true,"href":"https:\/\/www.ipleiria.pt\/estg\/wp-json\/wp\/v2\/categories?post=13293"},{"taxonomy":"post_tag","embeddable":true,"href":"https:\/\/www.ipleiria.pt\/estg\/wp-json\/wp\/v2\/tags?post=13293"}],"curies":[{"name":"wp","href":"https:\/\/api.w.org\/{rel}","templated":true}]}}